{"id":3339,"date":"2025-11-18T11:44:06","date_gmt":"2025-11-18T10:44:06","guid":{"rendered":"https:\/\/www.lasagadesgares.be\/wordpress\/?p=3339"},"modified":"2026-04-11T00:02:03","modified_gmt":"2026-04-10T22:02:03","slug":"yvoir","status":"publish","type":"post","link":"https:\/\/www.lasagadesgares.be\/wordpress\/yvoir\/","title":{"rendered":"La gare d\u2019Yvoir"},"content":{"rendered":"\n<figure class=\"wp-block-table\"><table class=\"has-fixed-layout\"><tbody><tr><td class=\"has-text-align-center\" data-align=\"center\"><strong>Mise en service<\/strong><\/td><td class=\"has-text-align-center\" data-align=\"center\"><strong>Fin du service voyageurs<\/strong><\/td><td class=\"has-text-align-center\" data-align=\"center\"><strong>Fin du service marchandises<\/strong><\/td><\/tr><tr><td class=\"has-text-align-center\" data-align=\"center\">05.02.1862<\/td><td class=\"has-text-align-center\" data-align=\"center\">&#8211;<\/td><td class=\"has-text-align-center\" data-align=\"center\">&#8211;<\/td><\/tr><\/tbody><\/table><\/figure>\n\n\n\n<p>Bienvenue en gare d\u2019Yvoir! Nous sommes sur la ligne 154, entre Namur et Dinant. La gare d\u2019Yvoir a \u00e9t\u00e9 mise en service le 5 f\u00e9vrier 1862 par la Compagnie du Nord-Belge sur la ligne qui faisant la jonction entre Namur et Givet (F). Elle est situ\u00e9e au km 20,1 entre Dinant et Godinne. Ici se fait la bifurcation vers la ligne 128 dite, aujourd\u2019hui, du \u00ab\u00a0Chemin de Fer du Bocq\u00a0\u00bb exploit\u00e9 depuis 1992 par le <a href=\"https:\/\/www.pfttsp.be\">Patrimoine ferroviaire et Tourisme (PFT)<\/a>. Cette ligne, ouverte le 1er juin 1907, faisait la jonction entre Ciney et Yvoir. Le \u00ab\u00a0<a href=\"https:\/\/sentiers.yvoir.be\/tunnel\">Tunnel d&rsquo;Yvoir<\/a>\u00a0\u00bb (1.050 m), jadis un des plus anciens tunnels de Belgique, se situe avant l&rsquo;entr\u00e9e en gare, en venant de la ligne 128. La carri\u00e8re d&rsquo;Yvoir, toujours en activit\u00e9, se situe au-dessus de ce tunnel. Dans le courant du mois d\u2019octobre 1940, Hitler circula avec son train sp\u00e9cial en Europe. La nuit du 2l au 22 octobre, il \u00e9tait pr\u00e9vu de l\u2019abriter dans le tunnel d\u2019Yvoir. Le tr\u00e8s long tunnel d\u2019Yvoir et toute la colline \u00e9taient consid\u00e9r\u00e9s comme un endroit strat\u00e9gique par les Allemands&#8230; Les Yvoiriens appelleront l&rsquo;endroit le \u00ab\u00a0Tunnel de Hitler\u00a0\u00bb.<\/p>\n\n\n\n<p>Un plan d&rsquo;implantation de la gare de 1958 d\u00e9crit les lieux. La gare d&rsquo;Yvoir comprenait un b\u00e2timent principal, un magasin, un quai \u00e0 bestiaux, une cour aux marchandises et deux voies de cour,  un abri \u00e0 charbon, un abri anti-a\u00e9rien, les raccordements des entreprises Tasiaux, avant la birfucation vers la ligne 128, et Dapsens, en face du b\u00e2timent des voyageurs. Une particularit\u00e9 de la gare \u00e9tait qu&rsquo;elle pouvait recevoir quatre trains alors qu&rsquo;il n&rsquo;y avait que trois quais pour les voies 1, 2 et 3.<\/p>\n\n\n\n<p>La gare d\u2019Yvoir a perdu son statut de gare de bifurcation le 31 juillet 1960, \u00e0 la fermeture du trafic des voyageurs en Ciney et Yvoir et du trafic des marchandises sur le tron\u00e7on de Evrehailles \u00e0 Yvoir.<\/p>\n\n\n\n<p>Le b\u00e2timent principal d\u2019origine, construit par la Compagnie du Nord-Belge \u00e0 l\u2019ouverture de la station, a \u00e9t\u00e9 d\u00e9truit en 1979 pour \u00eatre remplac\u00e9 par un b\u00e2timent moderne, qui est toujours celui de la gare actuelle. Les trains IC Bruxelles-Dinant furent limit\u00e9s pendant plusieurs mois, en 1979, \u00e0 la gare d\u2019Yvoir o\u00f9 un terminus provisoire fut am\u00e9nag\u00e9 en voie 3.<\/p>\n\n\n\n<p>Aujourd\u2019hui, la gare d\u2019Yvoir est desservie par des trains Intercity (IC), Ominibus (L) et d\u2019heure de pointe (P) sur la ligne 154 entre Namur, vers Bertrix et Libramont, et Dinant vers Brussels-Airport-Zaventem et Bruxelles-Midi.<\/p>\n\n\n\n<blockquote class=\"wp-block-quote is-layout-flow wp-block-quote-is-layout-flow\">\n<p><em><strong>Un investissement de 2,5 millions d\u2019euros <\/strong>a \u00e9t\u00e9 attribu\u00e9 en 2018 \u00e0 la gare d\u2019Yvoir dans le cadre du plan d&rsquo;investissement pluriannuel du rail. Un couloir sous voies a \u00e9t\u00e9 construit pour assurer la s\u00e9curit\u00e9 des voyageurs allant vers la voie 2. La SNCB a \u00e9galement construit un centre logistique situ\u00e9 sur la gauche en direction de Dinant et dont les \u00e9quipes sont charg\u00e9es de la maintenance de l&rsquo;infrastructure ferroviaire dans la r\u00e9gion. Les quais ont \u00e9t\u00e9 rehauss\u00e9s de septante-cinq centim\u00e8tres pour, notamment, faciliter l&#8217;embarquement.<\/em><\/p>\n<\/blockquote>\n\n\n\n<p><\/p>\n\n\n\n<p><strong><a href=\"https:\/\/www.yvoir.be\/ma-commune\">Commune d&rsquo;Yvoir<\/a><\/strong><\/p>\n\n\n\n<p><strong><a href=\"https:\/\/www.iledyvoir.com\/fr\/\" data-type=\"link\" data-id=\"https:\/\/www.iledyvoir.com\/fr\/\">L&rsquo;Ile d&rsquo;Yvoir<\/a><\/strong><\/p>\n\n\n\n<p><strong><a href=\"https:\/\/www.compagnieardennaisederandonnee.be\/Photos\/a2006\/YvoirTunnelBois060815\/YvoirTunnelBois060815.htm\">Yvoir, par les tunnels et les bois du Bocq<\/a><\/strong><\/p>\n\n\n\n<figure class=\"wp-block-gallery has-nested-images columns-default is-cropped wp-block-gallery-1 is-layout-flex wp-block-gallery-is-layout-flex\">\n<figure class=\"wp-block-image size-full\"><img fetchpriority=\"high\" decoding=\"async\" width=\"400\" height=\"259\" data-id=\"3340\" src=\"https:\/\/www.lasagadesgares.be\/wordpress\/wp-content\/uploads\/2025\/11\/yvoir_002-gares-belges-dautrefois.jpg\" alt=\"\" class=\"wp-image-3340\" srcset=\"https:\/\/www.lasagadesgares.be\/wordpress\/wp-content\/uploads\/2025\/11\/yvoir_002-gares-belges-dautrefois.jpg 400w, https:\/\/www.lasagadesgares.be\/wordpress\/wp-content\/uploads\/2025\/11\/yvoir_002-gares-belges-dautrefois-300x194.jpg 300w, https:\/\/www.lasagadesgares.be\/wordpress\/wp-content\/uploads\/2025\/11\/yvoir_002-gares-belges-dautrefois-1x1.jpg 1w\" sizes=\"(max-width: 400px) 100vw, 400px\" \/><\/figure>\n\n\n\n<figure class=\"wp-block-image size-large\"><img decoding=\"async\" width=\"400\" height=\"259\" data-id=\"3344\" src=\"https:\/\/www.lasagadesgares.be\/wordpress\/wp-content\/uploads\/2025\/11\/yvoir_009-gares-belges-dautrefois.jpg\" alt=\"\" class=\"wp-image-3344\" srcset=\"https:\/\/www.lasagadesgares.be\/wordpress\/wp-content\/uploads\/2025\/11\/yvoir_009-gares-belges-dautrefois.jpg 400w, https:\/\/www.lasagadesgares.be\/wordpress\/wp-content\/uploads\/2025\/11\/yvoir_009-gares-belges-dautrefois-300x194.jpg 300w, https:\/\/www.lasagadesgares.be\/wordpress\/wp-content\/uploads\/2025\/11\/yvoir_009-gares-belges-dautrefois-1x1.jpg 1w\" sizes=\"(max-width: 400px) 100vw, 400px\" \/><\/figure>\n\n\n\n<figure class=\"wp-block-image size-large\"><img decoding=\"async\" width=\"400\" height=\"282\" data-id=\"3347\" src=\"https:\/\/www.lasagadesgares.be\/wordpress\/wp-content\/uploads\/2025\/11\/yvoir_011.jpg\" alt=\"\" class=\"wp-image-3347\" srcset=\"https:\/\/www.lasagadesgares.be\/wordpress\/wp-content\/uploads\/2025\/11\/yvoir_011.jpg 400w, https:\/\/www.lasagadesgares.be\/wordpress\/wp-content\/uploads\/2025\/11\/yvoir_011-300x212.jpg 300w, https:\/\/www.lasagadesgares.be\/wordpress\/wp-content\/uploads\/2025\/11\/yvoir_011-1x1.jpg 1w\" sizes=\"(max-width: 400px) 100vw, 400px\" \/><\/figure>\n\n\n\n<figure class=\"wp-block-image size-large\"><img loading=\"lazy\" decoding=\"async\" width=\"400\" height=\"245\" data-id=\"3346\" src=\"https:\/\/www.lasagadesgares.be\/wordpress\/wp-content\/uploads\/2025\/11\/yvoir_013.jpg\" alt=\"\" class=\"wp-image-3346\" srcset=\"https:\/\/www.lasagadesgares.be\/wordpress\/wp-content\/uploads\/2025\/11\/yvoir_013.jpg 400w, https:\/\/www.lasagadesgares.be\/wordpress\/wp-content\/uploads\/2025\/11\/yvoir_013-300x184.jpg 300w, https:\/\/www.lasagadesgares.be\/wordpress\/wp-content\/uploads\/2025\/11\/yvoir_013-1x1.jpg 1w\" sizes=\"(max-width: 400px) 100vw, 400px\" \/><\/figure>\n\n\n\n<figure class=\"wp-block-image size-large\"><img loading=\"lazy\" decoding=\"async\" width=\"400\" height=\"251\" data-id=\"3345\" src=\"https:\/\/www.lasagadesgares.be\/wordpress\/wp-content\/uploads\/2025\/11\/yvoir_014.jpg\" alt=\"\" class=\"wp-image-3345\" srcset=\"https:\/\/www.lasagadesgares.be\/wordpress\/wp-content\/uploads\/2025\/11\/yvoir_014.jpg 400w, https:\/\/www.lasagadesgares.be\/wordpress\/wp-content\/uploads\/2025\/11\/yvoir_014-300x188.jpg 300w, https:\/\/www.lasagadesgares.be\/wordpress\/wp-content\/uploads\/2025\/11\/yvoir_014-1x1.jpg 1w\" sizes=\"(max-width: 400px) 100vw, 400px\" \/><\/figure>\n\n\n\n<figure class=\"wp-block-image size-large\"><img loading=\"lazy\" decoding=\"async\" width=\"400\" height=\"258\" data-id=\"3343\" src=\"https:\/\/www.lasagadesgares.be\/wordpress\/wp-content\/uploads\/2025\/11\/yvoir_008-gares-belges-dautrefois.jpg\" alt=\"\" class=\"wp-image-3343\" srcset=\"https:\/\/www.lasagadesgares.be\/wordpress\/wp-content\/uploads\/2025\/11\/yvoir_008-gares-belges-dautrefois.jpg 400w, https:\/\/www.lasagadesgares.be\/wordpress\/wp-content\/uploads\/2025\/11\/yvoir_008-gares-belges-dautrefois-300x194.jpg 300w, https:\/\/www.lasagadesgares.be\/wordpress\/wp-content\/uploads\/2025\/11\/yvoir_008-gares-belges-dautrefois-1x1.jpg 1w\" sizes=\"(max-width: 400px) 100vw, 400px\" \/><\/figure>\n\n\n\n<figure class=\"wp-block-image size-large\"><img loading=\"lazy\" decoding=\"async\" width=\"400\" height=\"300\" data-id=\"3348\" src=\"https:\/\/www.lasagadesgares.be\/wordpress\/wp-content\/uploads\/2025\/11\/yvoir_008.jpg\" alt=\"\" class=\"wp-image-3348\" srcset=\"https:\/\/www.lasagadesgares.be\/wordpress\/wp-content\/uploads\/2025\/11\/yvoir_008.jpg 400w, https:\/\/www.lasagadesgares.be\/wordpress\/wp-content\/uploads\/2025\/11\/yvoir_008-300x225.jpg 300w, https:\/\/www.lasagadesgares.be\/wordpress\/wp-content\/uploads\/2025\/11\/yvoir_008-1x1.jpg 1w\" sizes=\"(max-width: 400px) 100vw, 400px\" \/><\/figure>\n\n\n\n<figure class=\"wp-block-image size-large\"><img loading=\"lazy\" decoding=\"async\" width=\"400\" height=\"246\" data-id=\"3341\" src=\"https:\/\/www.lasagadesgares.be\/wordpress\/wp-content\/uploads\/2025\/11\/yvoir_003-gares-belges-dautrefois.jpg\" alt=\"\" class=\"wp-image-3341\" srcset=\"https:\/\/www.lasagadesgares.be\/wordpress\/wp-content\/uploads\/2025\/11\/yvoir_003-gares-belges-dautrefois.jpg 400w, https:\/\/www.lasagadesgares.be\/wordpress\/wp-content\/uploads\/2025\/11\/yvoir_003-gares-belges-dautrefois-300x185.jpg 300w, https:\/\/www.lasagadesgares.be\/wordpress\/wp-content\/uploads\/2025\/11\/yvoir_003-gares-belges-dautrefois-1x1.jpg 1w\" sizes=\"(max-width: 400px) 100vw, 400px\" \/><\/figure>\n<\/figure>\n\n\n\n<figure class=\"wp-block-table is-style-regular\"><table><tbody><tr><td><strong>Sites \u00e0 consulter<\/strong><\/td><td><a href=\"https:\/\/www.garesbelges.be\/yvoir.htm\">Gares belges d&rsquo;autrefois<\/a><\/td><\/tr><tr><td><\/td><td><a href=\"https:\/\/www.railstation.be\/gare-dyvoir\/\">RailStation<\/a><\/td><\/tr><tr><td><\/td><td><a href=\"https:\/\/fr.wikipedia.org\/wiki\/Gare_d%27Yvoir\">Wikipedia FR<\/a><\/td><\/tr><tr><td><\/td><td><a href=\"https:\/\/nl.wikipedia.org\/wiki\/Station_Yvoir\">Wikipedia NL<\/a><\/td><\/tr><tr><td><\/td><td><a href=\"https:\/\/spoorweggeschiedenis.quartam.on-rev.com\/sthpa.lc?type=dat&amp;id=2119\">Spoorweggeschidenis JP Schenkel<\/a><\/td><\/tr><\/tbody><\/table><\/figure>\n\n\n\n<p><\/p>\n","protected":false},"excerpt":{"rendered":"<p>Mise en service Fin du service voyageurs Fin du service marchandises 05.02.1862 &#8211; &#8211; Bienvenue en gare d\u2019Yvoir! Nous sommes sur la ligne 154, entre Namur et Dinant. La gare d\u2019Yvoir a \u00e9t\u00e9 mise en service le 5 f\u00e9vrier 1862 par la Compagnie du Nord-Belge sur la ligne qui faisant la jonction entre Namur et [&hellip;]<\/p>\n","protected":false},"author":1,"featured_media":3340,"comment_status":"closed","ping_status":"open","sticky":false,"template":"","format":"standard","meta":{"footnotes":""},"categories":[33,44,75],"tags":[],"class_list":["post-3339","post","type-post","status-publish","format-standard","has-post-thumbnail","hentry","category-accueil","category-ligne-154","category-qrcode"],"_links":{"self":[{"href":"https:\/\/www.lasagadesgares.be\/wordpress\/wp-json\/wp\/v2\/posts\/3339","targetHints":{"allow":["GET"]}}],"collection":[{"href":"https:\/\/www.lasagadesgares.be\/wordpress\/wp-json\/wp\/v2\/posts"}],"about":[{"href":"https:\/\/www.lasagadesgares.be\/wordpress\/wp-json\/wp\/v2\/types\/post"}],"author":[{"embeddable":true,"href":"https:\/\/www.lasagadesgares.be\/wordpress\/wp-json\/wp\/v2\/users\/1"}],"replies":[{"embeddable":true,"href":"https:\/\/www.lasagadesgares.be\/wordpress\/wp-json\/wp\/v2\/comments?post=3339"}],"version-history":[{"count":3,"href":"https:\/\/www.lasagadesgares.be\/wordpress\/wp-json\/wp\/v2\/posts\/3339\/revisions"}],"predecessor-version":[{"id":9161,"href":"https:\/\/www.lasagadesgares.be\/wordpress\/wp-json\/wp\/v2\/posts\/3339\/revisions\/9161"}],"wp:featuredmedia":[{"embeddable":true,"href":"https:\/\/www.lasagadesgares.be\/wordpress\/wp-json\/wp\/v2\/media\/3340"}],"wp:attachment":[{"href":"https:\/\/www.lasagadesgares.be\/wordpress\/wp-json\/wp\/v2\/media?parent=3339"}],"wp:term":[{"taxonomy":"category","embeddable":true,"href":"https:\/\/www.lasagadesgares.be\/wordpress\/wp-json\/wp\/v2\/categories?post=3339"},{"taxonomy":"post_tag","embeddable":true,"href":"https:\/\/www.lasagadesgares.be\/wordpress\/wp-json\/wp\/v2\/tags?post=3339"}],"curies":[{"name":"wp","href":"https:\/\/api.w.org\/{rel}","templated":true}]}}