{"id":3214,"date":"2025-11-16T17:27:12","date_gmt":"2025-11-16T16:27:12","guid":{"rendered":"https:\/\/www.lasagadesgares.be\/wordpress\/?p=3214"},"modified":"2026-01-10T11:52:18","modified_gmt":"2026-01-10T10:52:18","slug":"ligne-124-couleurs","status":"publish","type":"post","link":"https:\/\/www.lasagadesgares.be\/wordpress\/ligne-124-couleurs\/","title":{"rendered":"Les gares de la ligne 124 prennent des couleurs"},"content":{"rendered":"\n<p><strong>Le <em>street art <\/em>embellit les armoires techniques dans 5 gares le long de la ligne 124!<\/strong> Dans cinq gares longeant la ligne 124, des artistes professionnels ont, \u00e0 la demande de la SNCB, d\u00e9cor\u00e9 les armoires techniques avec des \u0153uvres de street art. Il s&rsquo;agit au total de dix-neuf armoires, dans les gares d\u2019Uccle-Calevoet, Linkebeek, Holleken, Rhode-Saint-Gen\u00e8se et De Hoek. Pour ce projet, la SNCB a collabor\u00e9 avec Treepack, un collectif belge d\u2019artistes sp\u00e9cialis\u00e9 dans les fresques murales publiques.<br>Par cette initiative, la SNCB souhaite proposer une alternative positive au vandalisme et aux graffitis ill\u00e9gaux. Chaque ann\u00e9e, la SNCB est confront\u00e9e \u00e0 des co\u00fbts \u00e9lev\u00e9s li\u00e9s au nettoyage des graffitis. En misant sur des projets artistiques l\u00e9gaux et de qualit\u00e9, la SNCB cr\u00e9e un environnement plus agr\u00e9able pour les voyageurs, le personnel et les riverains, tout en renfor\u00e7ant le sentiment de s\u00e9curit\u00e9.<br>La r\u00e9alisation de ce projet a \u00e9t\u00e9 confi\u00e9e au collectif Treepack, sp\u00e9cialis\u00e9 dans les fresques murales publiques. Ce projet illustre la mani\u00e8re dont le street art peut avoir un impact non seulement esth\u00e9tique, mais aussi soci\u00e9tal. La collaboration entre les artistes, les pouvoirs publics et les entreprises apporte une r\u00e9ponse durable \u00e0 un d\u00e9fi urbain : la lutte contre le vandalisme en misant sur l&rsquo;art.<br>Ces derni\u00e8res ann\u00e9es, la SNCB a fait r\u00e9aliser de nouvelles \u0153uvres d&rsquo;art dans plusieurs gares de Bruxelles et ses environs. Il s&rsquo;agissait non seulement d&rsquo;armoires \u00e9lectriques, mais aussi de couloirs sous voies ou de murs le long des quais. <em>(Source Texte et Photos SNCB)<\/em><\/p>\n\n\n\n<p><\/p>\n\n\n\n<blockquote class=\"wp-block-quote is-layout-flow wp-block-quote-is-layout-flow\">\n<p>La ligne 124 d\u2019Infrabel (55,9 km) fait la jonction entre Bruxelles-Midi et Charleroi-Central. C\u2019est un des principaux axes ferroviaires du r\u00e9seau belge qui a connu ses grandes heures au XXe si\u00e8cle avec le florissant bassin industriel de Charleroi qui \u00e9coulait sa production vers le port d\u2019Anvers par cet axe. La ligne 124 a \u00e9t\u00e9 mise en service entre 1843 et 1874 par les Chemins de Fer de l\u2019Etat belge. Elle a \u00e9t\u00e9 \u00e9lectrifi\u00e9e en 1949.<br>L&rsquo;\u00c9tat belge a confi\u00e9 \u00e0 la SNCB, au d\u00e9but des ann\u00e9es 2000, la mise en \u0153uvre d&rsquo;un <strong>\u00ab\u00a0R\u00e9seau Express r\u00e9gional (RER)\u00a0\u00bb<\/strong> autour de Bruxelles. Le tron\u00e7on nord de la ligne (entre Y Linkebeek, au sud de Bruxelles \u00e0 la jonction avec la ligne 26, et Nivelles) doit ainsi \u00eatre port\u00e9 \u00e0 4 voies afin de d\u00e9coupler les trains rapides des trains RER \u00e0 haute fr\u00e9quence et qui feront de nombreux arr\u00eats. Au d\u00e9but octobre 2025, Linkebeek et Infrabel ont conclu un moratoire levant un blocage de 20 ans, permettant d\u2019achever la ligne RER Bruxelles-Nivelles.<br><br><em><strong>Les gares et points d&rsquo;arr\u00eat de la ligne 124<\/strong> &#8211; Bruxelles-Midi &#8211; Forest-Est &#8211; Uccle Stalle &#8211; Uccle Kalevoet \u2013 Linkebeek \u2013 Holleken &#8211; Rhodes-Sainte-Gen\u00e8se &#8211; De Hoek \u2013 Waterloo &#8211; Braine-l&rsquo;Alleud \u2013 Lillois \u2013 Baulers \u2013 Nivelles &#8211; Bois-de-Nivelles &#8211; Obaix-Buzet \u2013 Luttre &#8211; La Chauss\u00e9e &#8211; Courcelles-Mott \u2013 Monceau &#8211; Marchienne-au-Pont &#8211; Marchienne-Est &#8211; La Vilette \u2013 Marchienne -Charleroi-Sud.<\/em><\/p>\n<\/blockquote>\n\n\n\n<figure class=\"wp-block-gallery has-nested-images columns-default is-cropped wp-block-gallery-1 is-layout-flex wp-block-gallery-is-layout-flex\">\n<figure class=\"wp-block-image size-large\"><img fetchpriority=\"high\" decoding=\"async\" width=\"245\" height=\"400\" data-id=\"3222\" src=\"https:\/\/www.lasagadesgares.be\/wordpress\/wp-content\/uploads\/2025\/11\/Ukkel-Kalevoet11.webp\" alt=\"\" class=\"wp-image-3222\" srcset=\"https:\/\/www.lasagadesgares.be\/wordpress\/wp-content\/uploads\/2025\/11\/Ukkel-Kalevoet11.webp 245w, https:\/\/www.lasagadesgares.be\/wordpress\/wp-content\/uploads\/2025\/11\/Ukkel-Kalevoet11-184x300.webp 184w, https:\/\/www.lasagadesgares.be\/wordpress\/wp-content\/uploads\/2025\/11\/Ukkel-Kalevoet11-1x2.webp 1w\" sizes=\"(max-width: 245px) 100vw, 245px\" \/><\/figure>\n\n\n\n<figure class=\"wp-block-image size-large\"><img decoding=\"async\" width=\"1200\" height=\"1435\" data-id=\"3218\" src=\"https:\/\/www.lasagadesgares.be\/wordpress\/wp-content\/uploads\/2025\/11\/Linkebeek-na.avif\" alt=\"\" class=\"wp-image-3218\"\/><\/figure>\n\n\n\n<figure class=\"wp-block-image size-large\"><img decoding=\"async\" width=\"1200\" height=\"1456\" data-id=\"3215\" src=\"https:\/\/www.lasagadesgares.be\/wordpress\/wp-content\/uploads\/2025\/11\/De-Hoek-perron-1.avif\" alt=\"\" class=\"wp-image-3215\"\/><\/figure>\n\n\n\n<figure class=\"wp-block-image size-large\"><img loading=\"lazy\" decoding=\"async\" width=\"1200\" height=\"734\" data-id=\"3219\" src=\"https:\/\/www.lasagadesgares.be\/wordpress\/wp-content\/uploads\/2025\/11\/Ruisbroek.avif\" alt=\"\" class=\"wp-image-3219\"\/><\/figure>\n\n\n\n<figure class=\"wp-block-image size-large\"><img loading=\"lazy\" decoding=\"async\" width=\"1200\" height=\"705\" data-id=\"3221\" src=\"https:\/\/www.lasagadesgares.be\/wordpress\/wp-content\/uploads\/2025\/11\/Tunnel-Buizingen.avif\" alt=\"\" class=\"wp-image-3221\"\/><\/figure>\n\n\n\n<figure class=\"wp-block-image size-large\"><img loading=\"lazy\" decoding=\"async\" width=\"1200\" height=\"708\" data-id=\"3220\" src=\"https:\/\/www.lasagadesgares.be\/wordpress\/wp-content\/uploads\/2025\/11\/Sint-Agatha-Berchem.avif\" alt=\"\" class=\"wp-image-3220\"\/><\/figure>\n\n\n\n<figure class=\"wp-block-image size-large\"><img loading=\"lazy\" decoding=\"async\" width=\"1200\" height=\"711\" data-id=\"3217\" src=\"https:\/\/www.lasagadesgares.be\/wordpress\/wp-content\/uploads\/2025\/11\/Lembeek.avif\" alt=\"\" class=\"wp-image-3217\"\/><\/figure>\n\n\n\n<figure class=\"wp-block-image size-large\"><img loading=\"lazy\" decoding=\"async\" width=\"1200\" height=\"782\" data-id=\"3216\" src=\"https:\/\/www.lasagadesgares.be\/wordpress\/wp-content\/uploads\/2025\/11\/Holleken-na.avif\" alt=\"\" class=\"wp-image-3216\"\/><\/figure>\n\n\n\n<figure data-wp-context=\"{&quot;imageId&quot;:&quot;69ec4ec200081&quot;}\" data-wp-interactive=\"core\/image\" data-wp-key=\"69ec4ec200081\" class=\"wp-block-image size-large wp-lightbox-container\"><img loading=\"lazy\" decoding=\"async\" width=\"400\" height=\"351\" data-wp-class--hide=\"state.isContentHidden\" data-wp-class--show=\"state.isContentVisible\" data-wp-init=\"callbacks.setButtonStyles\" data-wp-on--click=\"actions.showLightbox\" data-wp-on--load=\"callbacks.setButtonStyles\" data-wp-on-window--resize=\"callbacks.setButtonStyles\" data-id=\"3232\" src=\"https:\/\/www.lasagadesgares.be\/wordpress\/wp-content\/uploads\/2025\/11\/relations_rer.gif\" alt=\"\" class=\"wp-image-3232\"\/><button\n\t\t\tclass=\"lightbox-trigger\"\n\t\t\ttype=\"button\"\n\t\t\taria-haspopup=\"dialog\"\n\t\t\taria-label=\"Agrandir\"\n\t\t\tdata-wp-init=\"callbacks.initTriggerButton\"\n\t\t\tdata-wp-on--click=\"actions.showLightbox\"\n\t\t\tdata-wp-style--right=\"state.imageButtonRight\"\n\t\t\tdata-wp-style--top=\"state.imageButtonTop\"\n\t\t>\n\t\t\t<svg xmlns=\"http:\/\/www.w3.org\/2000\/svg\" width=\"12\" height=\"12\" fill=\"none\" viewBox=\"0 0 12 12\">\n\t\t\t\t<path fill=\"#fff\" d=\"M2 0a2 2 0 0 0-2 2v2h1.5V2a.5.5 0 0 1 .5-.5h2V0H2Zm2 10.5H2a.5.5 0 0 1-.5-.5V8H0v2a2 2 0 0 0 2 2h2v-1.5ZM8 12v-1.5h2a.5.5 0 0 0 .5-.5V8H12v2a2 2 0 0 1-2 2H8Zm2-12a2 2 0 0 1 2 2v2h-1.5V2a.5.5 0 0 0-.5-.5H8V0h2Z\" \/>\n\t\t\t<\/svg>\n\t\t<\/button><\/figure>\n<\/figure>\n","protected":false},"excerpt":{"rendered":"<p>Le street art embellit les armoires techniques dans 5 gares le long de la ligne 124! Dans cinq gares longeant la ligne 124, des artistes professionnels ont, \u00e0 la demande de la SNCB, d\u00e9cor\u00e9 les armoires techniques avec des \u0153uvres de street art. Il s&rsquo;agit au total de dix-neuf armoires, dans les gares d\u2019Uccle-Calevoet, Linkebeek, [&hellip;]<\/p>\n","protected":false},"author":1,"featured_media":3221,"comment_status":"closed","ping_status":"open","sticky":false,"template":"","format":"standard","meta":{"footnotes":""},"categories":[33,79],"tags":[],"class_list":["post-3214","post","type-post","status-publish","format-standard","has-post-thumbnail","hentry","category-accueil","category-ligne-124"],"_links":{"self":[{"href":"https:\/\/www.lasagadesgares.be\/wordpress\/wp-json\/wp\/v2\/posts\/3214","targetHints":{"allow":["GET"]}}],"collection":[{"href":"https:\/\/www.lasagadesgares.be\/wordpress\/wp-json\/wp\/v2\/posts"}],"about":[{"href":"https:\/\/www.lasagadesgares.be\/wordpress\/wp-json\/wp\/v2\/types\/post"}],"author":[{"embeddable":true,"href":"https:\/\/www.lasagadesgares.be\/wordpress\/wp-json\/wp\/v2\/users\/1"}],"replies":[{"embeddable":true,"href":"https:\/\/www.lasagadesgares.be\/wordpress\/wp-json\/wp\/v2\/comments?post=3214"}],"version-history":[{"count":8,"href":"https:\/\/www.lasagadesgares.be\/wordpress\/wp-json\/wp\/v2\/posts\/3214\/revisions"}],"predecessor-version":[{"id":3419,"href":"https:\/\/www.lasagadesgares.be\/wordpress\/wp-json\/wp\/v2\/posts\/3214\/revisions\/3419"}],"wp:featuredmedia":[{"embeddable":true,"href":"https:\/\/www.lasagadesgares.be\/wordpress\/wp-json\/wp\/v2\/media\/3221"}],"wp:attachment":[{"href":"https:\/\/www.lasagadesgares.be\/wordpress\/wp-json\/wp\/v2\/media?parent=3214"}],"wp:term":[{"taxonomy":"category","embeddable":true,"href":"https:\/\/www.lasagadesgares.be\/wordpress\/wp-json\/wp\/v2\/categories?post=3214"},{"taxonomy":"post_tag","embeddable":true,"href":"https:\/\/www.lasagadesgares.be\/wordpress\/wp-json\/wp\/v2\/tags?post=3214"}],"curies":[{"name":"wp","href":"https:\/\/api.w.org\/{rel}","templated":true}]}}