{"id":3166,"date":"2025-11-15T09:54:41","date_gmt":"2025-11-15T08:54:41","guid":{"rendered":"https:\/\/www.lasagadesgares.be\/wordpress\/?p=3166"},"modified":"2025-11-25T13:38:23","modified_gmt":"2025-11-25T12:38:23","slug":"frasnes-lez-couvin","status":"publish","type":"post","link":"https:\/\/www.lasagadesgares.be\/wordpress\/frasnes-lez-couvin\/","title":{"rendered":"La gare de Frasnes-Lez-Couvin"},"content":{"rendered":"\n<p>Bienvenue en gare de Frasnes-Lez-Couvin! Nous sommes au point kilom\u00e9trique 3 km de la petite ligne 134 (5,5 km) de l&rsquo;Entre-Sambre-et-Meuse entre Mariembourg et Couvin. L&rsquo;axe fut mis en service le 15 ao\u00fbt 1854 par la Compagnie priv\u00e9e de l&rsquo;Entre-Sambre-et-Meuse et nationalis\u00e9 le 1er janvier 1897.<\/p>\n\n\n\n<p>La gare fut \u00e9quip\u00e9e d&rsquo;un b\u00e2timent important construit en pierres avec une partie centrale \u00e0 \u00e9tage et deux ailes. On y trouvait la salle d&rsquo;attente, le bureaux des recettes proprement dit, la salle \u00e0 manger et la cuisine du chef de gare, qui disposait \u00e9galement d&rsquo;un petit jardin dans le prolongement du b\u00e2timent. La voie unique de la ligne 134 s&rsquo;ouvrait, en venant de Mariembourg, sur une voie en cul-de-sac et sur un raccordement industriel qui devait desservir les Fonderies du Lion voisines.<\/p>\n\n\n\n<p>Les trains de voyageurs ont cess\u00e9 de s&rsquo;arr\u00eater \u00e0 Frasnes-Lez-Couvin le 17 octobre 1954. La b\u00e2timent de la gare est devenu un habitation priv\u00e9e qui fut occup\u00e9 jusqu&rsquo;en 2015-2016 avant d&rsquo;\u00eatre d\u00e9moli en f\u00e9vrier 2017 dans le cadre du remplacement du passage \u00e0 niveau de E420 (ex-N5) en tunnel.<\/p>\n\n\n\n<p><strong><a href=\"https:\/\/tourisme-couvin.be\/villages\/frasnes-lez-couvin\/\">Le tourisme \u00e0 Frasnes-Lez-Couvin<\/a><\/strong><\/p>\n\n\n\n<p><strong><a href=\"https:\/\/www.couvin.be\/\">Commune de Couvin<\/a><\/strong><\/p>\n\n\n\n<figure class=\"wp-block-gallery has-nested-images columns-default is-cropped wp-block-gallery-1 is-layout-flex wp-block-gallery-is-layout-flex\">\n<figure class=\"wp-block-image size-large\"><img fetchpriority=\"high\" decoding=\"async\" width=\"400\" height=\"257\" data-id=\"3167\" src=\"https:\/\/www.lasagadesgares.be\/wordpress\/wp-content\/uploads\/2025\/11\/Frasnes-lez-Couvin-1920.jpg\" alt=\"\" class=\"wp-image-3167\" srcset=\"https:\/\/www.lasagadesgares.be\/wordpress\/wp-content\/uploads\/2025\/11\/Frasnes-lez-Couvin-1920.jpg 400w, https:\/\/www.lasagadesgares.be\/wordpress\/wp-content\/uploads\/2025\/11\/Frasnes-lez-Couvin-1920-300x193.jpg 300w, https:\/\/www.lasagadesgares.be\/wordpress\/wp-content\/uploads\/2025\/11\/Frasnes-lez-Couvin-1920-1x1.jpg 1w\" sizes=\"(max-width: 400px) 100vw, 400px\" \/><\/figure>\n\n\n\n<figure class=\"wp-block-image size-large\"><img decoding=\"async\" width=\"400\" height=\"300\" data-id=\"3169\" src=\"https:\/\/www.lasagadesgares.be\/wordpress\/wp-content\/uploads\/2025\/11\/frasnes_lez_couvin_001.jpg\" alt=\"\" class=\"wp-image-3169\" srcset=\"https:\/\/www.lasagadesgares.be\/wordpress\/wp-content\/uploads\/2025\/11\/frasnes_lez_couvin_001.jpg 400w, https:\/\/www.lasagadesgares.be\/wordpress\/wp-content\/uploads\/2025\/11\/frasnes_lez_couvin_001-300x225.jpg 300w, https:\/\/www.lasagadesgares.be\/wordpress\/wp-content\/uploads\/2025\/11\/frasnes_lez_couvin_001-1x1.jpg 1w\" sizes=\"(max-width: 400px) 100vw, 400px\" \/><\/figure>\n<\/figure>\n","protected":false},"excerpt":{"rendered":"<p>Bienvenue en gare de Frasnes-Lez-Couvin! Nous sommes au point kilom\u00e9trique 3 km de la petite ligne 134 (5,5 km) de l&rsquo;Entre-Sambre-et-Meuse entre Mariembourg et Couvin. L&rsquo;axe fut mis en service le 15 ao\u00fbt 1854 par la Compagnie priv\u00e9e de l&rsquo;Entre-Sambre-et-Meuse et nationalis\u00e9 le 1er janvier 1897. La gare fut \u00e9quip\u00e9e d&rsquo;un b\u00e2timent important construit en [&hellip;]<\/p>\n","protected":false},"author":1,"featured_media":3167,"comment_status":"closed","ping_status":"open","sticky":false,"template":"","format":"standard","meta":{"footnotes":""},"categories":[48],"tags":[],"class_list":["post-3166","post","type-post","status-publish","format-standard","has-post-thumbnail","hentry","category-ligne-134"],"_links":{"self":[{"href":"https:\/\/www.lasagadesgares.be\/wordpress\/wp-json\/wp\/v2\/posts\/3166","targetHints":{"allow":["GET"]}}],"collection":[{"href":"https:\/\/www.lasagadesgares.be\/wordpress\/wp-json\/wp\/v2\/posts"}],"about":[{"href":"https:\/\/www.lasagadesgares.be\/wordpress\/wp-json\/wp\/v2\/types\/post"}],"author":[{"embeddable":true,"href":"https:\/\/www.lasagadesgares.be\/wordpress\/wp-json\/wp\/v2\/users\/1"}],"replies":[{"embeddable":true,"href":"https:\/\/www.lasagadesgares.be\/wordpress\/wp-json\/wp\/v2\/comments?post=3166"}],"version-history":[{"count":3,"href":"https:\/\/www.lasagadesgares.be\/wordpress\/wp-json\/wp\/v2\/posts\/3166\/revisions"}],"predecessor-version":[{"id":3333,"href":"https:\/\/www.lasagadesgares.be\/wordpress\/wp-json\/wp\/v2\/posts\/3166\/revisions\/3333"}],"wp:featuredmedia":[{"embeddable":true,"href":"https:\/\/www.lasagadesgares.be\/wordpress\/wp-json\/wp\/v2\/media\/3167"}],"wp:attachment":[{"href":"https:\/\/www.lasagadesgares.be\/wordpress\/wp-json\/wp\/v2\/media?parent=3166"}],"wp:term":[{"taxonomy":"category","embeddable":true,"href":"https:\/\/www.lasagadesgares.be\/wordpress\/wp-json\/wp\/v2\/categories?post=3166"},{"taxonomy":"post_tag","embeddable":true,"href":"https:\/\/www.lasagadesgares.be\/wordpress\/wp-json\/wp\/v2\/tags?post=3166"}],"curies":[{"name":"wp","href":"https:\/\/api.w.org\/{rel}","templated":true}]}}