{"id":3158,"date":"2025-11-14T21:38:39","date_gmt":"2025-11-14T20:38:39","guid":{"rendered":"https:\/\/www.lasagadesgares.be\/wordpress\/?p=3158"},"modified":"2026-02-10T15:26:24","modified_gmt":"2026-02-10T14:26:24","slug":"lessines-carrieres","status":"publish","type":"post","link":"https:\/\/www.lasagadesgares.be\/wordpress\/lessines-carrieres\/","title":{"rendered":"La gare de Lessines-Carri\u00e8res"},"content":{"rendered":"\n<p>La gare \u00ab\u00a0semi-industrielle\u00a0\u00bb de Lessines-Carri\u00e8res, situ\u00e9e sur la ligne 87 de Tournai \u00e0 Bassily, via Renaix, a \u00e9t\u00e9 mise en service en juin 1881. Elle \u00e9tait \u00e9quip\u00e9e d\u2019un quai pour les voyageurs, ferm\u00e9 en ao\u00fbt 1960, avant d\u2019entrer dans le faisceau des marchandises et produits des carri\u00e8res. La gare de Lessines-Carri\u00e8res fut \u00e9quip\u00e9e d\u2019un b\u00e2timent des recettes en 1882. Ce b\u00e2timent \u00e9tait situ\u00e9 tout pr\u00e8s du passage \u00e0 niveau n\u00b08 de la Chauss\u00e9e de Ghislenghien \u00e0 Lessines. La gare \u00e9tait \u00e9galement \u00e9quip\u00e9e, selon des plans des ann\u00e9es 20, d\u2019autres petits b\u00e2timents techniques, comme une cave \u00e0 p\u00e9trole et une cave \u00e0 charbon.<\/p>\n\n\n\n<p>Il faut savoir qu\u2019\u00e0 Lessines et dans ses environs, les carri\u00e8res n&rsquo;avaient pas attendu l&rsquo;arriv\u00e9e du rail pour se d\u00e9velopper. On y exploitait d\u00e9j\u00e0 le porphyre d\u00e8s le Moyen-Age. Les progr\u00e8s techniques en mati\u00e8re d&rsquo;extraction puis l&rsquo;apparition de nouveaux moyens de transports ont donn\u00e9 un fameux coup de fouet aux carriers locaux. D\u00e8s 1833, la carri\u00e8re \u00ab\u00a0Tacquenier\u00a0\u00bb utilisait une machine \u00e0 vapeur afin de remonter les blocs, charg\u00e9s sur des wagonnets, le long d&rsquo;impressionnants plans inclin\u00e9s. En 1839, la carri\u00e8re Gosez installa une voie \u00e9troite (type \u00ab\u00a0Decauville\u00a0\u00bb) afin de relier son site d&rsquo;exploitation \u00e0 la Dendre. En 1855, la mise en service de la ligne Ath-Grammont enverra les pav\u00e9s lessinois partout en Belgique et m\u00eame \u00e0 l&rsquo;\u00e9tranger! Les produits des carri\u00e8res pass\u00e8rent par la suite par la gare de formation de \u00ab\u00a0Lessines-Carri\u00e8res\u00a0\u00bb avec ses 6, 9 puis 13 voies de triage\u2026<\/p>\n\n\n\n<p><strong><a href=\"https:\/\/www.lasagadesgares.be\/wordpress\/lessines\/\">Histoire de la gare de Lessines<\/a><\/strong><\/p>\n","protected":false},"excerpt":{"rendered":"<p>La gare \u00ab\u00a0semi-industrielle\u00a0\u00bb de Lessines-Carri\u00e8res, situ\u00e9e sur la ligne 87 de Tournai \u00e0 Bassily, via Renaix, a \u00e9t\u00e9 mise en service en juin 1881. Elle \u00e9tait \u00e9quip\u00e9e d\u2019un quai pour les voyageurs, ferm\u00e9 en ao\u00fbt 1960, avant d\u2019entrer dans le faisceau des marchandises et produits des carri\u00e8res. La gare de Lessines-Carri\u00e8res fut \u00e9quip\u00e9e d\u2019un b\u00e2timent [&hellip;]<\/p>\n","protected":false},"author":5,"featured_media":7475,"comment_status":"closed","ping_status":"open","sticky":false,"template":"","format":"standard","meta":{"footnotes":""},"categories":[51,19],"tags":[],"class_list":["post-3158","post","type-post","status-publish","format-standard","has-post-thumbnail","hentry","category-en-construction","category-ligne-087"],"_links":{"self":[{"href":"https:\/\/www.lasagadesgares.be\/wordpress\/wp-json\/wp\/v2\/posts\/3158","targetHints":{"allow":["GET"]}}],"collection":[{"href":"https:\/\/www.lasagadesgares.be\/wordpress\/wp-json\/wp\/v2\/posts"}],"about":[{"href":"https:\/\/www.lasagadesgares.be\/wordpress\/wp-json\/wp\/v2\/types\/post"}],"author":[{"embeddable":true,"href":"https:\/\/www.lasagadesgares.be\/wordpress\/wp-json\/wp\/v2\/users\/5"}],"replies":[{"embeddable":true,"href":"https:\/\/www.lasagadesgares.be\/wordpress\/wp-json\/wp\/v2\/comments?post=3158"}],"version-history":[{"count":3,"href":"https:\/\/www.lasagadesgares.be\/wordpress\/wp-json\/wp\/v2\/posts\/3158\/revisions"}],"predecessor-version":[{"id":7479,"href":"https:\/\/www.lasagadesgares.be\/wordpress\/wp-json\/wp\/v2\/posts\/3158\/revisions\/7479"}],"wp:featuredmedia":[{"embeddable":true,"href":"https:\/\/www.lasagadesgares.be\/wordpress\/wp-json\/wp\/v2\/media\/7475"}],"wp:attachment":[{"href":"https:\/\/www.lasagadesgares.be\/wordpress\/wp-json\/wp\/v2\/media?parent=3158"}],"wp:term":[{"taxonomy":"category","embeddable":true,"href":"https:\/\/www.lasagadesgares.be\/wordpress\/wp-json\/wp\/v2\/categories?post=3158"},{"taxonomy":"post_tag","embeddable":true,"href":"https:\/\/www.lasagadesgares.be\/wordpress\/wp-json\/wp\/v2\/tags?post=3158"}],"curies":[{"name":"wp","href":"https:\/\/api.w.org\/{rel}","templated":true}]}}