{"id":3077,"date":"2025-11-13T20:28:58","date_gmt":"2025-11-13T19:28:58","guid":{"rendered":"https:\/\/www.lasagadesgares.be\/wordpress\/?p=3077"},"modified":"2026-02-17T13:49:55","modified_gmt":"2026-02-17T12:49:55","slug":"papignies","status":"publish","type":"post","link":"https:\/\/www.lasagadesgares.be\/wordpress\/papignies\/","title":{"rendered":"La gare de Papignies"},"content":{"rendered":"\n<p>La gare de Papignies a \u00e9t\u00e9 mise en service sur la ligne 90 le 1er d\u00e9cembre 1855 par la Compagnie du Chemin de Fer de Dendre-et-Waes et de Bruxelles vers Gand par Alost, qui a confi\u00e9 son exploitation \u00e0 l&rsquo;administration des chemins de fer de l&rsquo;\u00c9tat-Belge. Le b\u00e2timent principal, \u0153uvre de l\u2019architecte Jean-Pierre Cluysenaar comme les autres gares de la ligne, \u00e9tait une construction rectangulaire \u00e0 4 trav\u00e9es avec \u00e9tage et une petite annexe \u00e0 toit plat. Les installations comprenaient, outre 2 voies \u00e0 quai pour les voyageurs, une cour \u00e0 2 voies.<\/p>\n\n\n\n<p>Le b\u00e2timent principal a \u00e9t\u00e9 d\u00e9moli vers 1980 et les installations simplifi\u00e9es. Il ne subsiste que les 2 voies \u00e0 quai avec abris et la maisonnette du garde-barri\u00e8re au passage \u00e0 niveau.<\/p>\n\n\n\n<figure class=\"wp-block-gallery has-nested-images columns-default is-cropped wp-block-gallery-1 is-layout-flex wp-block-gallery-is-layout-flex\">\n<figure class=\"wp-block-image size-large\"><img fetchpriority=\"high\" decoding=\"async\" width=\"400\" height=\"267\" data-id=\"7830\" src=\"https:\/\/www.lasagadesgares.be\/wordpress\/wp-content\/uploads\/2025\/11\/Papignies-01-gares-belges-Copie.png\" alt=\"\" class=\"wp-image-7830\" srcset=\"https:\/\/www.lasagadesgares.be\/wordpress\/wp-content\/uploads\/2025\/11\/Papignies-01-gares-belges-Copie.png 400w, https:\/\/www.lasagadesgares.be\/wordpress\/wp-content\/uploads\/2025\/11\/Papignies-01-gares-belges-Copie-300x200.png 300w, https:\/\/www.lasagadesgares.be\/wordpress\/wp-content\/uploads\/2025\/11\/Papignies-01-gares-belges-Copie-1x1.png 1w\" sizes=\"(max-width: 400px) 100vw, 400px\" \/><\/figure>\n\n\n\n<figure class=\"wp-block-image size-large\"><img decoding=\"async\" width=\"400\" height=\"254\" data-id=\"7831\" src=\"https:\/\/www.lasagadesgares.be\/wordpress\/wp-content\/uploads\/2025\/11\/Papignies-02-gares-belges-Copie.jpg\" alt=\"\" class=\"wp-image-7831\" srcset=\"https:\/\/www.lasagadesgares.be\/wordpress\/wp-content\/uploads\/2025\/11\/Papignies-02-gares-belges-Copie.jpg 400w, https:\/\/www.lasagadesgares.be\/wordpress\/wp-content\/uploads\/2025\/11\/Papignies-02-gares-belges-Copie-300x191.jpg 300w, https:\/\/www.lasagadesgares.be\/wordpress\/wp-content\/uploads\/2025\/11\/Papignies-02-gares-belges-Copie-1x1.jpg 1w\" sizes=\"(max-width: 400px) 100vw, 400px\" \/><\/figure>\n\n\n\n<figure class=\"wp-block-image size-large\"><img decoding=\"async\" width=\"400\" height=\"262\" data-id=\"7832\" src=\"https:\/\/www.lasagadesgares.be\/wordpress\/wp-content\/uploads\/2025\/11\/Papignies-04-Thierri-Heylens.jpg\" alt=\"\" class=\"wp-image-7832\" srcset=\"https:\/\/www.lasagadesgares.be\/wordpress\/wp-content\/uploads\/2025\/11\/Papignies-04-Thierri-Heylens.jpg 400w, https:\/\/www.lasagadesgares.be\/wordpress\/wp-content\/uploads\/2025\/11\/Papignies-04-Thierri-Heylens-300x197.jpg 300w, https:\/\/www.lasagadesgares.be\/wordpress\/wp-content\/uploads\/2025\/11\/Papignies-04-Thierri-Heylens-1x1.jpg 1w\" sizes=\"(max-width: 400px) 100vw, 400px\" \/><\/figure>\n\n\n\n<figure class=\"wp-block-image size-large\"><img loading=\"lazy\" decoding=\"async\" width=\"400\" height=\"265\" data-id=\"7833\" src=\"https:\/\/www.lasagadesgares.be\/wordpress\/wp-content\/uploads\/2025\/11\/Papignies-07-C-Quistwater.jpg\" alt=\"\" class=\"wp-image-7833\" srcset=\"https:\/\/www.lasagadesgares.be\/wordpress\/wp-content\/uploads\/2025\/11\/Papignies-07-C-Quistwater.jpg 400w, https:\/\/www.lasagadesgares.be\/wordpress\/wp-content\/uploads\/2025\/11\/Papignies-07-C-Quistwater-300x199.jpg 300w, https:\/\/www.lasagadesgares.be\/wordpress\/wp-content\/uploads\/2025\/11\/Papignies-07-C-Quistwater-1x1.jpg 1w\" sizes=\"(max-width: 400px) 100vw, 400px\" \/><\/figure>\n<\/figure>\n","protected":false},"excerpt":{"rendered":"<p>La gare de Papignies a \u00e9t\u00e9 mise en service sur la ligne 90 le 1er d\u00e9cembre 1855 par la Compagnie du Chemin de Fer de Dendre-et-Waes et de Bruxelles vers Gand par Alost, qui a confi\u00e9 son exploitation \u00e0 l&rsquo;administration des chemins de fer de l&rsquo;\u00c9tat-Belge. Le b\u00e2timent principal, \u0153uvre de l\u2019architecte Jean-Pierre Cluysenaar comme [&hellip;]<\/p>\n","protected":false},"author":5,"featured_media":7830,"comment_status":"closed","ping_status":"open","sticky":false,"template":"","format":"standard","meta":{"footnotes":""},"categories":[8],"tags":[],"class_list":["post-3077","post","type-post","status-publish","format-standard","has-post-thumbnail","hentry","category-ligne-090"],"_links":{"self":[{"href":"https:\/\/www.lasagadesgares.be\/wordpress\/wp-json\/wp\/v2\/posts\/3077","targetHints":{"allow":["GET"]}}],"collection":[{"href":"https:\/\/www.lasagadesgares.be\/wordpress\/wp-json\/wp\/v2\/posts"}],"about":[{"href":"https:\/\/www.lasagadesgares.be\/wordpress\/wp-json\/wp\/v2\/types\/post"}],"author":[{"embeddable":true,"href":"https:\/\/www.lasagadesgares.be\/wordpress\/wp-json\/wp\/v2\/users\/5"}],"replies":[{"embeddable":true,"href":"https:\/\/www.lasagadesgares.be\/wordpress\/wp-json\/wp\/v2\/comments?post=3077"}],"version-history":[{"count":2,"href":"https:\/\/www.lasagadesgares.be\/wordpress\/wp-json\/wp\/v2\/posts\/3077\/revisions"}],"predecessor-version":[{"id":7834,"href":"https:\/\/www.lasagadesgares.be\/wordpress\/wp-json\/wp\/v2\/posts\/3077\/revisions\/7834"}],"wp:featuredmedia":[{"embeddable":true,"href":"https:\/\/www.lasagadesgares.be\/wordpress\/wp-json\/wp\/v2\/media\/7830"}],"wp:attachment":[{"href":"https:\/\/www.lasagadesgares.be\/wordpress\/wp-json\/wp\/v2\/media?parent=3077"}],"wp:term":[{"taxonomy":"category","embeddable":true,"href":"https:\/\/www.lasagadesgares.be\/wordpress\/wp-json\/wp\/v2\/categories?post=3077"},{"taxonomy":"post_tag","embeddable":true,"href":"https:\/\/www.lasagadesgares.be\/wordpress\/wp-json\/wp\/v2\/tags?post=3077"}],"curies":[{"name":"wp","href":"https:\/\/api.w.org\/{rel}","templated":true}]}}