{"id":2790,"date":"2025-11-10T11:55:43","date_gmt":"2025-11-10T10:55:43","guid":{"rendered":"https:\/\/www.lasagadesgares.be\/wordpress\/?p=2790"},"modified":"2025-12-24T18:19:52","modified_gmt":"2025-12-24T17:19:52","slug":"ath","status":"publish","type":"post","link":"https:\/\/www.lasagadesgares.be\/wordpress\/ath\/","title":{"rendered":"La gare d&rsquo;Ath et sa p\u00e9tillante histoire"},"content":{"rendered":"\n<p><strong>Bienvenue en gare d\u2019Ath! Nous sommes \u00e0 la bifurcation des lignes Infrabel 90, de Denderleeuw \u00e0 Jurbise, et 94, de Hal \u00e0 la fronti\u00e8re fran\u00e7aise via Froyenne. La gare d\u2019Ath est situ\u00e9e au point kilom\u00e9trique 40,1 de Denderleeuw et 15,6 de Jurbise, sur la ligne 90, entre les gares de Rebaix et de Maffle.<\/strong><\/p>\n\n\n\n<p id=\"block-efb5a230-7c0b-4f93-9d56-d9da6749fa93\">La station d\u2019Ath fut mise en service le 11 novembre 1848 par les Chemins de fer de l\u2019Etat lorsque s\u2019ouvre l\u2019exploitation de la ligne ferroviaire entre Tournai et Ath, et entre Ath et Maffle. Cette ligne avait \u00e9t\u00e9 construite par la Compagnie du Chemin de Fer de Tournai \u00e0 Jurbise, concession accord\u00e9e par la loi du 16 mai 1845. Les travaux n\u00e9cessit\u00e8rent de percer les fortifications encore en place \u00e0 l\u2019\u00e9poque.<\/p>\n\n\n\n<p id=\"block-97e30337-f02b-4060-b632-3d4839f7c9df\">La station d\u2019Ath devint une gare de bifurcation le 9 avril 1855 lorsque la Compagnie du Chemin de Fer Dendre-et-Waes ouvrit \u00e0 l\u2019exploitation la section d\u2019Ath \u00e0 Grammont, qui sera prolong\u00e9e vers Denderleeuw et Bruxelles. La premi\u00e8re remise \u00e0 locomotives d\u2019Ath date de cette \u00e9poque. C\u2019est ensuite l\u2019Etat belge qui reprendra l\u2019exploitation de cette ligne. Le 1<sup>er<\/sup> janvier 1866, c\u2019est la section entre Hal et Ath, construite par la Soci\u00e9t\u00e9 anonyme du Chemin de Fer direct de Bruxelles \u00e0 Lille pour le compte de l\u2019Etat belge qui s\u2019ouvre \u00e0 la circulation. Par la suite, l\u2019Etat rach\u00e8tera les lignes conc\u00e9d\u00e9es \u00e0 des soci\u00e9t\u00e9s priv\u00e9es.<\/p>\n\n\n\n<p id=\"block-e000164b-77ba-4565-b85c-676779eca920\">La ligne entre Ath-Maffle et Saint-Ghislain par Chi\u00e8vres fut inaugur\u00e9e le 9 novembre 1879. Cette ligne \u00e9tait surtout destin\u00e9e au trafic des charbonnages du Borinage vers la Flandre vers Audenaerde et Courtrai. Une seconde ligne vit le jour pour desservir les petites localit\u00e9s d\u00e9laiss\u00e9es par la ligne pr\u00e9c\u00e9dente, entre Ath et Blaton: cet axe fut ouvert de bout en bout le 21 juin 1877. Cette ligne \u00e0 vocation rurale fut ensuite prolong\u00e9e vers Bernissart, ce qui permit aussi un trafic charbonnier en provenance des mines autour de Bernissart.<\/p>\n\n\n\n<p id=\"block-693e9303-5143-4673-be30-1ae7feffec98\">Un projet de nouvelle gare, pour remplacer la premi\u00e8re devenue trop exigu\u00eb, commen\u00e7a \u00e0 prendre forme au d\u00e9but de 1882, un projet qui imposait l\u2019acquisition de nouvelles parcelles. Les plans de la nouvelle gare furent con\u00e7us par l\u2019architecte bruxellois A. Trappeniers, \u00e9l\u00e8ve de Cluysenaar: elle fut imagin\u00e9e dans le style Renaissance flamande, d\u00e9veloppant 70 m\u00e8tres de fa\u00e7ade. Ce projet fut finalement remplac\u00e9 par celui de l\u2019architecte GF. De Blieck qui avait pr\u00e9sent\u00e9 une vision un peu plus modeste d\u2019une de style plus n\u00e9o-gothique. Les travaux d\u00e9but\u00e8rent en 1889.<\/p>\n\n\n\n<p id=\"block-87db4be4-d499-426e-bfc2-fe616fbfd39d\">Le site de la nouvelle gare constituait ainsi un ensemble comprenant la halle aux marchandises (1887), le b\u00e2timent des recettes (f\u00e9vrier 1892), le b\u00e2timent des postes et t\u00e9l\u00e9graphes (1887), une chaufferie (1891), la maison du chef de gare (1888). De l\u2019autre c\u00f4t\u00e9 des voies, on trouvait la nouvelle remise \u00e0 locomotives (1885) qui rempla\u00e7ait l\u2019ancienne infrastructure ferm\u00e9e en d\u00e9cembre 1875, le mat\u00e9riel roulant ayant alors \u00e9t\u00e9 transf\u00e9r\u00e9 \u00e0 Mons et \u00e0 Tournai. L\u2019horloge de la nouvelle gare fut install\u00e9e au d\u00e9but de l\u2019ann\u00e9e 1893, une verri\u00e8re contre la gare couvrant partiellement la voie 1 fut construite en 1904. Ath devint ensuite, en 1896, une gare vicinale avec les lignes vers Flobecq et Frasnes.<\/p>\n\n\n\n<p id=\"block-ace7ae59-14c8-46da-b66f-a2590c64582c\">Les installations de la gare furent fortement endommag\u00e9es pendant la premi\u00e8re guerre mondiale. Un viaduc visant \u00e0 faciliter l\u2019acc\u00e8s en ville, fut construit en 1933 pour remplacer les deux passages \u00e0 niveau sur les lignes 90 et 94. Ce pont sera lui-m\u00eame d\u00e9moli en 1992 et remplac\u00e9 par un passage sous voies.<\/p>\n\n\n\n<p id=\"block-7daaa08f-2b18-4e3e-a3dd-ab8e09399a99\">Plusieurs entreprises furent connect\u00e9e \u00e0 la gare d\u2019Ath qui comprenait encore en 1949 de nombreux raccordements, notamment des Ets Carton, des Ets Carlier, de Carlier-Gorts, des Ets Descamps, des Ets Cambier, des Ets Lhoir, de la SA La Floridienne, des Ets Rasse, des Entrep\u00f4ts et Sucrerie. Tous ces raccordement ont disparu aujourd\u2019hui.<\/p>\n\n\n\n<p id=\"block-e2a9f561-9cb5-49b6-99e6-c76f7d04ad0b\">La are d\u2019Ath pr\u00e9sente aujourd\u2019hui le b\u00e2timent principal des ann\u00e9es 1880; la halle aux marchandises a \u00e9t\u00e9 remplac\u00e9e par une gare d\u2019autobus, le bureau de poste est devenu l\u2019h\u00f4tel de police, la chaufferie et la maison du chef de gare ont \u00e9t\u00e9 d\u00e9molies. L\u2019ancienne remise aux locomotives est devenue un b\u00e2timent communal et une ressourcerie. Le faisceau de voies a \u00e9t\u00e9 fortement r\u00e9duit pour faire place \u00e0 un vaste parking.<\/p>\n\n\n\n<p><strong><a href=\"https:\/\/www.lasagadesgares.be\/wordpress\/la-gare-dath-et-sa-petillante-histoire\/\">L&rsquo;histoire de la gare d&rsquo;Ath en long et en large<\/a><\/strong><\/p>\n\n\n\n<p><strong><a href=\"https:\/\/www.ath.be\/\">Ville d&rsquo;Ath<\/a><\/strong><\/p>\n\n\n\n<p><strong><a href=\"https:\/\/visitwallonia.be\/fr-be\/content\/folklore-des-geants-ath-la-ducasse-dath\">Le folklore des G\u00e9ants d&rsquo;Ath<\/a><\/strong><\/p>\n\n\n\n<p><strong><a href=\"https:\/\/visitath.be\/\" data-type=\"link\" data-id=\"https:\/\/visitath.be\/\">Le tourisme et les balades au Pays d&rsquo;Ath<\/a><\/strong><\/p>\n\n\n\n<figure class=\"wp-block-gallery has-nested-images columns-default is-cropped wp-block-gallery-1 is-layout-flex wp-block-gallery-is-layout-flex\">\n<figure data-wp-context=\"{&quot;imageId&quot;:&quot;69ec702d570a9&quot;}\" data-wp-interactive=\"core\/image\" data-wp-key=\"69ec702d570a9\" class=\"wp-block-image size-large wp-lightbox-container\"><img fetchpriority=\"high\" decoding=\"async\" width=\"400\" height=\"266\" data-wp-class--hide=\"state.isContentHidden\" data-wp-class--show=\"state.isContentVisible\" data-wp-init=\"callbacks.setButtonStyles\" data-wp-on--click=\"actions.showLightbox\" data-wp-on--load=\"callbacks.setButtonStyles\" data-wp-on-window--resize=\"callbacks.setButtonStyles\" data-id=\"3937\" src=\"https:\/\/www.lasagadesgares.be\/wordpress\/wp-content\/uploads\/2025\/11\/Ath-G4705.jpg\" alt=\"\" class=\"wp-image-3937\" srcset=\"https:\/\/www.lasagadesgares.be\/wordpress\/wp-content\/uploads\/2025\/11\/Ath-G4705.jpg 400w, https:\/\/www.lasagadesgares.be\/wordpress\/wp-content\/uploads\/2025\/11\/Ath-G4705-300x200.jpg 300w, https:\/\/www.lasagadesgares.be\/wordpress\/wp-content\/uploads\/2025\/11\/Ath-G4705-1x1.jpg 1w\" sizes=\"(max-width: 400px) 100vw, 400px\" \/><button\n\t\t\tclass=\"lightbox-trigger\"\n\t\t\ttype=\"button\"\n\t\t\taria-haspopup=\"dialog\"\n\t\t\taria-label=\"Agrandir\"\n\t\t\tdata-wp-init=\"callbacks.initTriggerButton\"\n\t\t\tdata-wp-on--click=\"actions.showLightbox\"\n\t\t\tdata-wp-style--right=\"state.imageButtonRight\"\n\t\t\tdata-wp-style--top=\"state.imageButtonTop\"\n\t\t>\n\t\t\t<svg xmlns=\"http:\/\/www.w3.org\/2000\/svg\" width=\"12\" height=\"12\" fill=\"none\" viewBox=\"0 0 12 12\">\n\t\t\t\t<path fill=\"#fff\" d=\"M2 0a2 2 0 0 0-2 2v2h1.5V2a.5.5 0 0 1 .5-.5h2V0H2Zm2 10.5H2a.5.5 0 0 1-.5-.5V8H0v2a2 2 0 0 0 2 2h2v-1.5ZM8 12v-1.5h2a.5.5 0 0 0 .5-.5V8H12v2a2 2 0 0 1-2 2H8Zm2-12a2 2 0 0 1 2 2v2h-1.5V2a.5.5 0 0 0-.5-.5H8V0h2Z\" \/>\n\t\t\t<\/svg>\n\t\t<\/button><\/figure>\n\n\n\n<figure data-wp-context=\"{&quot;imageId&quot;:&quot;69ec702d574d7&quot;}\" data-wp-interactive=\"core\/image\" data-wp-key=\"69ec702d574d7\" class=\"wp-block-image size-large wp-lightbox-container\"><img decoding=\"async\" width=\"392\" height=\"400\" data-wp-class--hide=\"state.isContentHidden\" data-wp-class--show=\"state.isContentVisible\" data-wp-init=\"callbacks.setButtonStyles\" data-wp-on--click=\"actions.showLightbox\" data-wp-on--load=\"callbacks.setButtonStyles\" data-wp-on-window--resize=\"callbacks.setButtonStyles\" data-id=\"3936\" src=\"https:\/\/www.lasagadesgares.be\/wordpress\/wp-content\/uploads\/2025\/11\/Ath-SNCB-Z11283I-5.jpg\" alt=\"\" class=\"wp-image-3936\" srcset=\"https:\/\/www.lasagadesgares.be\/wordpress\/wp-content\/uploads\/2025\/11\/Ath-SNCB-Z11283I-5.jpg 392w, https:\/\/www.lasagadesgares.be\/wordpress\/wp-content\/uploads\/2025\/11\/Ath-SNCB-Z11283I-5-294x300.jpg 294w, https:\/\/www.lasagadesgares.be\/wordpress\/wp-content\/uploads\/2025\/11\/Ath-SNCB-Z11283I-5-1x1.jpg 1w\" sizes=\"(max-width: 392px) 100vw, 392px\" \/><button\n\t\t\tclass=\"lightbox-trigger\"\n\t\t\ttype=\"button\"\n\t\t\taria-haspopup=\"dialog\"\n\t\t\taria-label=\"Agrandir\"\n\t\t\tdata-wp-init=\"callbacks.initTriggerButton\"\n\t\t\tdata-wp-on--click=\"actions.showLightbox\"\n\t\t\tdata-wp-style--right=\"state.imageButtonRight\"\n\t\t\tdata-wp-style--top=\"state.imageButtonTop\"\n\t\t>\n\t\t\t<svg xmlns=\"http:\/\/www.w3.org\/2000\/svg\" width=\"12\" height=\"12\" fill=\"none\" viewBox=\"0 0 12 12\">\n\t\t\t\t<path fill=\"#fff\" d=\"M2 0a2 2 0 0 0-2 2v2h1.5V2a.5.5 0 0 1 .5-.5h2V0H2Zm2 10.5H2a.5.5 0 0 1-.5-.5V8H0v2a2 2 0 0 0 2 2h2v-1.5ZM8 12v-1.5h2a.5.5 0 0 0 .5-.5V8H12v2a2 2 0 0 1-2 2H8Zm2-12a2 2 0 0 1 2 2v2h-1.5V2a.5.5 0 0 0-.5-.5H8V0h2Z\" \/>\n\t\t\t<\/svg>\n\t\t<\/button><\/figure>\n\n\n\n<figure data-wp-context=\"{&quot;imageId&quot;:&quot;69ec702d5783c&quot;}\" data-wp-interactive=\"core\/image\" data-wp-key=\"69ec702d5783c\" class=\"wp-block-image size-large wp-lightbox-container\"><img decoding=\"async\" width=\"400\" height=\"257\" data-wp-class--hide=\"state.isContentHidden\" data-wp-class--show=\"state.isContentVisible\" data-wp-init=\"callbacks.setButtonStyles\" data-wp-on--click=\"actions.showLightbox\" data-wp-on--load=\"callbacks.setButtonStyles\" data-wp-on-window--resize=\"callbacks.setButtonStyles\" data-id=\"3935\" src=\"https:\/\/www.lasagadesgares.be\/wordpress\/wp-content\/uploads\/2025\/11\/ATH-17-02-1913-1.jpg\" alt=\"\" class=\"wp-image-3935\" srcset=\"https:\/\/www.lasagadesgares.be\/wordpress\/wp-content\/uploads\/2025\/11\/ATH-17-02-1913-1.jpg 400w, https:\/\/www.lasagadesgares.be\/wordpress\/wp-content\/uploads\/2025\/11\/ATH-17-02-1913-1-300x193.jpg 300w, https:\/\/www.lasagadesgares.be\/wordpress\/wp-content\/uploads\/2025\/11\/ATH-17-02-1913-1-1x1.jpg 1w\" sizes=\"(max-width: 400px) 100vw, 400px\" \/><button\n\t\t\tclass=\"lightbox-trigger\"\n\t\t\ttype=\"button\"\n\t\t\taria-haspopup=\"dialog\"\n\t\t\taria-label=\"Agrandir\"\n\t\t\tdata-wp-init=\"callbacks.initTriggerButton\"\n\t\t\tdata-wp-on--click=\"actions.showLightbox\"\n\t\t\tdata-wp-style--right=\"state.imageButtonRight\"\n\t\t\tdata-wp-style--top=\"state.imageButtonTop\"\n\t\t>\n\t\t\t<svg xmlns=\"http:\/\/www.w3.org\/2000\/svg\" width=\"12\" height=\"12\" fill=\"none\" viewBox=\"0 0 12 12\">\n\t\t\t\t<path fill=\"#fff\" d=\"M2 0a2 2 0 0 0-2 2v2h1.5V2a.5.5 0 0 1 .5-.5h2V0H2Zm2 10.5H2a.5.5 0 0 1-.5-.5V8H0v2a2 2 0 0 0 2 2h2v-1.5ZM8 12v-1.5h2a.5.5 0 0 0 .5-.5V8H12v2a2 2 0 0 1-2 2H8Zm2-12a2 2 0 0 1 2 2v2h-1.5V2a.5.5 0 0 0-.5-.5H8V0h2Z\" \/>\n\t\t\t<\/svg>\n\t\t<\/button><\/figure>\n\n\n\n<figure data-wp-context=\"{&quot;imageId&quot;:&quot;69ec702d57c45&quot;}\" data-wp-interactive=\"core\/image\" data-wp-key=\"69ec702d57c45\" class=\"wp-block-image size-large wp-lightbox-container\"><img loading=\"lazy\" decoding=\"async\" width=\"400\" height=\"265\" data-wp-class--hide=\"state.isContentHidden\" data-wp-class--show=\"state.isContentVisible\" data-wp-init=\"callbacks.setButtonStyles\" data-wp-on--click=\"actions.showLightbox\" data-wp-on--load=\"callbacks.setButtonStyles\" data-wp-on-window--resize=\"callbacks.setButtonStyles\" data-id=\"3938\" src=\"https:\/\/www.lasagadesgares.be\/wordpress\/wp-content\/uploads\/2025\/11\/Ath-Baudouin-Dieu-1.jpg\" alt=\"\" class=\"wp-image-3938\" srcset=\"https:\/\/www.lasagadesgares.be\/wordpress\/wp-content\/uploads\/2025\/11\/Ath-Baudouin-Dieu-1.jpg 400w, https:\/\/www.lasagadesgares.be\/wordpress\/wp-content\/uploads\/2025\/11\/Ath-Baudouin-Dieu-1-300x199.jpg 300w, https:\/\/www.lasagadesgares.be\/wordpress\/wp-content\/uploads\/2025\/11\/Ath-Baudouin-Dieu-1-1x1.jpg 1w\" sizes=\"(max-width: 400px) 100vw, 400px\" \/><button\n\t\t\tclass=\"lightbox-trigger\"\n\t\t\ttype=\"button\"\n\t\t\taria-haspopup=\"dialog\"\n\t\t\taria-label=\"Agrandir\"\n\t\t\tdata-wp-init=\"callbacks.initTriggerButton\"\n\t\t\tdata-wp-on--click=\"actions.showLightbox\"\n\t\t\tdata-wp-style--right=\"state.imageButtonRight\"\n\t\t\tdata-wp-style--top=\"state.imageButtonTop\"\n\t\t>\n\t\t\t<svg xmlns=\"http:\/\/www.w3.org\/2000\/svg\" width=\"12\" height=\"12\" fill=\"none\" viewBox=\"0 0 12 12\">\n\t\t\t\t<path fill=\"#fff\" d=\"M2 0a2 2 0 0 0-2 2v2h1.5V2a.5.5 0 0 1 .5-.5h2V0H2Zm2 10.5H2a.5.5 0 0 1-.5-.5V8H0v2a2 2 0 0 0 2 2h2v-1.5ZM8 12v-1.5h2a.5.5 0 0 0 .5-.5V8H12v2a2 2 0 0 1-2 2H8Zm2-12a2 2 0 0 1 2 2v2h-1.5V2a.5.5 0 0 0-.5-.5H8V0h2Z\" \/>\n\t\t\t<\/svg>\n\t\t<\/button><\/figure>\n\n\n\n<figure data-wp-context=\"{&quot;imageId&quot;:&quot;69ec702d57fee&quot;}\" data-wp-interactive=\"core\/image\" data-wp-key=\"69ec702d57fee\" class=\"wp-block-image size-large wp-lightbox-container\"><img loading=\"lazy\" decoding=\"async\" width=\"400\" height=\"247\" data-wp-class--hide=\"state.isContentHidden\" data-wp-class--show=\"state.isContentVisible\" data-wp-init=\"callbacks.setButtonStyles\" data-wp-on--click=\"actions.showLightbox\" data-wp-on--load=\"callbacks.setButtonStyles\" data-wp-on-window--resize=\"callbacks.setButtonStyles\" data-id=\"3934\" src=\"https:\/\/www.lasagadesgares.be\/wordpress\/wp-content\/uploads\/2025\/11\/ATH.jpg\" alt=\"\" class=\"wp-image-3934\" srcset=\"https:\/\/www.lasagadesgares.be\/wordpress\/wp-content\/uploads\/2025\/11\/ATH.jpg 400w, https:\/\/www.lasagadesgares.be\/wordpress\/wp-content\/uploads\/2025\/11\/ATH-300x185.jpg 300w, https:\/\/www.lasagadesgares.be\/wordpress\/wp-content\/uploads\/2025\/11\/ATH-1x1.jpg 1w\" sizes=\"(max-width: 400px) 100vw, 400px\" \/><button\n\t\t\tclass=\"lightbox-trigger\"\n\t\t\ttype=\"button\"\n\t\t\taria-haspopup=\"dialog\"\n\t\t\taria-label=\"Agrandir\"\n\t\t\tdata-wp-init=\"callbacks.initTriggerButton\"\n\t\t\tdata-wp-on--click=\"actions.showLightbox\"\n\t\t\tdata-wp-style--right=\"state.imageButtonRight\"\n\t\t\tdata-wp-style--top=\"state.imageButtonTop\"\n\t\t>\n\t\t\t<svg xmlns=\"http:\/\/www.w3.org\/2000\/svg\" width=\"12\" height=\"12\" fill=\"none\" viewBox=\"0 0 12 12\">\n\t\t\t\t<path fill=\"#fff\" d=\"M2 0a2 2 0 0 0-2 2v2h1.5V2a.5.5 0 0 1 .5-.5h2V0H2Zm2 10.5H2a.5.5 0 0 1-.5-.5V8H0v2a2 2 0 0 0 2 2h2v-1.5ZM8 12v-1.5h2a.5.5 0 0 0 .5-.5V8H12v2a2 2 0 0 1-2 2H8Zm2-12a2 2 0 0 1 2 2v2h-1.5V2a.5.5 0 0 0-.5-.5H8V0h2Z\" \/>\n\t\t\t<\/svg>\n\t\t<\/button><\/figure>\n\n\n\n<figure data-wp-context=\"{&quot;imageId&quot;:&quot;69ec702d58325&quot;}\" data-wp-interactive=\"core\/image\" data-wp-key=\"69ec702d58325\" class=\"wp-block-image size-large wp-lightbox-container\"><img loading=\"lazy\" decoding=\"async\" width=\"299\" height=\"400\" data-wp-class--hide=\"state.isContentHidden\" data-wp-class--show=\"state.isContentVisible\" data-wp-init=\"callbacks.setButtonStyles\" data-wp-on--click=\"actions.showLightbox\" data-wp-on--load=\"callbacks.setButtonStyles\" data-wp-on-window--resize=\"callbacks.setButtonStyles\" data-id=\"3933\" src=\"https:\/\/www.lasagadesgares.be\/wordpress\/wp-content\/uploads\/2025\/11\/ath_gare_actuelle_facade.jpg\" alt=\"\" class=\"wp-image-3933\" srcset=\"https:\/\/www.lasagadesgares.be\/wordpress\/wp-content\/uploads\/2025\/11\/ath_gare_actuelle_facade.jpg 299w, https:\/\/www.lasagadesgares.be\/wordpress\/wp-content\/uploads\/2025\/11\/ath_gare_actuelle_facade-224x300.jpg 224w, https:\/\/www.lasagadesgares.be\/wordpress\/wp-content\/uploads\/2025\/11\/ath_gare_actuelle_facade-1x1.jpg 1w\" sizes=\"(max-width: 299px) 100vw, 299px\" \/><button\n\t\t\tclass=\"lightbox-trigger\"\n\t\t\ttype=\"button\"\n\t\t\taria-haspopup=\"dialog\"\n\t\t\taria-label=\"Agrandir\"\n\t\t\tdata-wp-init=\"callbacks.initTriggerButton\"\n\t\t\tdata-wp-on--click=\"actions.showLightbox\"\n\t\t\tdata-wp-style--right=\"state.imageButtonRight\"\n\t\t\tdata-wp-style--top=\"state.imageButtonTop\"\n\t\t>\n\t\t\t<svg xmlns=\"http:\/\/www.w3.org\/2000\/svg\" width=\"12\" height=\"12\" fill=\"none\" viewBox=\"0 0 12 12\">\n\t\t\t\t<path fill=\"#fff\" d=\"M2 0a2 2 0 0 0-2 2v2h1.5V2a.5.5 0 0 1 .5-.5h2V0H2Zm2 10.5H2a.5.5 0 0 1-.5-.5V8H0v2a2 2 0 0 0 2 2h2v-1.5ZM8 12v-1.5h2a.5.5 0 0 0 .5-.5V8H12v2a2 2 0 0 1-2 2H8Zm2-12a2 2 0 0 1 2 2v2h-1.5V2a.5.5 0 0 0-.5-.5H8V0h2Z\" \/>\n\t\t\t<\/svg>\n\t\t<\/button><figcaption class=\"wp-element-caption\">Ath, la gare d&rsquo;aujourd&rsquo;hui, \u00e0 la fa\u00e7ade monumentale en briques rouges et pierres bleues de Maffle.<\/figcaption><\/figure>\n<\/figure>\n","protected":false},"excerpt":{"rendered":"<p>Bienvenue en gare d\u2019Ath! Nous sommes \u00e0 la bifurcation des lignes Infrabel 90, de Denderleeuw \u00e0 Jurbise, et 94, de Hal \u00e0 la fronti\u00e8re fran\u00e7aise via Froyenne. La gare d\u2019Ath est situ\u00e9e au point kilom\u00e9trique 40,1 de Denderleeuw et 15,6 de Jurbise, sur la ligne 90, entre les gares de Rebaix et de Maffle. La [&hellip;]<\/p>\n","protected":false},"author":6,"featured_media":3880,"comment_status":"closed","ping_status":"open","sticky":false,"template":"","format":"standard","meta":{"footnotes":""},"categories":[33,70,8,50,60],"tags":[],"class_list":["post-2790","post","type-post","status-publish","format-standard","has-post-thumbnail","hentry","category-accueil","category-ligne-287","category-ligne-090","category-ligne-090c","category-ligne-094"],"_links":{"self":[{"href":"https:\/\/www.lasagadesgares.be\/wordpress\/wp-json\/wp\/v2\/posts\/2790","targetHints":{"allow":["GET"]}}],"collection":[{"href":"https:\/\/www.lasagadesgares.be\/wordpress\/wp-json\/wp\/v2\/posts"}],"about":[{"href":"https:\/\/www.lasagadesgares.be\/wordpress\/wp-json\/wp\/v2\/types\/post"}],"author":[{"embeddable":true,"href":"https:\/\/www.lasagadesgares.be\/wordpress\/wp-json\/wp\/v2\/users\/6"}],"replies":[{"embeddable":true,"href":"https:\/\/www.lasagadesgares.be\/wordpress\/wp-json\/wp\/v2\/comments?post=2790"}],"version-history":[{"count":5,"href":"https:\/\/www.lasagadesgares.be\/wordpress\/wp-json\/wp\/v2\/posts\/2790\/revisions"}],"predecessor-version":[{"id":5779,"href":"https:\/\/www.lasagadesgares.be\/wordpress\/wp-json\/wp\/v2\/posts\/2790\/revisions\/5779"}],"wp:featuredmedia":[{"embeddable":true,"href":"https:\/\/www.lasagadesgares.be\/wordpress\/wp-json\/wp\/v2\/media\/3880"}],"wp:attachment":[{"href":"https:\/\/www.lasagadesgares.be\/wordpress\/wp-json\/wp\/v2\/media?parent=2790"}],"wp:term":[{"taxonomy":"category","embeddable":true,"href":"https:\/\/www.lasagadesgares.be\/wordpress\/wp-json\/wp\/v2\/categories?post=2790"},{"taxonomy":"post_tag","embeddable":true,"href":"https:\/\/www.lasagadesgares.be\/wordpress\/wp-json\/wp\/v2\/tags?post=2790"}],"curies":[{"name":"wp","href":"https:\/\/api.w.org\/{rel}","templated":true}]}}