{"id":2736,"date":"2025-11-09T10:00:22","date_gmt":"2025-11-09T09:00:22","guid":{"rendered":"https:\/\/www.lasagadesgares.be\/wordpress\/?p=2736"},"modified":"2025-11-15T10:10:16","modified_gmt":"2025-11-15T09:10:16","slug":"silenrieux","status":"publish","type":"post","link":"https:\/\/www.lasagadesgares.be\/wordpress\/silenrieux\/","title":{"rendered":"La gare de Silenrieux"},"content":{"rendered":"\n<p>Bienvenue \u00e0 l\u2019ancienne gare de Silenrieux! Nous sommes sur la ligne 132, entre Charleroi-Sud et la fronti\u00e8re fran\u00e7aise, via Treignes. La gare, situ\u00e9e au point kilom\u00e9trique 26,4 de l\u2019ancien trac\u00e9 de la ligne 132, \u00e9tait situ\u00e9e sur le territoire de l\u2019entit\u00e9 de Cerfontaine.<\/p>\n\n\n\n<p>L\u2019histoire de la gare de Silenrieux remonte au 3 septembre 1852 quand la commune conc\u00e9da \u00e0 la Soci\u00e9t\u00e9 du Chemin de Fer de l\u2019Entre-Sambre-et-Meuse, les terrains indispensables pour la construction de la ligne ferroviaire. La voie reliant Walcourt \u00e0 Silenrieux faut inaugur\u00e9 le 6 novembre de la m\u00eame ann\u00e9e, un an avant le tron\u00e7on entre Silenrieux et Cerfontaine, mis en service le 31 d\u00e9cembre 1853. Le premier b\u00e2timent des recettes fut \u00e9rig\u00e9 en 1852-1853. Il fut agrandi en 1895-1896. Ce premier b\u00e2timent sera ras\u00e9 en 1904 pour laisser la place \u00e0 une nouvelle construction bas\u00e9e sur le plan type de l\u2019Etat de 1895. Un hangar aux marchandises sera \u00e9galement construit. La voie entre Walcourt et Silenrieux fut d\u00e9doubl\u00e9e en 1913. Elle revint \u00e0 voie unique en 1950. La gare de Silenrieux fut ferm\u00e9e le 31 ao\u00fbt 1970, \u00e0 la fermeture du tron\u00e7on entre Walcourt et Neuville-Sud. Une ligne de bus remplacera le train d\u00e8s 1971.<\/p>\n\n\n\n<p>La gare de Silenrieux a ainsi disparu et ses infrastructures ont \u00e9t\u00e9 ras\u00e9es en 1972 en vue des travaux de construction des lacs de l\u2019Eau et barrage de l\u2019Eau d\u2019Heure. La gare se trouvait \u00e0 l\u2019endroit o\u00f9 passe l\u2019actuelle Rue des Haies.<\/p>\n\n\n\n<blockquote class=\"wp-block-quote is-layout-flow wp-block-quote-is-layout-flow\">\n<p><em>La<strong> vall\u00e9e de l&rsquo;Eau d&rsquo;Heure<\/strong> entre Silenrieux et Cerfontaine offrait les meilleures conditions pour la construction du barrage. Il fallait toutefois que soit d\u00e9plac\u00e9e la ligne de chemin de fer 132 qui encombrait la vall\u00e9e. Le site des <strong>Lacs de l\u2019eau d\u2019Heure<\/strong>, compos\u00e9 de cinq lacs de retenue, est le plus important plan d&rsquo;eau artificiel de Belgique. La superficie totale du site, qui s\u2019\u00e9tend sur les communes de Froidchapelle (Hainaut) et de Cerfontaine (Namur), est de quelque 1 800 hectares, soit plus de 600 hectares de plans d&rsquo;eau, 600 hectares de for\u00eats et 600 hectares de prairies. Il s&rsquo;\u00e9tend. <strong>Deux grands barrages<\/strong> ont \u00e9t\u00e9 construits dans les ann\u00e9es 1970, celui de l&rsquo;\u00ab\u00a0Eau d&rsquo;Heure\u00a0\u00bb et de celui de la \u00ab\u00a0Plate Taille\u00a0\u00bb, qui est \u00e9quip\u00e9 d&rsquo;une centrale hydro-\u00e9lectrique de pompage-turbinage. On rencontre \u00e9galement sur le site trois pr\u00e9-barrages \u00e0 F\u00e9ronval, au Ry-Jaune et \u00e0 Falemprise. Le barrage de la Plate-Taille est le barrage le plus important de Belgique, avec une longueur de cr\u00eate de 790 m\u00e8tres, une superficie de \u00ab\u00a0retenue\u00a0\u00bb de 351 hectares et ne capacit\u00e9 de 68,4 millions de m3.<\/em><\/p>\n<\/blockquote>\n\n\n\n<p><strong><a href=\"https:\/\/www.lacsdeleaudheure.be\/fr\">Les Lacs de l&rsquo;Eau d&rsquo;Heure<\/a><\/strong><\/p>\n\n\n\n<p><strong><a href=\"https:\/\/www.cerfontaine.be\/ma-commune\/les-6-villages-de-lentite\/silenrieux\">Silenrieux, village de Cerfontaine<\/a><\/strong><\/p>\n\n\n\n<figure class=\"wp-block-gallery has-nested-images columns-default is-cropped wp-block-gallery-1 is-layout-flex wp-block-gallery-is-layout-flex\">\n<figure class=\"wp-block-image size-large\"><img fetchpriority=\"high\" decoding=\"async\" width=\"400\" height=\"246\" data-id=\"2739\" src=\"https:\/\/www.lasagadesgares.be\/wordpress\/wp-content\/uploads\/2025\/11\/silenrieux_II_001-1.jpg\" alt=\"\" class=\"wp-image-2739\" srcset=\"https:\/\/www.lasagadesgares.be\/wordpress\/wp-content\/uploads\/2025\/11\/silenrieux_II_001-1.jpg 400w, https:\/\/www.lasagadesgares.be\/wordpress\/wp-content\/uploads\/2025\/11\/silenrieux_II_001-1-300x185.jpg 300w, https:\/\/www.lasagadesgares.be\/wordpress\/wp-content\/uploads\/2025\/11\/silenrieux_II_001-1-1x1.jpg 1w\" sizes=\"(max-width: 400px) 100vw, 400px\" \/><\/figure>\n\n\n\n<figure class=\"wp-block-image size-large\"><img decoding=\"async\" width=\"400\" height=\"300\" data-id=\"2741\" src=\"https:\/\/www.lasagadesgares.be\/wordpress\/wp-content\/uploads\/2025\/11\/lacs-eau-dheure-spot-nature.webp\" alt=\"\" class=\"wp-image-2741\" srcset=\"https:\/\/www.lasagadesgares.be\/wordpress\/wp-content\/uploads\/2025\/11\/lacs-eau-dheure-spot-nature.webp 400w, https:\/\/www.lasagadesgares.be\/wordpress\/wp-content\/uploads\/2025\/11\/lacs-eau-dheure-spot-nature-300x225.webp 300w, https:\/\/www.lasagadesgares.be\/wordpress\/wp-content\/uploads\/2025\/11\/lacs-eau-dheure-spot-nature-1x1.webp 1w\" sizes=\"(max-width: 400px) 100vw, 400px\" \/><figcaption class=\"wp-element-caption\">Lac de l&rsquo;Eau d&rsquo;Heure (Photo Lacs de l&rsquo;Eau d&rsquo;Heure)<\/figcaption><\/figure>\n<\/figure>\n","protected":false},"excerpt":{"rendered":"<p>Bienvenue \u00e0 l\u2019ancienne gare de Silenrieux! Nous sommes sur la ligne 132, entre Charleroi-Sud et la fronti\u00e8re fran\u00e7aise, via Treignes. La gare, situ\u00e9e au point kilom\u00e9trique 26,4 de l\u2019ancien trac\u00e9 de la ligne 132, \u00e9tait situ\u00e9e sur le territoire de l\u2019entit\u00e9 de Cerfontaine. L\u2019histoire de la gare de Silenrieux remonte au 3 septembre 1852 quand [&hellip;]<\/p>\n","protected":false},"author":1,"featured_media":2739,"comment_status":"closed","ping_status":"open","sticky":false,"template":"","format":"standard","meta":{"footnotes":""},"categories":[34],"tags":[],"class_list":["post-2736","post","type-post","status-publish","format-standard","has-post-thumbnail","hentry","category-ligne-132"],"_links":{"self":[{"href":"https:\/\/www.lasagadesgares.be\/wordpress\/wp-json\/wp\/v2\/posts\/2736","targetHints":{"allow":["GET"]}}],"collection":[{"href":"https:\/\/www.lasagadesgares.be\/wordpress\/wp-json\/wp\/v2\/posts"}],"about":[{"href":"https:\/\/www.lasagadesgares.be\/wordpress\/wp-json\/wp\/v2\/types\/post"}],"author":[{"embeddable":true,"href":"https:\/\/www.lasagadesgares.be\/wordpress\/wp-json\/wp\/v2\/users\/1"}],"replies":[{"embeddable":true,"href":"https:\/\/www.lasagadesgares.be\/wordpress\/wp-json\/wp\/v2\/comments?post=2736"}],"version-history":[{"count":4,"href":"https:\/\/www.lasagadesgares.be\/wordpress\/wp-json\/wp\/v2\/posts\/2736\/revisions"}],"predecessor-version":[{"id":2925,"href":"https:\/\/www.lasagadesgares.be\/wordpress\/wp-json\/wp\/v2\/posts\/2736\/revisions\/2925"}],"wp:featuredmedia":[{"embeddable":true,"href":"https:\/\/www.lasagadesgares.be\/wordpress\/wp-json\/wp\/v2\/media\/2739"}],"wp:attachment":[{"href":"https:\/\/www.lasagadesgares.be\/wordpress\/wp-json\/wp\/v2\/media?parent=2736"}],"wp:term":[{"taxonomy":"category","embeddable":true,"href":"https:\/\/www.lasagadesgares.be\/wordpress\/wp-json\/wp\/v2\/categories?post=2736"},{"taxonomy":"post_tag","embeddable":true,"href":"https:\/\/www.lasagadesgares.be\/wordpress\/wp-json\/wp\/v2\/tags?post=2736"}],"curies":[{"name":"wp","href":"https:\/\/api.w.org\/{rel}","templated":true}]}}