{"id":2689,"date":"2025-11-08T09:07:36","date_gmt":"2025-11-08T08:07:36","guid":{"rendered":"https:\/\/www.lasagadesgares.be\/wordpress\/?p=2689"},"modified":"2025-11-11T18:32:29","modified_gmt":"2025-11-11T17:32:29","slug":"falemprise","status":"publish","type":"post","link":"https:\/\/www.lasagadesgares.be\/wordpress\/falemprise\/","title":{"rendered":"La gare de Falemprise"},"content":{"rendered":"\n<p>La gare de Falemprise \u00e9tait situ\u00e9e sur l\u2019ancienne ligne 132, ce Charleroi \u00e0 la fronti\u00e8re fran\u00e7aise via Treignes.<\/p>\n\n\n\n<p>Lors de l\u2019ouverture de la section Silenrieux &#8211; Cerfontaine de la ligne, on trouvait un petit b\u00e2timent en bois \u00e0 Falemprise. Il fut remplac\u00e9 par un b\u00e2timent en briques, un plan-type de 1893. La construction pr\u00e9sentait une aile de six trav\u00e9es positionn\u00e9e \u00e0 droite du corps de logis.<\/p>\n\n\n\n<p>C\u00f4t\u00e9 Silenrieux, au bout du quai le long de la voie unique, on trouvait un passage inf\u00e9rieur pour la rivi\u00e8re Eau d&rsquo;Heure. A l&rsquo;oppos\u00e9, la gare \u00e9tait \u00e9quip\u00e9e d\u2019une cour aux marchandises avec une rampe long\u00e9e par le raccordement de la scierie de marbre \u00ab&nbsp;Usine Devauge&nbsp;\u00bb.<\/p>\n\n\n\n<p>La fermeture d\u00e9finitive de la gare de Falemprise a \u00e9t\u00e9 act\u00e9e le 31 ao\u00fbt 1970. Le site de la gare est englouti par les eaux du pr\u00e9-barrage de Falemprise, qui fait partie du complexe de la Plate-Taille <em>(plage de Falemprise)<\/em>. Une colline, que la voie ferr\u00e9e contournait en tranch\u00e9e, constitue d\u00e9sormais l&rsquo;\u00eele Notre-Dame.<\/p>\n\n\n\n<p>Apr\u00e8s le passage des derniers trains, sur l\u2019ancien tron\u00e7on de Walcourt &#8211; Neuville-Sud. Le trafic a \u00e9t\u00e9 orient\u00e9 via Philippeville sur la <a href=\"https:\/\/fr.wikipedia.org\/wiki\/Ligne_132_(Infrabel)\">ligne 132 N<\/a> r\u00e9alis\u00e9e en reliant entre elles des sections de ligne, notamment de la 136 A.<\/p>\n\n\n\n<p><strong><a href=\"https:\/\/www.lacsdeleaudheure.be\/fr\/les-5-lacs-et-leurs-specificites\">Les Lacs de l&rsquo;Eau d&rsquo;Heure<\/a><\/strong><\/p>\n\n\n\n<figure class=\"wp-block-gallery has-nested-images columns-default is-cropped wp-block-gallery-1 is-layout-flex wp-block-gallery-is-layout-flex\">\n<figure data-wp-context=\"{&quot;imageId&quot;:&quot;69ec67aa3170c&quot;}\" data-wp-interactive=\"core\/image\" data-wp-key=\"69ec67aa3170c\" class=\"wp-block-image size-large wp-lightbox-container\"><img fetchpriority=\"high\" decoding=\"async\" width=\"400\" height=\"277\" data-wp-class--hide=\"state.isContentHidden\" data-wp-class--show=\"state.isContentVisible\" data-wp-init=\"callbacks.setButtonStyles\" data-wp-on--click=\"actions.showLightbox\" data-wp-on--load=\"callbacks.setButtonStyles\" data-wp-on-window--resize=\"callbacks.setButtonStyles\" data-id=\"2691\" src=\"https:\/\/www.lasagadesgares.be\/wordpress\/wp-content\/uploads\/2025\/11\/falemprise_003.jpg\" alt=\"\" class=\"wp-image-2691\" srcset=\"https:\/\/www.lasagadesgares.be\/wordpress\/wp-content\/uploads\/2025\/11\/falemprise_003.jpg 400w, https:\/\/www.lasagadesgares.be\/wordpress\/wp-content\/uploads\/2025\/11\/falemprise_003-300x208.jpg 300w, https:\/\/www.lasagadesgares.be\/wordpress\/wp-content\/uploads\/2025\/11\/falemprise_003-1x1.jpg 1w\" sizes=\"(max-width: 400px) 100vw, 400px\" \/><button\n\t\t\tclass=\"lightbox-trigger\"\n\t\t\ttype=\"button\"\n\t\t\taria-haspopup=\"dialog\"\n\t\t\taria-label=\"Agrandir\"\n\t\t\tdata-wp-init=\"callbacks.initTriggerButton\"\n\t\t\tdata-wp-on--click=\"actions.showLightbox\"\n\t\t\tdata-wp-style--right=\"state.imageButtonRight\"\n\t\t\tdata-wp-style--top=\"state.imageButtonTop\"\n\t\t>\n\t\t\t<svg xmlns=\"http:\/\/www.w3.org\/2000\/svg\" width=\"12\" height=\"12\" fill=\"none\" viewBox=\"0 0 12 12\">\n\t\t\t\t<path fill=\"#fff\" d=\"M2 0a2 2 0 0 0-2 2v2h1.5V2a.5.5 0 0 1 .5-.5h2V0H2Zm2 10.5H2a.5.5 0 0 1-.5-.5V8H0v2a2 2 0 0 0 2 2h2v-1.5ZM8 12v-1.5h2a.5.5 0 0 0 .5-.5V8H12v2a2 2 0 0 1-2 2H8Zm2-12a2 2 0 0 1 2 2v2h-1.5V2a.5.5 0 0 0-.5-.5H8V0h2Z\" \/>\n\t\t\t<\/svg>\n\t\t<\/button><\/figure>\n\n\n\n<figure data-wp-context=\"{&quot;imageId&quot;:&quot;69ec67aa31b09&quot;}\" data-wp-interactive=\"core\/image\" data-wp-key=\"69ec67aa31b09\" class=\"wp-block-image size-large wp-lightbox-container\"><img decoding=\"async\" width=\"400\" height=\"363\" data-wp-class--hide=\"state.isContentHidden\" data-wp-class--show=\"state.isContentVisible\" data-wp-init=\"callbacks.setButtonStyles\" data-wp-on--click=\"actions.showLightbox\" data-wp-on--load=\"callbacks.setButtonStyles\" data-wp-on-window--resize=\"callbacks.setButtonStyles\" data-id=\"2692\" src=\"https:\/\/www.lasagadesgares.be\/wordpress\/wp-content\/uploads\/2025\/11\/Lacs-de-lEau-dEure.png\" alt=\"\" class=\"wp-image-2692\" srcset=\"https:\/\/www.lasagadesgares.be\/wordpress\/wp-content\/uploads\/2025\/11\/Lacs-de-lEau-dEure.png 400w, https:\/\/www.lasagadesgares.be\/wordpress\/wp-content\/uploads\/2025\/11\/Lacs-de-lEau-dEure-300x272.png 300w, https:\/\/www.lasagadesgares.be\/wordpress\/wp-content\/uploads\/2025\/11\/Lacs-de-lEau-dEure-1x1.png 1w\" sizes=\"(max-width: 400px) 100vw, 400px\" \/><button\n\t\t\tclass=\"lightbox-trigger\"\n\t\t\ttype=\"button\"\n\t\t\taria-haspopup=\"dialog\"\n\t\t\taria-label=\"Agrandir\"\n\t\t\tdata-wp-init=\"callbacks.initTriggerButton\"\n\t\t\tdata-wp-on--click=\"actions.showLightbox\"\n\t\t\tdata-wp-style--right=\"state.imageButtonRight\"\n\t\t\tdata-wp-style--top=\"state.imageButtonTop\"\n\t\t>\n\t\t\t<svg xmlns=\"http:\/\/www.w3.org\/2000\/svg\" width=\"12\" height=\"12\" fill=\"none\" viewBox=\"0 0 12 12\">\n\t\t\t\t<path fill=\"#fff\" d=\"M2 0a2 2 0 0 0-2 2v2h1.5V2a.5.5 0 0 1 .5-.5h2V0H2Zm2 10.5H2a.5.5 0 0 1-.5-.5V8H0v2a2 2 0 0 0 2 2h2v-1.5ZM8 12v-1.5h2a.5.5 0 0 0 .5-.5V8H12v2a2 2 0 0 1-2 2H8Zm2-12a2 2 0 0 1 2 2v2h-1.5V2a.5.5 0 0 0-.5-.5H8V0h2Z\" \/>\n\t\t\t<\/svg>\n\t\t<\/button><\/figure>\n\n\n\n<figure class=\"wp-block-image size-large\"><img decoding=\"async\" width=\"400\" height=\"300\" data-id=\"2695\" src=\"https:\/\/www.lasagadesgares.be\/wordpress\/wp-content\/uploads\/2025\/11\/lac-falemprise.webp\" alt=\"\" class=\"wp-image-2695\" srcset=\"https:\/\/www.lasagadesgares.be\/wordpress\/wp-content\/uploads\/2025\/11\/lac-falemprise.webp 400w, https:\/\/www.lasagadesgares.be\/wordpress\/wp-content\/uploads\/2025\/11\/lac-falemprise-300x225.webp 300w, https:\/\/www.lasagadesgares.be\/wordpress\/wp-content\/uploads\/2025\/11\/lac-falemprise-1x1.webp 1w\" sizes=\"(max-width: 400px) 100vw, 400px\" \/><figcaption class=\"wp-element-caption\">Lac de Falemprise (Lacs de l&rsquo;Eau d&rsquo;Heure)<\/figcaption><\/figure>\n<\/figure>\n","protected":false},"excerpt":{"rendered":"<p>La gare de Falemprise \u00e9tait situ\u00e9e sur l\u2019ancienne ligne 132, ce Charleroi \u00e0 la fronti\u00e8re fran\u00e7aise via Treignes. Lors de l\u2019ouverture de la section Silenrieux &#8211; Cerfontaine de la ligne, on trouvait un petit b\u00e2timent en bois \u00e0 Falemprise. Il fut remplac\u00e9 par un b\u00e2timent en briques, un plan-type de 1893. La construction pr\u00e9sentait une [&hellip;]<\/p>\n","protected":false},"author":1,"featured_media":2690,"comment_status":"closed","ping_status":"open","sticky":false,"template":"","format":"standard","meta":{"footnotes":""},"categories":[34],"tags":[],"class_list":["post-2689","post","type-post","status-publish","format-standard","has-post-thumbnail","hentry","category-ligne-132"],"_links":{"self":[{"href":"https:\/\/www.lasagadesgares.be\/wordpress\/wp-json\/wp\/v2\/posts\/2689","targetHints":{"allow":["GET"]}}],"collection":[{"href":"https:\/\/www.lasagadesgares.be\/wordpress\/wp-json\/wp\/v2\/posts"}],"about":[{"href":"https:\/\/www.lasagadesgares.be\/wordpress\/wp-json\/wp\/v2\/types\/post"}],"author":[{"embeddable":true,"href":"https:\/\/www.lasagadesgares.be\/wordpress\/wp-json\/wp\/v2\/users\/1"}],"replies":[{"embeddable":true,"href":"https:\/\/www.lasagadesgares.be\/wordpress\/wp-json\/wp\/v2\/comments?post=2689"}],"version-history":[{"count":2,"href":"https:\/\/www.lasagadesgares.be\/wordpress\/wp-json\/wp\/v2\/posts\/2689\/revisions"}],"predecessor-version":[{"id":2696,"href":"https:\/\/www.lasagadesgares.be\/wordpress\/wp-json\/wp\/v2\/posts\/2689\/revisions\/2696"}],"wp:featuredmedia":[{"embeddable":true,"href":"https:\/\/www.lasagadesgares.be\/wordpress\/wp-json\/wp\/v2\/media\/2690"}],"wp:attachment":[{"href":"https:\/\/www.lasagadesgares.be\/wordpress\/wp-json\/wp\/v2\/media?parent=2689"}],"wp:term":[{"taxonomy":"category","embeddable":true,"href":"https:\/\/www.lasagadesgares.be\/wordpress\/wp-json\/wp\/v2\/categories?post=2689"},{"taxonomy":"post_tag","embeddable":true,"href":"https:\/\/www.lasagadesgares.be\/wordpress\/wp-json\/wp\/v2\/tags?post=2689"}],"curies":[{"name":"wp","href":"https:\/\/api.w.org\/{rel}","templated":true}]}}