{"id":2495,"date":"2025-11-03T22:22:50","date_gmt":"2025-11-03T21:22:50","guid":{"rendered":"https:\/\/www.lasagadesgares.be\/wordpress\/?p=2495"},"modified":"2025-11-11T22:18:32","modified_gmt":"2025-11-11T21:18:32","slug":"saint-maur","status":"publish","type":"post","link":"https:\/\/www.lasagadesgares.be\/wordpress\/saint-maur\/","title":{"rendered":"Le point d&rsquo;arr\u00eat de Saint-Maur"},"content":{"rendered":"\n<p>Bienvenue \u00e0 l\u2019ancien point d\u2019arr\u00eat de Saint-Maur. Nous sommes sur l\u2019ancienne ligne 88 A qui allait de Tournai vers la fronti\u00e8re fran\u00e7aise via Rumes.<\/p>\n\n\n\n<p>Le point d\u2019arr\u00eat de Saint-Maur a \u00e9t\u00e9 mis en service en m\u00eame temps que la ligne 88A, le 30 d\u00e9cembre 1883. A l\u2019image de point d\u2019arr\u00eat d\u2019Ere, situ\u00e9 deux kilom\u00e8tres plus loin en direction de la France, il avait \u00e9t\u00e9 \u00e9quip\u00e9 d\u2019une maisonnette de garde-barri\u00e8re annex\u00e9e \u00e0 une petite aile pour le service \u00ab&nbsp;des voyageurs et des bagages&nbsp;\u00bb. Saint-Maur fut ainsi mis en service au grand bonheur des habitants du Pont-\u00e0-Rieu et du faubourg Saint-Martin tout proches. Le point d\u2019arr\u00eat est rest\u00e9 en service jusqu\u2019en 1924. Il fut toutefois ferl\u00e9 par la suite alors que, selon une note de la direction de la SNCB datant de 4 ao\u00fbt 1933, il pourrait desservir \u00ab&nbsp;une population de 1 500 habitants&nbsp;\u00bb. La m\u00eame note souligne que les \u00ab&nbsp;installations de l\u2019ancien point d\u2019arr\u00eat -soit un quai de 74 m\u00e8tres avec abri- existent encore.&nbsp;\u00bb Le point d\u2019arr\u00eate sera remis en service et fermera le 19 juin 1950, comme tous les autres de la ligne 88 A.<\/p>\n\n\n\n<p>L\u2019histoire ferroviaire \u00e0 Saint-Maur fut intimement li\u00e9e au vicinal. Le point d\u2019arr\u00eat \u00e9tait li\u00e9 \u00e0 une ligne vicinale, qui relia, d\u00e8s le 30 ao\u00fbt 1930, Tournai au bourg champ\u00eatre de Welz. Cette ligne n\u00b07 fut la derni\u00e8re mise en exploitation dans la banlieue de Tournai. La concurrence grandissante de la route et les dommages de la guerre 40-45 abr\u00e9g\u00e8rent l\u2019esp\u00e9rance de vie de la ligne vicinale qui fut ferm\u00e9e aux voyageurs le 26 avril 1952 et aux marchandises le 25 mars 1954.<\/p>\n\n\n\n<p><strong><a href=\"https:\/\/www.tournai.be\/\">Ville de Tournai<\/a><\/strong><\/p>\n\n\n\n<p><strong><a href=\"https:\/\/cheminsdurail.be\/tournai-balade-l88a\/\">Balade p\u00e9destre des Chemins du Rail<\/a><\/strong><\/p>\n\n\n\n<figure class=\"wp-block-gallery has-nested-images columns-default is-cropped wp-block-gallery-1 is-layout-flex wp-block-gallery-is-layout-flex\">\n<figure data-wp-context=\"{&quot;imageId&quot;:&quot;69ec4ef880cbe&quot;}\" data-wp-interactive=\"core\/image\" data-wp-key=\"69ec4ef880cbe\" class=\"wp-block-image size-large wp-lightbox-container\"><img fetchpriority=\"high\" decoding=\"async\" width=\"400\" height=\"299\" data-wp-class--hide=\"state.isContentHidden\" data-wp-class--show=\"state.isContentVisible\" data-wp-init=\"callbacks.setButtonStyles\" data-wp-on--click=\"actions.showLightbox\" data-wp-on--load=\"callbacks.setButtonStyles\" data-wp-on-window--resize=\"callbacks.setButtonStyles\" data-id=\"2523\" src=\"https:\/\/www.lasagadesgares.be\/wordpress\/wp-content\/uploads\/2025\/11\/P1010260.jpg\" alt=\"\" class=\"wp-image-2523\" srcset=\"https:\/\/www.lasagadesgares.be\/wordpress\/wp-content\/uploads\/2025\/11\/P1010260.jpg 400w, https:\/\/www.lasagadesgares.be\/wordpress\/wp-content\/uploads\/2025\/11\/P1010260-300x224.jpg 300w, https:\/\/www.lasagadesgares.be\/wordpress\/wp-content\/uploads\/2025\/11\/P1010260-1x1.jpg 1w\" sizes=\"(max-width: 400px) 100vw, 400px\" \/><button\n\t\t\tclass=\"lightbox-trigger\"\n\t\t\ttype=\"button\"\n\t\t\taria-haspopup=\"dialog\"\n\t\t\taria-label=\"Agrandir\"\n\t\t\tdata-wp-init=\"callbacks.initTriggerButton\"\n\t\t\tdata-wp-on--click=\"actions.showLightbox\"\n\t\t\tdata-wp-style--right=\"state.imageButtonRight\"\n\t\t\tdata-wp-style--top=\"state.imageButtonTop\"\n\t\t>\n\t\t\t<svg xmlns=\"http:\/\/www.w3.org\/2000\/svg\" width=\"12\" height=\"12\" fill=\"none\" viewBox=\"0 0 12 12\">\n\t\t\t\t<path fill=\"#fff\" d=\"M2 0a2 2 0 0 0-2 2v2h1.5V2a.5.5 0 0 1 .5-.5h2V0H2Zm2 10.5H2a.5.5 0 0 1-.5-.5V8H0v2a2 2 0 0 0 2 2h2v-1.5ZM8 12v-1.5h2a.5.5 0 0 0 .5-.5V8H12v2a2 2 0 0 1-2 2H8Zm2-12a2 2 0 0 1 2 2v2h-1.5V2a.5.5 0 0 0-.5-.5H8V0h2Z\" \/>\n\t\t\t<\/svg>\n\t\t<\/button><figcaption class=\"wp-element-caption\">La maisonnette (blanche) du point d&rsquo;arr\u00eat de Saint-Maur aujourd&rsquo;hui<\/figcaption><\/figure>\n\n\n\n<figure data-wp-context=\"{&quot;imageId&quot;:&quot;69ec4ef881168&quot;}\" data-wp-interactive=\"core\/image\" data-wp-key=\"69ec4ef881168\" class=\"wp-block-image size-large wp-lightbox-container\"><img decoding=\"async\" width=\"291\" height=\"400\" data-wp-class--hide=\"state.isContentHidden\" data-wp-class--show=\"state.isContentVisible\" data-wp-init=\"callbacks.setButtonStyles\" data-wp-on--click=\"actions.showLightbox\" data-wp-on--load=\"callbacks.setButtonStyles\" data-wp-on-window--resize=\"callbacks.setButtonStyles\" data-id=\"2527\" src=\"https:\/\/www.lasagadesgares.be\/wordpress\/wp-content\/uploads\/2025\/11\/L88B-P.A.-de-St-Maur-1933-1.jpg\" alt=\"\" class=\"wp-image-2527\" srcset=\"https:\/\/www.lasagadesgares.be\/wordpress\/wp-content\/uploads\/2025\/11\/L88B-P.A.-de-St-Maur-1933-1.jpg 291w, https:\/\/www.lasagadesgares.be\/wordpress\/wp-content\/uploads\/2025\/11\/L88B-P.A.-de-St-Maur-1933-1-218x300.jpg 218w, https:\/\/www.lasagadesgares.be\/wordpress\/wp-content\/uploads\/2025\/11\/L88B-P.A.-de-St-Maur-1933-1-1x1.jpg 1w\" sizes=\"(max-width: 291px) 100vw, 291px\" \/><button\n\t\t\tclass=\"lightbox-trigger\"\n\t\t\ttype=\"button\"\n\t\t\taria-haspopup=\"dialog\"\n\t\t\taria-label=\"Agrandir\"\n\t\t\tdata-wp-init=\"callbacks.initTriggerButton\"\n\t\t\tdata-wp-on--click=\"actions.showLightbox\"\n\t\t\tdata-wp-style--right=\"state.imageButtonRight\"\n\t\t\tdata-wp-style--top=\"state.imageButtonTop\"\n\t\t>\n\t\t\t<svg xmlns=\"http:\/\/www.w3.org\/2000\/svg\" width=\"12\" height=\"12\" fill=\"none\" viewBox=\"0 0 12 12\">\n\t\t\t\t<path fill=\"#fff\" d=\"M2 0a2 2 0 0 0-2 2v2h1.5V2a.5.5 0 0 1 .5-.5h2V0H2Zm2 10.5H2a.5.5 0 0 1-.5-.5V8H0v2a2 2 0 0 0 2 2h2v-1.5ZM8 12v-1.5h2a.5.5 0 0 0 .5-.5V8H12v2a2 2 0 0 1-2 2H8Zm2-12a2 2 0 0 1 2 2v2h-1.5V2a.5.5 0 0 0-.5-.5H8V0h2Z\" \/>\n\t\t\t<\/svg>\n\t\t<\/button><\/figure>\n<\/figure>\n","protected":false},"excerpt":{"rendered":"<p>Bienvenue \u00e0 l\u2019ancien point d\u2019arr\u00eat de Saint-Maur. Nous sommes sur l\u2019ancienne ligne 88 A qui allait de Tournai vers la fronti\u00e8re fran\u00e7aise via Rumes. Le point d\u2019arr\u00eat de Saint-Maur a \u00e9t\u00e9 mis en service en m\u00eame temps que la ligne 88A, le 30 d\u00e9cembre 1883. A l\u2019image de point d\u2019arr\u00eat d\u2019Ere, situ\u00e9 deux kilom\u00e8tres plus [&hellip;]<\/p>\n","protected":false},"author":2,"featured_media":2526,"comment_status":"closed","ping_status":"open","sticky":false,"template":"","format":"standard","meta":{"footnotes":""},"categories":[59],"tags":[],"class_list":["post-2495","post","type-post","status-publish","format-standard","has-post-thumbnail","hentry","category-ligne-088a"],"_links":{"self":[{"href":"https:\/\/www.lasagadesgares.be\/wordpress\/wp-json\/wp\/v2\/posts\/2495","targetHints":{"allow":["GET"]}}],"collection":[{"href":"https:\/\/www.lasagadesgares.be\/wordpress\/wp-json\/wp\/v2\/posts"}],"about":[{"href":"https:\/\/www.lasagadesgares.be\/wordpress\/wp-json\/wp\/v2\/types\/post"}],"author":[{"embeddable":true,"href":"https:\/\/www.lasagadesgares.be\/wordpress\/wp-json\/wp\/v2\/users\/2"}],"replies":[{"embeddable":true,"href":"https:\/\/www.lasagadesgares.be\/wordpress\/wp-json\/wp\/v2\/comments?post=2495"}],"version-history":[{"count":3,"href":"https:\/\/www.lasagadesgares.be\/wordpress\/wp-json\/wp\/v2\/posts\/2495\/revisions"}],"predecessor-version":[{"id":2529,"href":"https:\/\/www.lasagadesgares.be\/wordpress\/wp-json\/wp\/v2\/posts\/2495\/revisions\/2529"}],"wp:featuredmedia":[{"embeddable":true,"href":"https:\/\/www.lasagadesgares.be\/wordpress\/wp-json\/wp\/v2\/media\/2526"}],"wp:attachment":[{"href":"https:\/\/www.lasagadesgares.be\/wordpress\/wp-json\/wp\/v2\/media?parent=2495"}],"wp:term":[{"taxonomy":"category","embeddable":true,"href":"https:\/\/www.lasagadesgares.be\/wordpress\/wp-json\/wp\/v2\/categories?post=2495"},{"taxonomy":"post_tag","embeddable":true,"href":"https:\/\/www.lasagadesgares.be\/wordpress\/wp-json\/wp\/v2\/tags?post=2495"}],"curies":[{"name":"wp","href":"https:\/\/api.w.org\/{rel}","templated":true}]}}