{"id":2488,"date":"2025-11-03T20:54:35","date_gmt":"2025-11-03T19:54:35","guid":{"rendered":"https:\/\/www.lasagadesgares.be\/wordpress\/?p=2488"},"modified":"2025-11-11T22:19:01","modified_gmt":"2025-11-11T21:19:01","slug":"willemeau-froidmond","status":"publish","type":"post","link":"https:\/\/www.lasagadesgares.be\/wordpress\/willemeau-froidmond\/","title":{"rendered":"La gare de Willemeau-Froidmont"},"content":{"rendered":"\n<p>Bienvenue \u00e0 l\u2019ancienne gare de Willemau-Froidmont! Nous sommes sur l\u2019ancienne 88 A, entre Tournai et la fronti\u00e8re fran\u00e7aise via Rumes, dont la gare-fronti\u00e8re est \u00e0 quelque 3 kilom\u00e8tres.<\/p>\n\n\n\n<p>\u00ab&nbsp;Willemeau-Froidmont, 1 minute d\u2019arr\u00eat!&nbsp;\u00bb C\u2019est ce qu\u2019on peut lire sur un indicateur des chemins de fer du d\u00e9but des ann\u00e9es 1900. Le ligne internationale 88 A est n\u00e9e le 20 d\u00e9cembre 1883.<\/p>\n\n\n\n<p>La gare de Willemeau est tr\u00e8s vite devenue \u00ab&nbsp;Willemeau-Froidmont&nbsp;\u00bb \u00e0 la suite, certainement, aux r\u00e9clamations des citoyens du village tout proche de Froidmont et de leurs repr\u00e9sentants. La station \u00e9tait, dans un premier temps, \u00e9quip\u00e9e d\u2019un b\u00e2timent \u00ab&nbsp;provisoire&nbsp;\u00bb. Une nouvelle infrastructure du type \u00ab&nbsp;Etat Belge&nbsp;\u00bb de 1893 sera construite vers 1895. Le b\u00e2timent pr\u00e9sentait une partie centrale avec un \u00e9tage r\u00e9serv\u00e9 au chef de gare, deux ailes pour la salle d\u2019attente et des guichets et les espaces techniques. A c\u00f4t\u00e9 de ce \u00ab&nbsp;bureau des recettes&nbsp;\u00bb, on trouvait un petit local des latrines. De l\u2019autre c\u00f4t\u00e9, la gare pr\u00e9sentait un hangar et la cour aux marchandises et la rampe de chargement.<\/p>\n\n\n\n<p>La ligne 88 A \u00e0 voie unique se d\u00e9veloppait en un petit faisceau de trois voies pour les man\u0153uvres pour les convois de marchandises. Le raccordement desservant le magasin \u00e0 charbon de M. Delbecke partait vers la droite, \u00e0 la sortie de la gare en direction de Rumes. Ce raccordement, ouvert du 15 juillet 1905, sera ferm\u00e9 au d\u00e9but 1964<\/p>\n\n\n\n<p>La b\u00e2timent principal de la gare a \u00e9t\u00e9 d\u00e9moli au lendemain de la guerre 14-18. Il a \u00e9t\u00e9 remplac\u00e9 par une petite structure temporaire implant\u00e9e juste \u00e0 c\u00f4t\u00e9 du hangar aux marchandises. Un nouveau b\u00e2timent des voyageurs a \u00e9t\u00e9 construit entre 1921 et 1925. Ce b\u00e2timent, construit dans un style plus moderne, a surv\u00e9cu et a \u00e9t\u00e9, un temps: elle est occup\u00e9e par la \u00ab\u00a0menuiserie Lestienne et Fils\u00a0\u00bb.<\/p>\n\n\n\n<p>Le conflit 40-45 a donn\u00e9 un deuxi\u00e8me coup d\u2019arr\u00eat au chemin de fer local, notamment \u00e0 Willemeau-Froidmont. La mont\u00e9e en puissance de transport par la route a pr\u00e9cipit\u00e9 le rail dans l\u2019oubli. Le 19 juin 1950, un service d\u2019autobus remplace le chemin de fer sur la ligne Tournai-La Gl\u00e2nerie. Le chemin de fer r\u00e9sistera \u00e0 Willemeau-Froidmont pour les marchandises et les raccord\u00e9s locaux jusqu\u2019en 1964, ann\u00e9e de la fin de la ligne 88a. En avril 70, la ligne sera d\u00e9mont\u00e9e jusqu\u2019\u00e0 Chercq.<\/p>\n\n\n\n<p>On peut encore distinguer aujourd\u2019hui l\u2019ancien hangar aux marchandises des ann\u00e9es 1890. Le b\u00e2timent des ann\u00e9es 20 a subi de nombreuses transformations au fil du temps, notamment au niveau de l\u2019\u00e9tage qui a disparu.<\/p>\n\n\n\n<p><strong><a href=\"https:\/\/www.tournai.be\/\">Ville de Tournai<\/a><\/strong><\/p>\n\n\n\n<p><strong><a href=\"https:\/\/cheminsdurail.be\/tournai-balade-l88a\/\">Balade p\u00e9destre des Chemins du Rail<\/a><\/strong><\/p>\n\n\n\n<p><a href=\"https:\/\/www.paysdepevele.com\/village.php?id=69\"><strong>Willemau, village du Pays de P\u00e9v\u00e8le<\/strong><\/a><\/p>\n\n\n\n<figure class=\"wp-block-gallery has-nested-images columns-default is-cropped wp-block-gallery-1 is-layout-flex wp-block-gallery-is-layout-flex\">\n<figure class=\"wp-block-image size-large\"><img fetchpriority=\"high\" decoding=\"async\" width=\"400\" height=\"239\" data-id=\"2552\" src=\"https:\/\/www.lasagadesgares.be\/wordpress\/wp-content\/uploads\/2025\/11\/willemeau_froidmont_gare_ancienne1900.jpg\" alt=\"\" class=\"wp-image-2552\" srcset=\"https:\/\/www.lasagadesgares.be\/wordpress\/wp-content\/uploads\/2025\/11\/willemeau_froidmont_gare_ancienne1900.jpg 400w, https:\/\/www.lasagadesgares.be\/wordpress\/wp-content\/uploads\/2025\/11\/willemeau_froidmont_gare_ancienne1900-300x179.jpg 300w, https:\/\/www.lasagadesgares.be\/wordpress\/wp-content\/uploads\/2025\/11\/willemeau_froidmont_gare_ancienne1900-1x1.jpg 1w\" sizes=\"(max-width: 400px) 100vw, 400px\" \/><figcaption class=\"wp-element-caption\">Willemeau-Froidmont: la gare en 1900.<\/figcaption><\/figure>\n\n\n\n<figure class=\"wp-block-image size-large\"><img decoding=\"async\" width=\"400\" height=\"257\" data-id=\"2551\" src=\"https:\/\/www.lasagadesgares.be\/wordpress\/wp-content\/uploads\/2025\/11\/willemeau_froidmont_gare_ancienne2.jpg\" alt=\"\" class=\"wp-image-2551\" srcset=\"https:\/\/www.lasagadesgares.be\/wordpress\/wp-content\/uploads\/2025\/11\/willemeau_froidmont_gare_ancienne2.jpg 400w, https:\/\/www.lasagadesgares.be\/wordpress\/wp-content\/uploads\/2025\/11\/willemeau_froidmont_gare_ancienne2-300x193.jpg 300w, https:\/\/www.lasagadesgares.be\/wordpress\/wp-content\/uploads\/2025\/11\/willemeau_froidmont_gare_ancienne2-1x1.jpg 1w\" sizes=\"(max-width: 400px) 100vw, 400px\" \/><\/figure>\n\n\n\n<figure class=\"wp-block-image size-large\"><img decoding=\"async\" width=\"400\" height=\"299\" data-id=\"2550\" src=\"https:\/\/www.lasagadesgares.be\/wordpress\/wp-content\/uploads\/2025\/11\/P1010269.jpg\" alt=\"\" class=\"wp-image-2550\" srcset=\"https:\/\/www.lasagadesgares.be\/wordpress\/wp-content\/uploads\/2025\/11\/P1010269.jpg 400w, https:\/\/www.lasagadesgares.be\/wordpress\/wp-content\/uploads\/2025\/11\/P1010269-300x224.jpg 300w, https:\/\/www.lasagadesgares.be\/wordpress\/wp-content\/uploads\/2025\/11\/P1010269-1x1.jpg 1w\" sizes=\"(max-width: 400px) 100vw, 400px\" \/><\/figure>\n\n\n\n<figure class=\"wp-block-image size-large\"><img loading=\"lazy\" decoding=\"async\" width=\"400\" height=\"260\" data-id=\"2548\" src=\"https:\/\/www.lasagadesgares.be\/wordpress\/wp-content\/uploads\/2025\/11\/Willemeau-Froidmont-TH-7700188-R-A.jpg\" alt=\"\" class=\"wp-image-2548\" srcset=\"https:\/\/www.lasagadesgares.be\/wordpress\/wp-content\/uploads\/2025\/11\/Willemeau-Froidmont-TH-7700188-R-A.jpg 400w, https:\/\/www.lasagadesgares.be\/wordpress\/wp-content\/uploads\/2025\/11\/Willemeau-Froidmont-TH-7700188-R-A-300x195.jpg 300w, https:\/\/www.lasagadesgares.be\/wordpress\/wp-content\/uploads\/2025\/11\/Willemeau-Froidmont-TH-7700188-R-A-1x1.jpg 1w\" sizes=\"(max-width: 400px) 100vw, 400px\" \/><figcaption class=\"wp-element-caption\">Willemeau-Froidmont<\/figcaption><\/figure>\n\n\n\n<figure class=\"wp-block-image size-large\"><img loading=\"lazy\" decoding=\"async\" width=\"400\" height=\"299\" data-id=\"2553\" src=\"https:\/\/www.lasagadesgares.be\/wordpress\/wp-content\/uploads\/2025\/11\/Willemeau-Hangard_marchandises.jpg\" alt=\"\" class=\"wp-image-2553\" srcset=\"https:\/\/www.lasagadesgares.be\/wordpress\/wp-content\/uploads\/2025\/11\/Willemeau-Hangard_marchandises.jpg 400w, https:\/\/www.lasagadesgares.be\/wordpress\/wp-content\/uploads\/2025\/11\/Willemeau-Hangard_marchandises-300x224.jpg 300w, https:\/\/www.lasagadesgares.be\/wordpress\/wp-content\/uploads\/2025\/11\/Willemeau-Hangard_marchandises-1x1.jpg 1w\" sizes=\"(max-width: 400px) 100vw, 400px\" \/><figcaption class=\"wp-element-caption\">L&rsquo;ancien hangar aux marchandises de la gare de Willemeau.<\/figcaption><\/figure>\n<\/figure>\n","protected":false},"excerpt":{"rendered":"<p>Bienvenue \u00e0 l\u2019ancienne gare de Willemau-Froidmont! Nous sommes sur l\u2019ancienne 88 A, entre Tournai et la fronti\u00e8re fran\u00e7aise via Rumes, dont la gare-fronti\u00e8re est \u00e0 quelque 3 kilom\u00e8tres. \u00ab&nbsp;Willemeau-Froidmont, 1 minute d\u2019arr\u00eat!&nbsp;\u00bb C\u2019est ce qu\u2019on peut lire sur un indicateur des chemins de fer du d\u00e9but des ann\u00e9es 1900. Le ligne internationale 88 A est [&hellip;]<\/p>\n","protected":false},"author":2,"featured_media":2552,"comment_status":"closed","ping_status":"open","sticky":false,"template":"","format":"standard","meta":{"footnotes":""},"categories":[59],"tags":[],"class_list":["post-2488","post","type-post","status-publish","format-standard","has-post-thumbnail","hentry","category-ligne-088a"],"_links":{"self":[{"href":"https:\/\/www.lasagadesgares.be\/wordpress\/wp-json\/wp\/v2\/posts\/2488","targetHints":{"allow":["GET"]}}],"collection":[{"href":"https:\/\/www.lasagadesgares.be\/wordpress\/wp-json\/wp\/v2\/posts"}],"about":[{"href":"https:\/\/www.lasagadesgares.be\/wordpress\/wp-json\/wp\/v2\/types\/post"}],"author":[{"embeddable":true,"href":"https:\/\/www.lasagadesgares.be\/wordpress\/wp-json\/wp\/v2\/users\/2"}],"replies":[{"embeddable":true,"href":"https:\/\/www.lasagadesgares.be\/wordpress\/wp-json\/wp\/v2\/comments?post=2488"}],"version-history":[{"count":5,"href":"https:\/\/www.lasagadesgares.be\/wordpress\/wp-json\/wp\/v2\/posts\/2488\/revisions"}],"predecessor-version":[{"id":2556,"href":"https:\/\/www.lasagadesgares.be\/wordpress\/wp-json\/wp\/v2\/posts\/2488\/revisions\/2556"}],"wp:featuredmedia":[{"embeddable":true,"href":"https:\/\/www.lasagadesgares.be\/wordpress\/wp-json\/wp\/v2\/media\/2552"}],"wp:attachment":[{"href":"https:\/\/www.lasagadesgares.be\/wordpress\/wp-json\/wp\/v2\/media?parent=2488"}],"wp:term":[{"taxonomy":"category","embeddable":true,"href":"https:\/\/www.lasagadesgares.be\/wordpress\/wp-json\/wp\/v2\/categories?post=2488"},{"taxonomy":"post_tag","embeddable":true,"href":"https:\/\/www.lasagadesgares.be\/wordpress\/wp-json\/wp\/v2\/tags?post=2488"}],"curies":[{"name":"wp","href":"https:\/\/api.w.org\/{rel}","templated":true}]}}