{"id":2434,"date":"2025-11-02T08:29:58","date_gmt":"2025-11-02T07:29:58","guid":{"rendered":"https:\/\/www.lasagadesgares.be\/wordpress\/?p=2434"},"modified":"2025-11-11T22:20:49","modified_gmt":"2025-11-11T21:20:49","slug":"vierves","status":"publish","type":"post","link":"https:\/\/www.lasagadesgares.be\/wordpress\/vierves\/","title":{"rendered":"La gare de Vierves"},"content":{"rendered":"\n<p>Bienvenue en gare de Vierves! Nous sommes sur la <a href=\"https:\/\/www.lasagadesgares.be\/wordpress\/la-ligne-132\/\">ligne 132<\/a>, de Charleroi-Sud \u00e0 Treignes et \u00e0 la fronti\u00e8re fran\u00e7aise. La gare est situ\u00e9e entre Olloy-sur-Viroin et Treignes.<\/p>\n\n\n\n<p>La ligne 132 a \u00e9t\u00e9 ouverte le 15 juin 1854 par la Soci\u00e9t\u00e9 de Chemin de Fer de l\u2019Entre-Sambre-et-Meuse. Le b\u00e2timent principal qui fut construit \u00e0 Vierves est particulier, plus grand que celui des gares ordinaires de la Compagnie priv\u00e9e, en ce que Vierves avait un r\u00f4le de gare fronti\u00e8re. Il est compos\u00e9 d&rsquo;un corps central large de sept trav\u00e9es et de deux ailes lat\u00e9rales en l\u00e9ger retrait qui comprenaient le poste de douane. L\u2019appartement du chef de gare occupait l\u2019\u00e9tage du b\u00e2timent.<\/p>\n\n\n\n<p>La voie principale avec un quai de 90 m\u00e8tres passait devant le B\u00e2timent principal \u00ab&nbsp;des Recettes&nbsp;\u00bb. En venant de Olloy-sur-Viroin, un quai haut de chargement longeait la voie principale. Une autre voie secondaire y arrivait en cul-de-sac, le long du hangar aux marchandises. Du c\u00f4t\u00e9 de Treignes, on trouvait un passage non-gard\u00e9 (n\u00b0 299).<\/p>\n\n\n\n<p>La ligne a ici \u00e9t\u00e9 ferm\u00e9e aux voyageurs le 29 septembre1963. Elle est aujourd\u2019hui utilis\u00e9e par les trains touristiques des \u00ab&nbsp;Chemins de Fer des 3 Vall\u00e9es&nbsp;\u00bb.<\/p>\n\n\n\n<p>Le b\u00e2timent de gare de Vierves ainsi que le hangar aux marchandises existent toujours. Ils ont \u00e9t\u00e9 r\u00e9affect\u00e9s et h\u00e9bergent aujourd\u2019hui l&rsquo;Ecosite de la Vall\u00e9e du Viroin, g\u00e9r\u00e9 par le Cercle des Naturalistes de Belgique. <em>(Photos: Ph. Meurant\/<a href=\"https:\/\/www.garesbelges.be\/\">Gares belges d&rsquo;Autrefois<\/a> &#8211; PFT)<\/em><\/p>\n\n\n\n<p><strong><a href=\"https:\/\/beauxvillages.be\/villages\/vierves-sur-viroin\/\">Vierves-sur-Viroin, un des plus beaux village de Wallonie<\/a><\/strong><\/p>\n\n\n\n<p><strong><a href=\"https:\/\/www.viroinval.be\/fr\/loisirs\/tourisme\/office-du-tourisme\/explorez\/nature-patrimoine\/patrimoine\/vierves-sur-viroin-un-des-plus-beaux-villages-de-wallonie\">Commune de Viroinval<\/a><\/strong><\/p>\n\n\n\n<p><strong><a href=\"https:\/\/cfv3v.eu\/\">Chemin de Fer \u00e0 Vapeur des Trois Vall\u00e9es<\/a><\/strong><\/p>\n\n\n\n<p><strong><a href=\"https:\/\/www.parc-national-esem.be\/fr\/vallee-du-viroin\">Parc national de l&rsquo;Entre-Sambre-et-Meuse<\/a><\/strong><\/p>\n\n\n\n<figure class=\"wp-block-gallery has-nested-images columns-default is-cropped wp-block-gallery-1 is-layout-flex wp-block-gallery-is-layout-flex\">\n<figure class=\"wp-block-image size-large\"><img fetchpriority=\"high\" decoding=\"async\" width=\"400\" height=\"267\" data-id=\"2436\" src=\"https:\/\/www.lasagadesgares.be\/wordpress\/wp-content\/uploads\/2025\/11\/Vierves-00.jpg\" alt=\"\" class=\"wp-image-2436\" srcset=\"https:\/\/www.lasagadesgares.be\/wordpress\/wp-content\/uploads\/2025\/11\/Vierves-00.jpg 400w, https:\/\/www.lasagadesgares.be\/wordpress\/wp-content\/uploads\/2025\/11\/Vierves-00-300x200.jpg 300w, https:\/\/www.lasagadesgares.be\/wordpress\/wp-content\/uploads\/2025\/11\/Vierves-00-1x1.jpg 1w\" sizes=\"(max-width: 400px) 100vw, 400px\" \/><\/figure>\n\n\n\n<figure class=\"wp-block-image size-large\"><img decoding=\"async\" width=\"400\" height=\"133\" data-id=\"2437\" src=\"https:\/\/www.lasagadesgares.be\/wordpress\/wp-content\/uploads\/2025\/11\/Vierves-BR.jpg\" alt=\"\" class=\"wp-image-2437\" srcset=\"https:\/\/www.lasagadesgares.be\/wordpress\/wp-content\/uploads\/2025\/11\/Vierves-BR.jpg 400w, https:\/\/www.lasagadesgares.be\/wordpress\/wp-content\/uploads\/2025\/11\/Vierves-BR-300x100.jpg 300w, https:\/\/www.lasagadesgares.be\/wordpress\/wp-content\/uploads\/2025\/11\/Vierves-BR-1x1.jpg 1w\" sizes=\"(max-width: 400px) 100vw, 400px\" \/><figcaption class=\"wp-element-caption\">Plan du b\u00e2timent principal<\/figcaption><\/figure>\n\n\n\n<figure class=\"wp-block-image size-large\"><img decoding=\"async\" width=\"400\" height=\"259\" data-id=\"2435\" src=\"https:\/\/www.lasagadesgares.be\/wordpress\/wp-content\/uploads\/2025\/11\/Vierves-TH-7700443-R-A-1.jpg\" alt=\"\" class=\"wp-image-2435\" srcset=\"https:\/\/www.lasagadesgares.be\/wordpress\/wp-content\/uploads\/2025\/11\/Vierves-TH-7700443-R-A-1.jpg 400w, https:\/\/www.lasagadesgares.be\/wordpress\/wp-content\/uploads\/2025\/11\/Vierves-TH-7700443-R-A-1-300x194.jpg 300w, https:\/\/www.lasagadesgares.be\/wordpress\/wp-content\/uploads\/2025\/11\/Vierves-TH-7700443-R-A-1-1x1.jpg 1w\" sizes=\"(max-width: 400px) 100vw, 400px\" \/><figcaption class=\"wp-element-caption\">Vierves<\/figcaption><\/figure>\n<\/figure>\n\n\n\n<p><\/p>\n","protected":false},"excerpt":{"rendered":"<p>Bienvenue en gare de Vierves! Nous sommes sur la ligne 132, de Charleroi-Sud \u00e0 Treignes et \u00e0 la fronti\u00e8re fran\u00e7aise. La gare est situ\u00e9e entre Olloy-sur-Viroin et Treignes. La ligne 132 a \u00e9t\u00e9 ouverte le 15 juin 1854 par la Soci\u00e9t\u00e9 de Chemin de Fer de l\u2019Entre-Sambre-et-Meuse. Le b\u00e2timent principal qui fut construit \u00e0 Vierves [&hellip;]<\/p>\n","protected":false},"author":1,"featured_media":2436,"comment_status":"closed","ping_status":"open","sticky":false,"template":"","format":"standard","meta":{"footnotes":""},"categories":[34],"tags":[],"class_list":["post-2434","post","type-post","status-publish","format-standard","has-post-thumbnail","hentry","category-ligne-132"],"_links":{"self":[{"href":"https:\/\/www.lasagadesgares.be\/wordpress\/wp-json\/wp\/v2\/posts\/2434","targetHints":{"allow":["GET"]}}],"collection":[{"href":"https:\/\/www.lasagadesgares.be\/wordpress\/wp-json\/wp\/v2\/posts"}],"about":[{"href":"https:\/\/www.lasagadesgares.be\/wordpress\/wp-json\/wp\/v2\/types\/post"}],"author":[{"embeddable":true,"href":"https:\/\/www.lasagadesgares.be\/wordpress\/wp-json\/wp\/v2\/users\/1"}],"replies":[{"embeddable":true,"href":"https:\/\/www.lasagadesgares.be\/wordpress\/wp-json\/wp\/v2\/comments?post=2434"}],"version-history":[{"count":1,"href":"https:\/\/www.lasagadesgares.be\/wordpress\/wp-json\/wp\/v2\/posts\/2434\/revisions"}],"predecessor-version":[{"id":2438,"href":"https:\/\/www.lasagadesgares.be\/wordpress\/wp-json\/wp\/v2\/posts\/2434\/revisions\/2438"}],"wp:featuredmedia":[{"embeddable":true,"href":"https:\/\/www.lasagadesgares.be\/wordpress\/wp-json\/wp\/v2\/media\/2436"}],"wp:attachment":[{"href":"https:\/\/www.lasagadesgares.be\/wordpress\/wp-json\/wp\/v2\/media?parent=2434"}],"wp:term":[{"taxonomy":"category","embeddable":true,"href":"https:\/\/www.lasagadesgares.be\/wordpress\/wp-json\/wp\/v2\/categories?post=2434"},{"taxonomy":"post_tag","embeddable":true,"href":"https:\/\/www.lasagadesgares.be\/wordpress\/wp-json\/wp\/v2\/tags?post=2434"}],"curies":[{"name":"wp","href":"https:\/\/api.w.org\/{rel}","templated":true}]}}