{"id":2420,"date":"2025-11-02T08:00:35","date_gmt":"2025-11-02T07:00:35","guid":{"rendered":"https:\/\/www.lasagadesgares.be\/wordpress\/?p=2420"},"modified":"2025-11-11T22:21:03","modified_gmt":"2025-11-11T21:21:03","slug":"cerfontaine","status":"publish","type":"post","link":"https:\/\/www.lasagadesgares.be\/wordpress\/cerfontaine\/","title":{"rendered":"La gare de Cerfontaine"},"content":{"rendered":"\n<p>Bienvenue en gare de Cerfontaine. Nous sommes sur la <a href=\"https:\/\/www.lasagadesgares.be\/wordpress\/la-ligne-132\/\">ligne 132<\/a>, de Charleroi-Sud \u00e0 la fronti\u00e8re fran\u00e7aise via Treignes. La gare \u00e9tait situ\u00e9e entre Falemprise et Senzeille.<\/p>\n\n\n\n<p>La gare de Cerfontaine fut mise en service en 1853 par la Soci\u00e9t\u00e9 du Chemin de Fer de l&rsquo;Entre-Sambre-et-Meuse, \u00e0 l\u2019ouverture de la ligne \u00e0 voie unique entre Silenrieux et Cerfontaine. Son premi\u00e8re b\u00e2timent des voyageurs \u00e9tait de style n\u00e9o-classique et construit en parall\u00e8le aux voies. La gare de Cerfontaine fut un terminus, jusqu\u2019\u00e0 l\u2019ouverture de la section vers Mariembourg, le 8 juin 1854.<\/p>\n\n\n\n<p>La mise \u00e0 double voie, en 1912, de la ligne 132 Charleroi &#8211; Vireux (F) a n\u00e9cessit\u00e9 la suppression des passages \u00e0 niveaux dangereux dans la localit\u00e9 de Cerfontaine. Il avait d\u00e9j\u00e0 \u00e9t\u00e9 d\u00e9cid\u00e9 en 1905 de construire un nouveau b\u00e2timent principal: les travaux commenc\u00e8rent en 1913 sur base d\u2019une tranch\u00e9e enjamb\u00e9e par une gare-pont qui rempla\u00e7a un premier b\u00e2timent n\u00e9o-classique. Le chantier fut arr\u00eat\u00e9 pendant le Grande Guerre. Les travaux furent termin\u00e9e en 1920.<\/p>\n\n\n\n<p>Construit en 1913 dans un style \u00e9clectique, le nouveau b\u00e2timent a pour principale particularit\u00e9 d&rsquo;\u00eatre b\u00e2ti sur un pont, \u00e0 cheval sur l\u2019ancienne ligne de chemin de fer. Cette nouvelle gare de briques rouges est une variante du type de gare \u00ab&nbsp;Etat Belge&nbsp;\u00bb. La fa\u00e7ade arri\u00e8re est \u00e9quip\u00e9e d&rsquo;une passerelle sur toute sa longueur, permettant de passer d\u2019un c\u00f4t\u00e9 \u00e0 l\u2019autre des voies. C\u00f4t\u00e9 Falemprise, le long des deux voies principales et des quais, on trouvait le raccordement de la scierie de MM. Lefevre et Carlier.<\/p>\n\n\n\n<p>Les derniers trains sont pass\u00e9s \u00e0 Cerfontaine le 30 ao\u00fbt 1970; les voies ont \u00e9t\u00e9 d\u00e9mont\u00e9es au profit du trac\u00e9 d&rsquo;une nouvelle route en vue du chantier de construction des barrages de l&rsquo;Eau d&rsquo;Heure.<\/p>\n\n\n\n<p>Le b\u00e2timent de la gare de Cerfontaine a \u00e9t\u00e9 class\u00e9 et reconverti en 1973 en mus\u00e9e de la vie r\u00e9gionale. <em>(Photos: G. Lejeune, D. W\u00e9rion\/<a href=\"https:\/\/www.garesbelges.be\/\">Gares belges d&rsquo;Autrefois<\/a>)<\/em><\/p>\n\n\n\n<p><strong><a href=\"https:\/\/www.cerfontaine.be\/\">Commune de Cerfontaine<\/a><\/strong><\/p>\n\n\n\n<p><strong><a href=\"https:\/\/www.sicerfontaine.be\/\">Syndicat d&rsquo;Initiative de Cerfontaine<\/a><\/strong><\/p>\n\n\n\n<p><strong><a href=\"https:\/\/visitwallonia.be\/fr-be\/content\/office-du-tourisme-de-cerfontaine\">Office du Tourisme de Cerfontaine<\/a><\/strong><\/p>\n\n\n\n<figure class=\"wp-block-gallery has-nested-images columns-default is-cropped wp-block-gallery-1 is-layout-flex wp-block-gallery-is-layout-flex\">\n<figure class=\"wp-block-image size-large\"><img fetchpriority=\"high\" decoding=\"async\" width=\"400\" height=\"278\" data-id=\"2430\" src=\"https:\/\/www.lasagadesgares.be\/wordpress\/wp-content\/uploads\/2025\/11\/cerfontaine_005.jpg\" alt=\"\" class=\"wp-image-2430\" srcset=\"https:\/\/www.lasagadesgares.be\/wordpress\/wp-content\/uploads\/2025\/11\/cerfontaine_005.jpg 400w, https:\/\/www.lasagadesgares.be\/wordpress\/wp-content\/uploads\/2025\/11\/cerfontaine_005-300x209.jpg 300w, https:\/\/www.lasagadesgares.be\/wordpress\/wp-content\/uploads\/2025\/11\/cerfontaine_005-1x1.jpg 1w\" sizes=\"(max-width: 400px) 100vw, 400px\" \/><figcaption class=\"wp-element-caption\">Premi\u00e8re gare de Cerfontaine<\/figcaption><\/figure>\n\n\n\n<figure class=\"wp-block-image size-large\"><img decoding=\"async\" width=\"400\" height=\"277\" data-id=\"2429\" src=\"https:\/\/www.lasagadesgares.be\/wordpress\/wp-content\/uploads\/2025\/11\/cerfontaine_008.webp\" alt=\"\" class=\"wp-image-2429\" srcset=\"https:\/\/www.lasagadesgares.be\/wordpress\/wp-content\/uploads\/2025\/11\/cerfontaine_008.webp 400w, https:\/\/www.lasagadesgares.be\/wordpress\/wp-content\/uploads\/2025\/11\/cerfontaine_008-300x208.webp 300w, https:\/\/www.lasagadesgares.be\/wordpress\/wp-content\/uploads\/2025\/11\/cerfontaine_008-1x1.webp 1w\" sizes=\"(max-width: 400px) 100vw, 400px\" \/><\/figure>\n\n\n\n<figure class=\"wp-block-image size-large\"><img decoding=\"async\" width=\"400\" height=\"262\" data-id=\"2428\" src=\"https:\/\/www.lasagadesgares.be\/wordpress\/wp-content\/uploads\/2025\/11\/cerfontaine_001.jpg\" alt=\"\" class=\"wp-image-2428\" srcset=\"https:\/\/www.lasagadesgares.be\/wordpress\/wp-content\/uploads\/2025\/11\/cerfontaine_001.jpg 400w, https:\/\/www.lasagadesgares.be\/wordpress\/wp-content\/uploads\/2025\/11\/cerfontaine_001-300x197.jpg 300w, https:\/\/www.lasagadesgares.be\/wordpress\/wp-content\/uploads\/2025\/11\/cerfontaine_001-1x1.jpg 1w\" sizes=\"(max-width: 400px) 100vw, 400px\" \/><figcaption class=\"wp-element-caption\">Deuxi\u00e8me gare de Cerfontaine<\/figcaption><\/figure>\n\n\n\n<figure class=\"wp-block-image size-large\"><img loading=\"lazy\" decoding=\"async\" width=\"400\" height=\"300\" data-id=\"2427\" src=\"https:\/\/www.lasagadesgares.be\/wordpress\/wp-content\/uploads\/2025\/11\/cerfontaine_002.jpg\" alt=\"\" class=\"wp-image-2427\" srcset=\"https:\/\/www.lasagadesgares.be\/wordpress\/wp-content\/uploads\/2025\/11\/cerfontaine_002.jpg 400w, https:\/\/www.lasagadesgares.be\/wordpress\/wp-content\/uploads\/2025\/11\/cerfontaine_002-300x225.jpg 300w, https:\/\/www.lasagadesgares.be\/wordpress\/wp-content\/uploads\/2025\/11\/cerfontaine_002-1x1.jpg 1w\" sizes=\"(max-width: 400px) 100vw, 400px\" \/><\/figure>\n<\/figure>\n","protected":false},"excerpt":{"rendered":"<p>Bienvenue en gare de Cerfontaine. Nous sommes sur la ligne 132, de Charleroi-Sud \u00e0 la fronti\u00e8re fran\u00e7aise via Treignes. La gare \u00e9tait situ\u00e9e entre Falemprise et Senzeille. La gare de Cerfontaine fut mise en service en 1853 par la Soci\u00e9t\u00e9 du Chemin de Fer de l&rsquo;Entre-Sambre-et-Meuse, \u00e0 l\u2019ouverture de la ligne \u00e0 voie unique entre [&hellip;]<\/p>\n","protected":false},"author":1,"featured_media":2428,"comment_status":"closed","ping_status":"open","sticky":false,"template":"","format":"standard","meta":{"footnotes":""},"categories":[34],"tags":[],"class_list":["post-2420","post","type-post","status-publish","format-standard","has-post-thumbnail","hentry","category-ligne-132"],"_links":{"self":[{"href":"https:\/\/www.lasagadesgares.be\/wordpress\/wp-json\/wp\/v2\/posts\/2420","targetHints":{"allow":["GET"]}}],"collection":[{"href":"https:\/\/www.lasagadesgares.be\/wordpress\/wp-json\/wp\/v2\/posts"}],"about":[{"href":"https:\/\/www.lasagadesgares.be\/wordpress\/wp-json\/wp\/v2\/types\/post"}],"author":[{"embeddable":true,"href":"https:\/\/www.lasagadesgares.be\/wordpress\/wp-json\/wp\/v2\/users\/1"}],"replies":[{"embeddable":true,"href":"https:\/\/www.lasagadesgares.be\/wordpress\/wp-json\/wp\/v2\/comments?post=2420"}],"version-history":[{"count":1,"href":"https:\/\/www.lasagadesgares.be\/wordpress\/wp-json\/wp\/v2\/posts\/2420\/revisions"}],"predecessor-version":[{"id":2431,"href":"https:\/\/www.lasagadesgares.be\/wordpress\/wp-json\/wp\/v2\/posts\/2420\/revisions\/2431"}],"wp:featuredmedia":[{"embeddable":true,"href":"https:\/\/www.lasagadesgares.be\/wordpress\/wp-json\/wp\/v2\/media\/2428"}],"wp:attachment":[{"href":"https:\/\/www.lasagadesgares.be\/wordpress\/wp-json\/wp\/v2\/media?parent=2420"}],"wp:term":[{"taxonomy":"category","embeddable":true,"href":"https:\/\/www.lasagadesgares.be\/wordpress\/wp-json\/wp\/v2\/categories?post=2420"},{"taxonomy":"post_tag","embeddable":true,"href":"https:\/\/www.lasagadesgares.be\/wordpress\/wp-json\/wp\/v2\/tags?post=2420"}],"curies":[{"name":"wp","href":"https:\/\/api.w.org\/{rel}","templated":true}]}}