{"id":2408,"date":"2025-11-02T07:34:00","date_gmt":"2025-11-02T06:34:00","guid":{"rendered":"https:\/\/www.lasagadesgares.be\/wordpress\/?p=2408"},"modified":"2025-11-11T22:21:16","modified_gmt":"2025-11-11T21:21:16","slug":"philippeville","status":"publish","type":"post","link":"https:\/\/www.lasagadesgares.be\/wordpress\/philippeville\/","title":{"rendered":"La gare de Philippeville"},"content":{"rendered":"\n<p>Bienvenue \u00e0 la gare de Philippeville! Nous sommes sur la <a href=\"https:\/\/www.lasagadesgares.be\/wordpress\/la-ligne-132\/\">ligne 132<\/a> reliant Charleroi, Walcourt, Mariembourg, Treignes et la fronti\u00e8re fran\u00e7aise.<\/p>\n\n\n\n<p>Pour \u00e9viter une zone engloutie ou modifi\u00e9e pour la construction du barrage de l&rsquo;eau d&rsquo;Heure, une nouvelle portion de ligne 132 fut construite de Yves-Gomez\u00e9e vers Saint-Lambert, puis via l\u2019ancien trac\u00e9 de la ligne 136\/136 A (Florennes-Senzeilles) jusqu\u2019au raccordement \u00e0 Neuville-Sud. Philippeville fut directement concern\u00e9e.<\/p>\n\n\n\n<p>Une premi\u00e8re gare de Philippeville \u00e9tait situ\u00e9e entre Jamagne et Neuville-Nord sur la ligne 136 A de Florennes Central \u00e0 Senzeilles. Cette premi\u00e8re gare avait \u00e9t\u00e9 mise en service le 24 novembre 1854 par la Soci\u00e9t\u00e9 du chemin de fer de l&rsquo;Entre-Sambre-et-Meuse. Elle \u00e9tait en impasse \u00e0 l&rsquo;ext\u00e9rieur de la ville et la rue conduisant menant vers cet ancien b\u00e2timent est celle de l\u2019\u00ab&nbsp;Ancienne Gare&nbsp;\u00bb. Le b\u00e2timent existe toujours, il a \u00e9t\u00e9 reconverti en habitation; il est situ\u00e9 \u00e0 quelque 500 m\u00e8tres au nord du tunnel de Philippeville et le nouveau trac\u00e9 de la ligne 132 passe \u00e0 environ 50 m\u00e8tres \u00e0 l\u2019arri\u00e8re.<\/p>\n\n\n\n<p>Philippeville \u00ab&nbsp;1&nbsp;\u00bb fut abandonn\u00e9e vers 1908 au profit d\u2019une nouvelle gare construite par les Chemins de Fer de l\u2019\u00c9tat belge \u00e0 environ 1,1 kilom\u00e8tre de la premi\u00e8re implantation.<\/p>\n\n\n\n<p>Jusqu&rsquo;en 1970, cette gare se situait sur la ligne 136 B de Florennes \u00e0 Senzeilles. Elle fut abandonn\u00e9e dans les ann\u00e9es 1950. La construction des barrages de l&rsquo;Eau d&rsquo;Heure au d\u00e9but des ann\u00e9es 1970 conduira \u00e0 la remise en service d\u2019une partie de la ligne 136 A pour permettre la d\u00e9viation et le maintien en service de la ligne 132. L&rsquo;ouverture du nouveau trac\u00e9 de la ligne, et la r\u00e9ouverture de la gare de Philippeville, aura lieu le 31 ao\u00fbt 1970.<\/p>\n\n\n\n<p>La gare de Philippeville d\u2019aujourd\u2019hui est situ\u00e9e \u00e0 99,400 kilom\u00e8tres de Charleroi-Central (ex -Sud). Elle dispose de deux voies et d\u2019un quai le long du b\u00e2timent des recettes. Les trains\u00a0 Suburbains (S64) et d\u2019heure de pointe (P) s&rsquo;arr\u00eatent toujours en gare de Philippeville sur la ligne 132, avec un terminus \u00e0 Couvin.<em> (Photos: M. Plainchamp, Chr. Quistwater\/<a href=\"https:\/\/www.garesbelges.be\/\">Gares belges d&rsquo;Autrefois<\/a>)<\/em><\/p>\n\n\n\n<p><strong><a href=\"https:\/\/www.philippeville.be\/\">Commune de Philippeville<\/a><\/strong><\/p>\n\n\n\n<p><strong><a href=\"https:\/\/www.tourismephilippeville.be\/\">Le tourisme \u00e0 Philippeville<\/a><\/strong><\/p>\n\n\n\n<p><strong><a href=\"https:\/\/www.cm-tourisme.be\/fr\/a\/souterrains-de-philippeville\">Souterrains de Philippeville<\/a><\/strong><\/p>\n\n\n\n<p><strong><a href=\"https:\/\/www.les-petits-villages.be\/page\/activites-points-interet-roly-sautour-philippeville-namur.html\">Activit\u00e9s et points d&rsquo;int\u00e9r\u00eat autour de Philippeville<\/a><\/strong><\/p>\n\n\n\n<ul class=\"wp-block-list\">\n<li>(Coord. GPS de la premi\u00e8re gare de Philippeville Lat. 50.201101 \u2013 Long. 4.531518<\/li>\n<\/ul>\n\n\n\n<figure class=\"wp-block-gallery has-nested-images columns-default is-cropped wp-block-gallery-1 is-layout-flex wp-block-gallery-is-layout-flex\">\n<figure class=\"wp-block-image size-large\"><img fetchpriority=\"high\" decoding=\"async\" width=\"400\" height=\"300\" data-id=\"2417\" src=\"https:\/\/www.lasagadesgares.be\/wordpress\/wp-content\/uploads\/2025\/11\/philippeville-ancienne-1.jpg\" alt=\"\" class=\"wp-image-2417\" srcset=\"https:\/\/www.lasagadesgares.be\/wordpress\/wp-content\/uploads\/2025\/11\/philippeville-ancienne-1.jpg 400w, https:\/\/www.lasagadesgares.be\/wordpress\/wp-content\/uploads\/2025\/11\/philippeville-ancienne-1-300x225.jpg 300w, https:\/\/www.lasagadesgares.be\/wordpress\/wp-content\/uploads\/2025\/11\/philippeville-ancienne-1-1x1.jpg 1w\" sizes=\"(max-width: 400px) 100vw, 400px\" \/><figcaption class=\"wp-element-caption\">Premi\u00e8re gare de Philippeville<\/figcaption><\/figure>\n\n\n\n<figure class=\"wp-block-image size-large\"><img decoding=\"async\" width=\"400\" height=\"256\" data-id=\"2418\" src=\"https:\/\/www.lasagadesgares.be\/wordpress\/wp-content\/uploads\/2025\/11\/philippeville-nouvelle-gare_004.jpg\" alt=\"\" class=\"wp-image-2418\" srcset=\"https:\/\/www.lasagadesgares.be\/wordpress\/wp-content\/uploads\/2025\/11\/philippeville-nouvelle-gare_004.jpg 400w, https:\/\/www.lasagadesgares.be\/wordpress\/wp-content\/uploads\/2025\/11\/philippeville-nouvelle-gare_004-300x192.jpg 300w, https:\/\/www.lasagadesgares.be\/wordpress\/wp-content\/uploads\/2025\/11\/philippeville-nouvelle-gare_004-1x1.jpg 1w\" sizes=\"(max-width: 400px) 100vw, 400px\" \/><figcaption class=\"wp-element-caption\">Deuxi\u00e8me gare de Philippeville<\/figcaption><\/figure>\n\n\n\n<figure class=\"wp-block-image size-large\"><img decoding=\"async\" width=\"400\" height=\"233\" data-id=\"2414\" src=\"https:\/\/www.lasagadesgares.be\/wordpress\/wp-content\/uploads\/2025\/11\/Philippeville-nouveau-BR.jpg\" alt=\"\" class=\"wp-image-2414\" srcset=\"https:\/\/www.lasagadesgares.be\/wordpress\/wp-content\/uploads\/2025\/11\/Philippeville-nouveau-BR.jpg 400w, https:\/\/www.lasagadesgares.be\/wordpress\/wp-content\/uploads\/2025\/11\/Philippeville-nouveau-BR-300x175.jpg 300w, https:\/\/www.lasagadesgares.be\/wordpress\/wp-content\/uploads\/2025\/11\/Philippeville-nouveau-BR-1x1.jpg 1w\" sizes=\"(max-width: 400px) 100vw, 400px\" \/><\/figure>\n\n\n\n<figure class=\"wp-block-image size-large\"><img loading=\"lazy\" decoding=\"async\" width=\"400\" height=\"262\" data-id=\"2410\" src=\"https:\/\/www.lasagadesgares.be\/wordpress\/wp-content\/uploads\/2025\/11\/Philippeville-3.jpg\" alt=\"\" class=\"wp-image-2410\" srcset=\"https:\/\/www.lasagadesgares.be\/wordpress\/wp-content\/uploads\/2025\/11\/Philippeville-3.jpg 400w, https:\/\/www.lasagadesgares.be\/wordpress\/wp-content\/uploads\/2025\/11\/Philippeville-3-300x197.jpg 300w, https:\/\/www.lasagadesgares.be\/wordpress\/wp-content\/uploads\/2025\/11\/Philippeville-3-1x1.jpg 1w\" sizes=\"(max-width: 400px) 100vw, 400px\" \/><\/figure>\n\n\n\n<figure class=\"wp-block-image size-large\"><img loading=\"lazy\" decoding=\"async\" width=\"391\" height=\"400\" data-id=\"2409\" src=\"https:\/\/www.lasagadesgares.be\/wordpress\/wp-content\/uploads\/2025\/11\/Philippeville-2.jpg\" alt=\"\" class=\"wp-image-2409\" srcset=\"https:\/\/www.lasagadesgares.be\/wordpress\/wp-content\/uploads\/2025\/11\/Philippeville-2.jpg 391w, https:\/\/www.lasagadesgares.be\/wordpress\/wp-content\/uploads\/2025\/11\/Philippeville-2-293x300.jpg 293w, https:\/\/www.lasagadesgares.be\/wordpress\/wp-content\/uploads\/2025\/11\/Philippeville-2-1x1.jpg 1w\" sizes=\"(max-width: 391px) 100vw, 391px\" \/><\/figure>\n<\/figure>\n","protected":false},"excerpt":{"rendered":"<p>Bienvenue \u00e0 la gare de Philippeville! Nous sommes sur la ligne 132 reliant Charleroi, Walcourt, Mariembourg, Treignes et la fronti\u00e8re fran\u00e7aise. Pour \u00e9viter une zone engloutie ou modifi\u00e9e pour la construction du barrage de l&rsquo;eau d&rsquo;Heure, une nouvelle portion de ligne 132 fut construite de Yves-Gomez\u00e9e vers Saint-Lambert, puis via l\u2019ancien trac\u00e9 de la ligne [&hellip;]<\/p>\n","protected":false},"author":1,"featured_media":2418,"comment_status":"closed","ping_status":"open","sticky":false,"template":"","format":"standard","meta":{"footnotes":""},"categories":[53,58],"tags":[],"class_list":["post-2408","post","type-post","status-publish","format-standard","has-post-thumbnail","hentry","category-ligne-132-apres-1970","category-ligne-136b"],"_links":{"self":[{"href":"https:\/\/www.lasagadesgares.be\/wordpress\/wp-json\/wp\/v2\/posts\/2408","targetHints":{"allow":["GET"]}}],"collection":[{"href":"https:\/\/www.lasagadesgares.be\/wordpress\/wp-json\/wp\/v2\/posts"}],"about":[{"href":"https:\/\/www.lasagadesgares.be\/wordpress\/wp-json\/wp\/v2\/types\/post"}],"author":[{"embeddable":true,"href":"https:\/\/www.lasagadesgares.be\/wordpress\/wp-json\/wp\/v2\/users\/1"}],"replies":[{"embeddable":true,"href":"https:\/\/www.lasagadesgares.be\/wordpress\/wp-json\/wp\/v2\/comments?post=2408"}],"version-history":[{"count":1,"href":"https:\/\/www.lasagadesgares.be\/wordpress\/wp-json\/wp\/v2\/posts\/2408\/revisions"}],"predecessor-version":[{"id":2419,"href":"https:\/\/www.lasagadesgares.be\/wordpress\/wp-json\/wp\/v2\/posts\/2408\/revisions\/2419"}],"wp:featuredmedia":[{"embeddable":true,"href":"https:\/\/www.lasagadesgares.be\/wordpress\/wp-json\/wp\/v2\/media\/2418"}],"wp:attachment":[{"href":"https:\/\/www.lasagadesgares.be\/wordpress\/wp-json\/wp\/v2\/media?parent=2408"}],"wp:term":[{"taxonomy":"category","embeddable":true,"href":"https:\/\/www.lasagadesgares.be\/wordpress\/wp-json\/wp\/v2\/categories?post=2408"},{"taxonomy":"post_tag","embeddable":true,"href":"https:\/\/www.lasagadesgares.be\/wordpress\/wp-json\/wp\/v2\/tags?post=2408"}],"curies":[{"name":"wp","href":"https:\/\/api.w.org\/{rel}","templated":true}]}}