{"id":2405,"date":"2025-11-02T07:05:01","date_gmt":"2025-11-02T06:05:01","guid":{"rendered":"https:\/\/www.lasagadesgares.be\/wordpress\/?p=2405"},"modified":"2025-11-13T19:41:25","modified_gmt":"2025-11-13T18:41:25","slug":"jamagne","status":"publish","type":"post","link":"https:\/\/www.lasagadesgares.be\/wordpress\/jamagne\/","title":{"rendered":"Le point d\u2019arr\u00eat de Jamagne"},"content":{"rendered":"\n<p>Bienvenue au point d\u2019arr\u00eat de Jamagne! Nous sommes sur la <a href=\"https:\/\/www.lasagadesgares.be\/wordpress\/la-ligne-132\/\">ligne 132<\/a> <em>(nouveau trac\u00e9 &#8211; Coord. de l&rsquo;ancien emplacement en bas du texte)<\/em> reliant Charleroi, Walcourt, Mariembourg, Treignes et la fronti\u00e8re fran\u00e7aise.<\/p>\n\n\n\n<p>Pour \u00e9viter une zone engloutie ou modifi\u00e9e pour la construction du barrage de l&rsquo;Eau d&rsquo;Heure, une nouvelle portion de ligne fut construite de Yves-Gomez\u00e9e vers Saint-Lambert, puis via l\u2019ancien trac\u00e9 de la ligne 136\/136 A (Florennes-Central &#8211; Senzeilles) jusqu\u2019au raccordement \u00e0 Neuville-Sud.<\/p>\n\n\n\n<p>Le point d&rsquo;arr\u00eat de Jamagne \u00e9tait situ\u00e9 entre Saint-Lambert et Philippeville sur la ligne 136. Apr\u00e8s le 31 septembre 1970, il se trouvait sur le nouveau trac\u00e9 de la ligne 132 entre Yves-Gomez\u00e9e et Jamagne.<\/p>\n\n\n\n<p>C\u00f4t\u00e9 Walcourt, d&rsquo;anciennes installations d\u00e9molies en 1964 comprenaient un quai d&#8217;embarquement et une cour aux marchandises. On trouvait \u00e0 Jamagne en 1972 un quai pour voyageurs le long de la voie unique\u00a0; ce quai \u00e9tait coinc\u00e9 entre les deux passages inf\u00e9rieurs du village. Il n&rsquo;y a plus d&rsquo;arr\u00eat \u00e0 Jamagne depuis le 23 mai 1982. <em>(Photos: <a href=\"https:\/\/www.garesbelges.be\/\">Gares belges d&rsquo;Autrefois<\/a>)<\/em><\/p>\n\n\n\n<p><strong><a href=\"https:\/\/www.philippeville.be\/\">Commune de Philippeville<\/a><\/strong><\/p>\n\n\n\n<ul class=\"wp-block-list\">\n<li><em>Coord. GPS ancienne situation du point d&rsquo;arr\u00eat: Lat 50.204992 &#8211; Long 4.529228<\/em><\/li>\n<\/ul>\n\n\n\n<p><\/p>\n","protected":false},"excerpt":{"rendered":"<p>Bienvenue au point d\u2019arr\u00eat de Jamagne! Nous sommes sur la ligne 132 (nouveau trac\u00e9 &#8211; Coord. de l&rsquo;ancien emplacement en bas du texte) reliant Charleroi, Walcourt, Mariembourg, Treignes et la fronti\u00e8re fran\u00e7aise. Pour \u00e9viter une zone engloutie ou modifi\u00e9e pour la construction du barrage de l&rsquo;Eau d&rsquo;Heure, une nouvelle portion de ligne fut construite de [&hellip;]<\/p>\n","protected":false},"author":1,"featured_media":2406,"comment_status":"closed","ping_status":"open","sticky":false,"template":"","format":"standard","meta":{"footnotes":""},"categories":[32,34,53],"tags":[],"class_list":["post-2405","post","type-post","status-publish","format-standard","has-post-thumbnail","hentry","category-ligne-130a","category-ligne-132","category-ligne-132-apres-1970"],"_links":{"self":[{"href":"https:\/\/www.lasagadesgares.be\/wordpress\/wp-json\/wp\/v2\/posts\/2405","targetHints":{"allow":["GET"]}}],"collection":[{"href":"https:\/\/www.lasagadesgares.be\/wordpress\/wp-json\/wp\/v2\/posts"}],"about":[{"href":"https:\/\/www.lasagadesgares.be\/wordpress\/wp-json\/wp\/v2\/types\/post"}],"author":[{"embeddable":true,"href":"https:\/\/www.lasagadesgares.be\/wordpress\/wp-json\/wp\/v2\/users\/1"}],"replies":[{"embeddable":true,"href":"https:\/\/www.lasagadesgares.be\/wordpress\/wp-json\/wp\/v2\/comments?post=2405"}],"version-history":[{"count":1,"href":"https:\/\/www.lasagadesgares.be\/wordpress\/wp-json\/wp\/v2\/posts\/2405\/revisions"}],"predecessor-version":[{"id":2407,"href":"https:\/\/www.lasagadesgares.be\/wordpress\/wp-json\/wp\/v2\/posts\/2405\/revisions\/2407"}],"wp:featuredmedia":[{"embeddable":true,"href":"https:\/\/www.lasagadesgares.be\/wordpress\/wp-json\/wp\/v2\/media\/2406"}],"wp:attachment":[{"href":"https:\/\/www.lasagadesgares.be\/wordpress\/wp-json\/wp\/v2\/media?parent=2405"}],"wp:term":[{"taxonomy":"category","embeddable":true,"href":"https:\/\/www.lasagadesgares.be\/wordpress\/wp-json\/wp\/v2\/categories?post=2405"},{"taxonomy":"post_tag","embeddable":true,"href":"https:\/\/www.lasagadesgares.be\/wordpress\/wp-json\/wp\/v2\/tags?post=2405"}],"curies":[{"name":"wp","href":"https:\/\/api.w.org\/{rel}","templated":true}]}}