{"id":2383,"date":"2025-11-01T22:02:58","date_gmt":"2025-11-01T21:02:58","guid":{"rendered":"https:\/\/www.lasagadesgares.be\/wordpress\/?p=2383"},"modified":"2026-01-20T11:41:32","modified_gmt":"2026-01-20T10:41:32","slug":"brugelette","status":"publish","type":"post","link":"https:\/\/www.lasagadesgares.be\/wordpress\/brugelette\/","title":{"rendered":"La gare de Brugelette"},"content":{"rendered":"\n<p>La gare de Brugelette est situ\u00e9e sur le tron\u00e7on Jurbise \u2013 Ath de la ligne 90.<\/p>\n\n\n\n<p>Elle a \u00e9t\u00e9 mise en service le 20 septembre 1847. La gare disposait d\u2019une voie d\u2019\u00e9vitement, d\u2019une cour marchandise \u00e0 2 voies et un cul de sac, d\u2019un hangar et d\u2019une rampe de chargement.<\/p>\n\n\n\n<p>Un raccordement desservait la sucrerie.<\/p>\n\n\n\n<p>La ligne 90 sera \u00e9lectrifi\u00e9e en 1988.<\/p>\n\n\n\n<p>Le guichet a \u00e9t\u00e9 ferm\u00e9 le 23 mai 1993 et le personnel supprim\u00e9 en 2008 \u00e0 la fermeture de la sucrerie. Le raccordement a ensuite \u00e9t\u00e9 d\u00e9mont\u00e9 ainsi que les voies de la cour. Actuellement il ne subsiste que la voie d\u2019\u00e9vitement mais sa suppression est \u00e9galement envisag\u00e9e. La signalisation est command\u00e9e par le Block 27 EBP de Mons.<\/p>\n\n\n\n<p>Le b\u00e2timent d\u2019origine a \u00e9t\u00e9 remplac\u00e9, vers 1890, par une construction de type \u00ab&nbsp;Etat belge modifi\u00e9&nbsp;\u00bb. Une partie centrale \u00e0 3 trav\u00e9es, avec \u00e9tage, \u00e9tait entour\u00e9e, c\u00f4t\u00e9 PN d\u2019une aile basse \u00e0 toit plat pour les locaux de service et les sanitaires. De l\u2019autre c\u00f4t\u00e9, une aile \u00e0 3 trav\u00e9es sans \u00e9tage abritait la salle d\u2019attente. Elle \u00e9tait dot\u00e9e d\u2019une marquise en fer forc\u00e9 sur une partie du quai 1.<\/p>\n\n\n\n<p>En 1971, le hangar et l\u2019aile de la salle d\u2019attente ont \u00e9t\u00e9 d\u00e9construits pour permettre l\u2019\u00e9dification d\u2019un nouveau b\u00e2timent moderne, sans \u00e9tage. Durant les travaux une salle d\u2019attente provisoire avait \u00e9t\u00e9 am\u00e9nag\u00e9e au rez-de-chauss\u00e9e de l\u2019ancienne habitation du chef de gare.<\/p>\n\n\n\n<p>La nouvelle gare sera mise en service le 6 d\u00e9cembre 1976. Par la suite la partie restante de l\u2019ancien b\u00e2timent a \u00e9t\u00e9 d\u00e9molie pour faire place \u00e0 une pelouse et \u00e0 un parking.<\/p>\n","protected":false},"excerpt":{"rendered":"<p>La gare de Brugelette est situ\u00e9e sur le tron\u00e7on Jurbise \u2013 Ath de la ligne 90. Elle a \u00e9t\u00e9 mise en service le 20 septembre 1847. La gare disposait d\u2019une voie d\u2019\u00e9vitement, d\u2019une cour marchandise \u00e0 2 voies et un cul de sac, d\u2019un hangar et d\u2019une rampe de chargement. Un raccordement desservait la sucrerie. [&hellip;]<\/p>\n","protected":false},"author":2,"featured_media":6424,"comment_status":"closed","ping_status":"open","sticky":false,"template":"","format":"standard","meta":{"footnotes":""},"categories":[51,50],"tags":[],"class_list":["post-2383","post","type-post","status-publish","format-standard","has-post-thumbnail","hentry","category-en-construction","category-ligne-090c"],"_links":{"self":[{"href":"https:\/\/www.lasagadesgares.be\/wordpress\/wp-json\/wp\/v2\/posts\/2383","targetHints":{"allow":["GET"]}}],"collection":[{"href":"https:\/\/www.lasagadesgares.be\/wordpress\/wp-json\/wp\/v2\/posts"}],"about":[{"href":"https:\/\/www.lasagadesgares.be\/wordpress\/wp-json\/wp\/v2\/types\/post"}],"author":[{"embeddable":true,"href":"https:\/\/www.lasagadesgares.be\/wordpress\/wp-json\/wp\/v2\/users\/2"}],"replies":[{"embeddable":true,"href":"https:\/\/www.lasagadesgares.be\/wordpress\/wp-json\/wp\/v2\/comments?post=2383"}],"version-history":[{"count":2,"href":"https:\/\/www.lasagadesgares.be\/wordpress\/wp-json\/wp\/v2\/posts\/2383\/revisions"}],"predecessor-version":[{"id":6425,"href":"https:\/\/www.lasagadesgares.be\/wordpress\/wp-json\/wp\/v2\/posts\/2383\/revisions\/6425"}],"wp:featuredmedia":[{"embeddable":true,"href":"https:\/\/www.lasagadesgares.be\/wordpress\/wp-json\/wp\/v2\/media\/6424"}],"wp:attachment":[{"href":"https:\/\/www.lasagadesgares.be\/wordpress\/wp-json\/wp\/v2\/media?parent=2383"}],"wp:term":[{"taxonomy":"category","embeddable":true,"href":"https:\/\/www.lasagadesgares.be\/wordpress\/wp-json\/wp\/v2\/categories?post=2383"},{"taxonomy":"post_tag","embeddable":true,"href":"https:\/\/www.lasagadesgares.be\/wordpress\/wp-json\/wp\/v2\/tags?post=2383"}],"curies":[{"name":"wp","href":"https:\/\/api.w.org\/{rel}","templated":true}]}}