{"id":2310,"date":"2025-11-01T15:35:02","date_gmt":"2025-11-01T14:35:02","guid":{"rendered":"https:\/\/www.lasagadesgares.be\/wordpress\/?p=2310"},"modified":"2025-11-11T22:26:48","modified_gmt":"2025-11-11T21:26:48","slug":"saint-lambert","status":"publish","type":"post","link":"https:\/\/www.lasagadesgares.be\/wordpress\/saint-lambert\/","title":{"rendered":"La gare de Saint-Lambert"},"content":{"rendered":"\n<p>Bienvenue en gare de Saint-Lambert. Nous sommes dans l&rsquo;entit\u00e9 de Walcourt, pr\u00e8s d&rsquo;Yves-Gomez\u00e9e, sur la <a href=\"https:\/\/www.lasagadesgares.be\/wordpress\/la-ligne-132\/\">ligne 132<\/a> entre Charleroi-Sud et la fronti\u00e8re fran\u00e7aise, via Treignes, ainsi que sur l&rsquo;ancienne 136.<\/p>\n\n\n\n<p>La gare de Saint-Lambert a \u00e9t\u00e9 mise en service le 15 d\u00e9cembre 1853 par la Soci\u00e9t\u00e9 du Chemin de Fer de l\u2019Entre-Sambre-et-Meuse, qui allait \u00eatre int\u00e9gr\u00e9e au Grand Central belge avant la nationalisation en 1897. Elle fut \u00e9quip\u00e9e d\u2019un premier b\u00e2timent principal qui fut agrandi en 1904 au niveau du corps de logis. Ce b\u00e2timent des recettes avait \u00e9t\u00e9 construit dans style standard de la compagnie Entre-Sambre-et-Meuse, avec, notamment, une fa\u00e7ade en briques.<\/p>\n\n\n\n<p>Venant de Walcourt, une voie partait vers le raccordement de la gare priv\u00e9e de \u00ab&nbsp;Mme Jeanne Dardenne&nbsp;\u00bb. Apr\u00e8s le passage \u00e0 niveau n\u00b010 et le quai \u00e0 voyageurs, une autre voie longeait la cour aux marchandises et une rampe, ainsi que le raccordement de la \u00ab&nbsp;S.A. des Forges et Fonderies Remy.&nbsp;\u00bb<\/p>\n\n\n\n<p>La gare a \u00e9t\u00e9 ferm\u00e9e une premi\u00e8re fois en 1962, \u00e0 la suppression des trains de voyageurs. Elle a rouvert ses portes lorsque la section a \u00e9t\u00e9 int\u00e9gr\u00e9e \u00e0 la ligne 132N, solution de continuit\u00e9 entre Walcourt et Mariembourg. Une nouvelle section de ligne fut, en effet, construite pour \u00e9viter une zone engloutie ou modifi\u00e9e par le chantier de la construction du barrage de l&rsquo;Eau d&rsquo;Heure; cette section part de Yves-Gomez\u00e9e vers Saint-Lambert, puis via l\u2019ancien trac\u00e9 de la ligne 136\/136B (Florennes-Senzeilles) jusqu\u2019au raccordement \u00e0 Neuville-Sud. La gare de Saint Lambert est ainsi situ\u00e9e sur la ligne 136 de Walcourt \u00e0 Florennes et, depuis le 31 octobre 1970, sur le nouveau trac\u00e9 de la ligne 132 entre Yves-Gomez\u00e9e et Jamagne.<\/p>\n\n\n\n<p>La gare de Saint-Lambert a de nouveau ferm\u00e9 en 1982. Apr\u00e8s la fermeture du guichet, le b\u00e2timent a \u00e9t\u00e9 vendu pour devenir une habitation. La gare de Yves-Gomez\u00e9e accueille aujourd\u2019hui les voyageurs. <em>(Photos: Chr. Quistwater-Gr. Lejeune\/<a href=\"https:\/\/www.garesbelges.be\/\" data-type=\"link\" data-id=\"https:\/\/www.garesbelges.be\/\">Gares belges d&rsquo;Autrefois<\/a>)<\/em><\/p>\n\n\n\n<p><strong><a href=\"https:\/\/www.walcourt.be\/les-villages\/yves-gomezee\/\">Yves-Gomez\u00e9e, dans l&rsquo;entit\u00e9 de Walcourt<\/a><\/strong><\/p>\n\n\n\n<p><strong><a href=\"https:\/\/www.museedesmarches.be\/index.php?page=Company\/comp&amp;cid=yvesgomezee\">Les Compagnies des Marcheurs (de l&rsquo;Entre-Sambre-et-Meuse)<\/a><\/strong><\/p>\n\n\n\n<figure class=\"wp-block-gallery has-nested-images columns-default is-cropped wp-block-gallery-1 is-layout-flex wp-block-gallery-is-layout-flex\">\n<figure data-wp-context=\"{&quot;imageId&quot;:&quot;69ec677f7f453&quot;}\" data-wp-interactive=\"core\/image\" data-wp-key=\"69ec677f7f453\" class=\"wp-block-image size-large wp-lightbox-container\"><img fetchpriority=\"high\" decoding=\"async\" width=\"400\" height=\"262\" data-wp-class--hide=\"state.isContentHidden\" data-wp-class--show=\"state.isContentVisible\" data-wp-init=\"callbacks.setButtonStyles\" data-wp-on--click=\"actions.showLightbox\" data-wp-on--load=\"callbacks.setButtonStyles\" data-wp-on-window--resize=\"callbacks.setButtonStyles\" data-id=\"2311\" src=\"https:\/\/www.lasagadesgares.be\/wordpress\/wp-content\/uploads\/2025\/11\/Saint-Lambert-1.jpg\" alt=\"\" class=\"wp-image-2311\" srcset=\"https:\/\/www.lasagadesgares.be\/wordpress\/wp-content\/uploads\/2025\/11\/Saint-Lambert-1.jpg 400w, https:\/\/www.lasagadesgares.be\/wordpress\/wp-content\/uploads\/2025\/11\/Saint-Lambert-1-300x197.jpg 300w, https:\/\/www.lasagadesgares.be\/wordpress\/wp-content\/uploads\/2025\/11\/Saint-Lambert-1-1x1.jpg 1w\" sizes=\"(max-width: 400px) 100vw, 400px\" \/><button\n\t\t\tclass=\"lightbox-trigger\"\n\t\t\ttype=\"button\"\n\t\t\taria-haspopup=\"dialog\"\n\t\t\taria-label=\"Agrandir\"\n\t\t\tdata-wp-init=\"callbacks.initTriggerButton\"\n\t\t\tdata-wp-on--click=\"actions.showLightbox\"\n\t\t\tdata-wp-style--right=\"state.imageButtonRight\"\n\t\t\tdata-wp-style--top=\"state.imageButtonTop\"\n\t\t>\n\t\t\t<svg xmlns=\"http:\/\/www.w3.org\/2000\/svg\" width=\"12\" height=\"12\" fill=\"none\" viewBox=\"0 0 12 12\">\n\t\t\t\t<path fill=\"#fff\" d=\"M2 0a2 2 0 0 0-2 2v2h1.5V2a.5.5 0 0 1 .5-.5h2V0H2Zm2 10.5H2a.5.5 0 0 1-.5-.5V8H0v2a2 2 0 0 0 2 2h2v-1.5ZM8 12v-1.5h2a.5.5 0 0 0 .5-.5V8H12v2a2 2 0 0 1-2 2H8Zm2-12a2 2 0 0 1 2 2v2h-1.5V2a.5.5 0 0 0-.5-.5H8V0h2Z\" \/>\n\t\t\t<\/svg>\n\t\t<\/button><\/figure>\n\n\n\n<figure class=\"wp-block-image size-large\"><img decoding=\"async\" width=\"400\" height=\"262\" data-id=\"2312\" src=\"https:\/\/www.lasagadesgares.be\/wordpress\/wp-content\/uploads\/2025\/11\/Saint-Lambert-2.jpg\" alt=\"\" class=\"wp-image-2312\" srcset=\"https:\/\/www.lasagadesgares.be\/wordpress\/wp-content\/uploads\/2025\/11\/Saint-Lambert-2.jpg 400w, https:\/\/www.lasagadesgares.be\/wordpress\/wp-content\/uploads\/2025\/11\/Saint-Lambert-2-300x197.jpg 300w, https:\/\/www.lasagadesgares.be\/wordpress\/wp-content\/uploads\/2025\/11\/Saint-Lambert-2-1x1.jpg 1w\" sizes=\"(max-width: 400px) 100vw, 400px\" \/><\/figure>\n\n\n\n<figure class=\"wp-block-image size-large\"><img decoding=\"async\" width=\"400\" height=\"229\" data-id=\"2314\" src=\"https:\/\/www.lasagadesgares.be\/wordpress\/wp-content\/uploads\/2025\/11\/Saint-Lambert-3.jpg\" alt=\"\" class=\"wp-image-2314\" srcset=\"https:\/\/www.lasagadesgares.be\/wordpress\/wp-content\/uploads\/2025\/11\/Saint-Lambert-3.jpg 400w, https:\/\/www.lasagadesgares.be\/wordpress\/wp-content\/uploads\/2025\/11\/Saint-Lambert-3-300x172.jpg 300w, https:\/\/www.lasagadesgares.be\/wordpress\/wp-content\/uploads\/2025\/11\/Saint-Lambert-3-1x1.jpg 1w\" sizes=\"(max-width: 400px) 100vw, 400px\" \/><\/figure>\n\n\n\n<figure class=\"wp-block-image size-large\"><img loading=\"lazy\" decoding=\"async\" width=\"400\" height=\"270\" data-id=\"2313\" src=\"https:\/\/www.lasagadesgares.be\/wordpress\/wp-content\/uploads\/2025\/11\/Saint-Lambert-4.jpg\" alt=\"\" class=\"wp-image-2313\" srcset=\"https:\/\/www.lasagadesgares.be\/wordpress\/wp-content\/uploads\/2025\/11\/Saint-Lambert-4.jpg 400w, https:\/\/www.lasagadesgares.be\/wordpress\/wp-content\/uploads\/2025\/11\/Saint-Lambert-4-300x203.jpg 300w, https:\/\/www.lasagadesgares.be\/wordpress\/wp-content\/uploads\/2025\/11\/Saint-Lambert-4-1x1.jpg 1w\" sizes=\"(max-width: 400px) 100vw, 400px\" \/><\/figure>\n<\/figure>\n","protected":false},"excerpt":{"rendered":"<p>Bienvenue en gare de Saint-Lambert. Nous sommes dans l&rsquo;entit\u00e9 de Walcourt, pr\u00e8s d&rsquo;Yves-Gomez\u00e9e, sur la ligne 132 entre Charleroi-Sud et la fronti\u00e8re fran\u00e7aise, via Treignes, ainsi que sur l&rsquo;ancienne 136. La gare de Saint-Lambert a \u00e9t\u00e9 mise en service le 15 d\u00e9cembre 1853 par la Soci\u00e9t\u00e9 du Chemin de Fer de l\u2019Entre-Sambre-et-Meuse, qui allait \u00eatre [&hellip;]<\/p>\n","protected":false},"author":1,"featured_media":2311,"comment_status":"closed","ping_status":"open","sticky":false,"template":"","format":"standard","meta":{"footnotes":""},"categories":[53,52],"tags":[],"class_list":["post-2310","post","type-post","status-publish","format-standard","has-post-thumbnail","hentry","category-ligne-132-apres-1970","category-ligne-136"],"_links":{"self":[{"href":"https:\/\/www.lasagadesgares.be\/wordpress\/wp-json\/wp\/v2\/posts\/2310","targetHints":{"allow":["GET"]}}],"collection":[{"href":"https:\/\/www.lasagadesgares.be\/wordpress\/wp-json\/wp\/v2\/posts"}],"about":[{"href":"https:\/\/www.lasagadesgares.be\/wordpress\/wp-json\/wp\/v2\/types\/post"}],"author":[{"embeddable":true,"href":"https:\/\/www.lasagadesgares.be\/wordpress\/wp-json\/wp\/v2\/users\/1"}],"replies":[{"embeddable":true,"href":"https:\/\/www.lasagadesgares.be\/wordpress\/wp-json\/wp\/v2\/comments?post=2310"}],"version-history":[{"count":5,"href":"https:\/\/www.lasagadesgares.be\/wordpress\/wp-json\/wp\/v2\/posts\/2310\/revisions"}],"predecessor-version":[{"id":2567,"href":"https:\/\/www.lasagadesgares.be\/wordpress\/wp-json\/wp\/v2\/posts\/2310\/revisions\/2567"}],"wp:featuredmedia":[{"embeddable":true,"href":"https:\/\/www.lasagadesgares.be\/wordpress\/wp-json\/wp\/v2\/media\/2311"}],"wp:attachment":[{"href":"https:\/\/www.lasagadesgares.be\/wordpress\/wp-json\/wp\/v2\/media?parent=2310"}],"wp:term":[{"taxonomy":"category","embeddable":true,"href":"https:\/\/www.lasagadesgares.be\/wordpress\/wp-json\/wp\/v2\/categories?post=2310"},{"taxonomy":"post_tag","embeddable":true,"href":"https:\/\/www.lasagadesgares.be\/wordpress\/wp-json\/wp\/v2\/tags?post=2310"}],"curies":[{"name":"wp","href":"https:\/\/api.w.org\/{rel}","templated":true}]}}