{"id":2306,"date":"2025-11-01T14:21:48","date_gmt":"2025-11-01T13:21:48","guid":{"rendered":"https:\/\/www.lasagadesgares.be\/wordpress\/?p=2306"},"modified":"2025-11-15T09:32:13","modified_gmt":"2025-11-15T08:32:13","slug":"la-villette","status":"publish","type":"post","link":"https:\/\/www.lasagadesgares.be\/wordpress\/la-villette\/","title":{"rendered":"Le point d\u2019arr\u00eat de La Villette"},"content":{"rendered":"\n<p>Bienvenue au point d\u2019arr\u00eat de La Villette! Nous sommes sur la 130 A entre Charleroi-Sud et Erquelinnes, mise en service le 6 novembre 1852. le point d&rsquo;arr\u00eat a \u00e9t\u00e9 ouvert le 1er mai 1932. On le retrouvera ouvert le 1er ao\u00fbt 1932 uniquement sur la ligne 132, situ\u00e9 entre Charleroi-Sud et le point d&rsquo;arr\u00eat de La Sambre.<\/p>\n\n\n\n<p>Les trains ne s&rsquo;arr\u00eat\u00e8rent plus \u00e0 La Villette \u00e0 partie du 15 ao\u00fbt 1940. Les arr\u00eats reprendront \u00e0 partir du 4 mai 1941. Le point d&rsquo;arr\u00eat reviendra \u00e0 l&rsquo;horaire de la ligne 130 A \u00e0 partir du 10 octobre 1945. G\u00e9r\u00e9 au d\u00e9part par la gare de Marcinelle, le point d&rsquo;arr\u00eat non-gard\u00e9 de La Villette deviendra une d\u00e9pendance de la gare de Charleroi-Sud. Il sera ferm\u00e9 le 26 septembre 1993. (<em>Photos: docs SagaGares)<\/em><\/p>\n\n\n\n<figure class=\"wp-block-gallery has-nested-images columns-default is-cropped wp-block-gallery-1 is-layout-flex wp-block-gallery-is-layout-flex\">\n<figure class=\"wp-block-image size-large\"><img fetchpriority=\"high\" decoding=\"async\" width=\"400\" height=\"243\" data-id=\"2308\" src=\"https:\/\/www.lasagadesgares.be\/wordpress\/wp-content\/uploads\/2025\/11\/La-Villette-2.jpg\" alt=\"\" class=\"wp-image-2308\" srcset=\"https:\/\/www.lasagadesgares.be\/wordpress\/wp-content\/uploads\/2025\/11\/La-Villette-2.jpg 400w, https:\/\/www.lasagadesgares.be\/wordpress\/wp-content\/uploads\/2025\/11\/La-Villette-2-300x182.jpg 300w, https:\/\/www.lasagadesgares.be\/wordpress\/wp-content\/uploads\/2025\/11\/La-Villette-2-1x1.jpg 1w\" sizes=\"(max-width: 400px) 100vw, 400px\" \/><\/figure>\n\n\n\n<figure class=\"wp-block-image size-large\"><img decoding=\"async\" width=\"391\" height=\"400\" data-id=\"2307\" src=\"https:\/\/www.lasagadesgares.be\/wordpress\/wp-content\/uploads\/2025\/11\/La-Villette-1.jpg\" alt=\"\" class=\"wp-image-2307\" srcset=\"https:\/\/www.lasagadesgares.be\/wordpress\/wp-content\/uploads\/2025\/11\/La-Villette-1.jpg 391w, https:\/\/www.lasagadesgares.be\/wordpress\/wp-content\/uploads\/2025\/11\/La-Villette-1-293x300.jpg 293w, https:\/\/www.lasagadesgares.be\/wordpress\/wp-content\/uploads\/2025\/11\/La-Villette-1-1x1.jpg 1w\" sizes=\"(max-width: 391px) 100vw, 391px\" \/><\/figure>\n<\/figure>\n","protected":false},"excerpt":{"rendered":"<p>Bienvenue au point d\u2019arr\u00eat de La Villette! Nous sommes sur la 130 A entre Charleroi-Sud et Erquelinnes, mise en service le 6 novembre 1852. le point d&rsquo;arr\u00eat a \u00e9t\u00e9 ouvert le 1er mai 1932. On le retrouvera ouvert le 1er ao\u00fbt 1932 uniquement sur la ligne 132, situ\u00e9 entre Charleroi-Sud et le point d&rsquo;arr\u00eat de [&hellip;]<\/p>\n","protected":false},"author":1,"featured_media":2308,"comment_status":"closed","ping_status":"open","sticky":false,"template":"","format":"standard","meta":{"footnotes":""},"categories":[32],"tags":[],"class_list":["post-2306","post","type-post","status-publish","format-standard","has-post-thumbnail","hentry","category-ligne-130a"],"_links":{"self":[{"href":"https:\/\/www.lasagadesgares.be\/wordpress\/wp-json\/wp\/v2\/posts\/2306","targetHints":{"allow":["GET"]}}],"collection":[{"href":"https:\/\/www.lasagadesgares.be\/wordpress\/wp-json\/wp\/v2\/posts"}],"about":[{"href":"https:\/\/www.lasagadesgares.be\/wordpress\/wp-json\/wp\/v2\/types\/post"}],"author":[{"embeddable":true,"href":"https:\/\/www.lasagadesgares.be\/wordpress\/wp-json\/wp\/v2\/users\/1"}],"replies":[{"embeddable":true,"href":"https:\/\/www.lasagadesgares.be\/wordpress\/wp-json\/wp\/v2\/comments?post=2306"}],"version-history":[{"count":3,"href":"https:\/\/www.lasagadesgares.be\/wordpress\/wp-json\/wp\/v2\/posts\/2306\/revisions"}],"predecessor-version":[{"id":3165,"href":"https:\/\/www.lasagadesgares.be\/wordpress\/wp-json\/wp\/v2\/posts\/2306\/revisions\/3165"}],"wp:featuredmedia":[{"embeddable":true,"href":"https:\/\/www.lasagadesgares.be\/wordpress\/wp-json\/wp\/v2\/media\/2308"}],"wp:attachment":[{"href":"https:\/\/www.lasagadesgares.be\/wordpress\/wp-json\/wp\/v2\/media?parent=2306"}],"wp:term":[{"taxonomy":"category","embeddable":true,"href":"https:\/\/www.lasagadesgares.be\/wordpress\/wp-json\/wp\/v2\/categories?post=2306"},{"taxonomy":"post_tag","embeddable":true,"href":"https:\/\/www.lasagadesgares.be\/wordpress\/wp-json\/wp\/v2\/tags?post=2306"}],"curies":[{"name":"wp","href":"https:\/\/api.w.org\/{rel}","templated":true}]}}