{"id":2273,"date":"2025-11-01T08:45:06","date_gmt":"2025-11-01T07:45:06","guid":{"rendered":"https:\/\/www.lasagadesgares.be\/wordpress\/?p=2273"},"modified":"2025-11-11T22:27:54","modified_gmt":"2025-11-11T21:27:54","slug":"gerlimpont","status":"publish","type":"post","link":"https:\/\/www.lasagadesgares.be\/wordpress\/gerlimpont\/","title":{"rendered":"La halte de Gerlimpont"},"content":{"rendered":"\n<p>La halte de Gerlimpont, lieu-dit de la commune de Walcourt, \u00e9tait situ\u00e9e sur la <a href=\"https:\/\/www.lasagadesgares.be\/wordpress\/la-ligne-132\/\">ligne 132<\/a>, entre Charleroi, Treignes et la fronti\u00e8re fran\u00e7aise, au km 87,643 entre Walcourt et Silenrieux.<\/p>\n\n\n\n<p>Cette petite halte a \u00e9t\u00e9 ouverte le 5 janvier 1906. Elle fut provisoirement ferm\u00e9e pendant le premier conflit mondial, vers 1914 jusqu\u2019en 1920. Elle fut d\u00e9mantel\u00e9e apr\u00e8s la fermeture du tron\u00e7on entre Walcourt et Neuville-Sud, le 31 ao\u00fbt 1970, en vue de la construction du Barrage de l&rsquo;Eau d&rsquo;Heure.<\/p>\n\n\n\n<p>La halte comprenait un petit b\u00e2timent le long du passage \u00e0 niveau n\u00b0 154, qui \u00e9tait muni de demi-barri\u00e8res automatiques. Deux voies \u00e9quipaient la halte en 1913. On ne pointait plus qu\u2019une voie unique en 1955.<\/p>\n\n\n\n<p>Le b\u00e2timent est d\u00e9truit pour le trac\u00e9 de la route des barrages. <em>(Photos G. Lejeune et R. Belot &#8211; <a href=\"https:\/\/www.garesbelges.be\/gerlimpont.htm\">Gares belges d&rsquo;Autrefois<\/a>)<\/em><\/p>\n\n\n\n<p><strong><a href=\"https:\/\/www.molenechos.org\/molen.php?nummer=9283\">Le Moulin de Gerlimpont<\/a><\/strong><\/p>\n\n\n\n<p><strong><a href=\"https:\/\/www.walcourt.be\/\">Entit\u00e9 de Walcourt<\/a><\/strong><\/p>\n\n\n\n<p><strong><a href=\"https:\/\/www.lacsdeleaudheure.be\/fr\/\">Les Lacs de l&rsquo;Eau d&rsquo;Heure<\/a><\/strong><\/p>\n\n\n\n<p><\/p>\n","protected":false},"excerpt":{"rendered":"<p>La halte de Gerlimpont, lieu-dit de la commune de Walcourt, \u00e9tait situ\u00e9e sur la ligne 132, entre Charleroi, Treignes et la fronti\u00e8re fran\u00e7aise, au km 87,643 entre Walcourt et Silenrieux. Cette petite halte a \u00e9t\u00e9 ouverte le 5 janvier 1906. Elle fut provisoirement ferm\u00e9e pendant le premier conflit mondial, vers 1914 jusqu\u2019en 1920. Elle fut [&hellip;]<\/p>\n","protected":false},"author":1,"featured_media":2274,"comment_status":"closed","ping_status":"open","sticky":false,"template":"","format":"standard","meta":{"footnotes":""},"categories":[34],"tags":[],"class_list":["post-2273","post","type-post","status-publish","format-standard","has-post-thumbnail","hentry","category-ligne-132"],"_links":{"self":[{"href":"https:\/\/www.lasagadesgares.be\/wordpress\/wp-json\/wp\/v2\/posts\/2273","targetHints":{"allow":["GET"]}}],"collection":[{"href":"https:\/\/www.lasagadesgares.be\/wordpress\/wp-json\/wp\/v2\/posts"}],"about":[{"href":"https:\/\/www.lasagadesgares.be\/wordpress\/wp-json\/wp\/v2\/types\/post"}],"author":[{"embeddable":true,"href":"https:\/\/www.lasagadesgares.be\/wordpress\/wp-json\/wp\/v2\/users\/1"}],"replies":[{"embeddable":true,"href":"https:\/\/www.lasagadesgares.be\/wordpress\/wp-json\/wp\/v2\/comments?post=2273"}],"version-history":[{"count":2,"href":"https:\/\/www.lasagadesgares.be\/wordpress\/wp-json\/wp\/v2\/posts\/2273\/revisions"}],"predecessor-version":[{"id":2326,"href":"https:\/\/www.lasagadesgares.be\/wordpress\/wp-json\/wp\/v2\/posts\/2273\/revisions\/2326"}],"wp:featuredmedia":[{"embeddable":true,"href":"https:\/\/www.lasagadesgares.be\/wordpress\/wp-json\/wp\/v2\/media\/2274"}],"wp:attachment":[{"href":"https:\/\/www.lasagadesgares.be\/wordpress\/wp-json\/wp\/v2\/media?parent=2273"}],"wp:term":[{"taxonomy":"category","embeddable":true,"href":"https:\/\/www.lasagadesgares.be\/wordpress\/wp-json\/wp\/v2\/categories?post=2273"},{"taxonomy":"post_tag","embeddable":true,"href":"https:\/\/www.lasagadesgares.be\/wordpress\/wp-json\/wp\/v2\/tags?post=2273"}],"curies":[{"name":"wp","href":"https:\/\/api.w.org\/{rel}","templated":true}]}}