{"id":2268,"date":"2025-10-31T18:28:56","date_gmt":"2025-10-31T17:28:56","guid":{"rendered":"https:\/\/www.lasagadesgares.be\/wordpress\/?p=2268"},"modified":"2025-11-11T22:28:07","modified_gmt":"2025-11-11T21:28:07","slug":"roly","status":"publish","type":"post","link":"https:\/\/www.lasagadesgares.be\/wordpress\/roly\/","title":{"rendered":"Le point d&rsquo;arr\u00eat de Roly"},"content":{"rendered":"\n<p>Bienvenue \u00e0 l\u2019ancien point d\u2019arr\u00eate de Roly, sur la <a href=\"https:\/\/www.lasagadesgares.be\/wordpress\/la-ligne-132\/\">ligne 132<\/a>, entre Charleroi-Sud, Treignes et la fronti\u00e8re fran\u00e7aise. Nous sommes entre Neuville-Sud et Mariembourg.<\/p>\n\n\n\n<p>Il n\u2019y a jamais eu de bureau de recettes \u00e0 Roly. Le point d\u2019arr\u00eat \u00e9tait toutefois \u00e9quip\u00e9 d\u2019une maisonnette. En 1961, le point d\u2019arr\u00eat \u00e9tait \u00e9quip\u00e9 d\u2019une voie par rebroussement depuis Mariembourg avec un gabarit, une rampe donnant acc\u00e8s \u00e0 un quai pav\u00e9 de 60 m\u00e8tres. Ce dispositif n&rsquo;appara\u00eet plus sur les plans de la gare de 1971.<\/p>\n\n\n\n<p>Le point d\u2019arr\u00eat, situ\u00e9 en pleine nature, a \u00e9t\u00e9 d\u00e9saffect\u00e9 en 1971. L&rsquo;ancienne maisonnette du gare-barri\u00e8re est toujours pr\u00e9sente, \u00e0 la rue du Fraity. Une desserte touristique durant le weekend, notamment en raison de l\u2019attrait des p\u00eacheurs de carpes pour les lacs de Roly, a \u00e9t\u00e9 organis\u00e9e entre 1977 mais, faute de rendement, a \u00e9t\u00e9 arr\u00eat\u00e9e en 1979. La maisonnette du point d&rsquo;arr\u00eat de Roly est toujours pr\u00e9sente. Le passage \u00e0 niveau a \u00e9t\u00e9 remplac\u00e9 par un passage sup\u00e9rieur.<\/p>\n\n\n\n<p>Les traces ferroviaires de jadis ne sont plus visibles aujourd\u2019hui \u00e0 Roly, o\u00f9 passent encore les trains de la ligne 132. Sans s\u2019arr\u00eater\u2026 <em>(Photos <a href=\"https:\/\/www.garesbelges.be\/\">Gares belge d&rsquo;Autrefois<\/a>-SagaGares)<\/em><\/p>\n\n\n\n<p><strong><a href=\"https:\/\/www.grandlacderoly.com\/fr\">Le grand lac de Roly, \u00e9crin de nature<\/a><\/strong><\/p>\n\n\n\n<p><strong><a href=\"https:\/\/entresambreetmeuse.natagora.be\/nos-reserves\/decouvrez-nos-reserves\/roly\">Au coeur de la Fagne de l&rsquo;Entre-Sambre-et-Meuse<\/a><\/strong><\/p>\n\n\n\n<figure class=\"wp-block-gallery has-nested-images columns-default is-cropped wp-block-gallery-1 is-layout-flex wp-block-gallery-is-layout-flex\">\n<figure class=\"wp-block-image size-large\"><img fetchpriority=\"high\" decoding=\"async\" width=\"400\" height=\"269\" data-id=\"2270\" src=\"https:\/\/www.lasagadesgares.be\/wordpress\/wp-content\/uploads\/2025\/10\/Roly.jpg\" alt=\"\" class=\"wp-image-2270\" srcset=\"https:\/\/www.lasagadesgares.be\/wordpress\/wp-content\/uploads\/2025\/10\/Roly.jpg 400w, https:\/\/www.lasagadesgares.be\/wordpress\/wp-content\/uploads\/2025\/10\/Roly-300x202.jpg 300w, https:\/\/www.lasagadesgares.be\/wordpress\/wp-content\/uploads\/2025\/10\/Roly-1x1.jpg 1w\" sizes=\"(max-width: 400px) 100vw, 400px\" \/><\/figure>\n\n\n\n<figure class=\"wp-block-image size-large\"><img decoding=\"async\" width=\"400\" height=\"267\" data-id=\"2269\" src=\"https:\/\/www.lasagadesgares.be\/wordpress\/wp-content\/uploads\/2025\/10\/roly-le-lac.jpg\" alt=\"\" class=\"wp-image-2269\" srcset=\"https:\/\/www.lasagadesgares.be\/wordpress\/wp-content\/uploads\/2025\/10\/roly-le-lac.jpg 400w, https:\/\/www.lasagadesgares.be\/wordpress\/wp-content\/uploads\/2025\/10\/roly-le-lac-300x200.jpg 300w, https:\/\/www.lasagadesgares.be\/wordpress\/wp-content\/uploads\/2025\/10\/roly-le-lac-1x1.jpg 1w\" sizes=\"(max-width: 400px) 100vw, 400px\" \/><figcaption class=\"wp-element-caption\">Grand Lac de Roly<\/figcaption><\/figure>\n<\/figure>\n","protected":false},"excerpt":{"rendered":"<p>Bienvenue \u00e0 l\u2019ancien point d\u2019arr\u00eate de Roly, sur la ligne 132, entre Charleroi-Sud, Treignes et la fronti\u00e8re fran\u00e7aise. Nous sommes entre Neuville-Sud et Mariembourg. Il n\u2019y a jamais eu de bureau de recettes \u00e0 Roly. Le point d\u2019arr\u00eat \u00e9tait toutefois \u00e9quip\u00e9 d\u2019une maisonnette. En 1961, le point d\u2019arr\u00eat \u00e9tait \u00e9quip\u00e9 d\u2019une voie par rebroussement depuis [&hellip;]<\/p>\n","protected":false},"author":1,"featured_media":2270,"comment_status":"closed","ping_status":"open","sticky":false,"template":"","format":"standard","meta":{"footnotes":""},"categories":[34],"tags":[],"class_list":["post-2268","post","type-post","status-publish","format-standard","has-post-thumbnail","hentry","category-ligne-132"],"_links":{"self":[{"href":"https:\/\/www.lasagadesgares.be\/wordpress\/wp-json\/wp\/v2\/posts\/2268","targetHints":{"allow":["GET"]}}],"collection":[{"href":"https:\/\/www.lasagadesgares.be\/wordpress\/wp-json\/wp\/v2\/posts"}],"about":[{"href":"https:\/\/www.lasagadesgares.be\/wordpress\/wp-json\/wp\/v2\/types\/post"}],"author":[{"embeddable":true,"href":"https:\/\/www.lasagadesgares.be\/wordpress\/wp-json\/wp\/v2\/users\/1"}],"replies":[{"embeddable":true,"href":"https:\/\/www.lasagadesgares.be\/wordpress\/wp-json\/wp\/v2\/comments?post=2268"}],"version-history":[{"count":5,"href":"https:\/\/www.lasagadesgares.be\/wordpress\/wp-json\/wp\/v2\/posts\/2268\/revisions"}],"predecessor-version":[{"id":2748,"href":"https:\/\/www.lasagadesgares.be\/wordpress\/wp-json\/wp\/v2\/posts\/2268\/revisions\/2748"}],"wp:featuredmedia":[{"embeddable":true,"href":"https:\/\/www.lasagadesgares.be\/wordpress\/wp-json\/wp\/v2\/media\/2270"}],"wp:attachment":[{"href":"https:\/\/www.lasagadesgares.be\/wordpress\/wp-json\/wp\/v2\/media?parent=2268"}],"wp:term":[{"taxonomy":"category","embeddable":true,"href":"https:\/\/www.lasagadesgares.be\/wordpress\/wp-json\/wp\/v2\/categories?post=2268"},{"taxonomy":"post_tag","embeddable":true,"href":"https:\/\/www.lasagadesgares.be\/wordpress\/wp-json\/wp\/v2\/tags?post=2268"}],"curies":[{"name":"wp","href":"https:\/\/api.w.org\/{rel}","templated":true}]}}