{"id":2246,"date":"2025-10-31T15:51:00","date_gmt":"2025-10-31T14:51:00","guid":{"rendered":"https:\/\/www.lasagadesgares.be\/wordpress\/?p=2246"},"modified":"2026-01-14T16:18:04","modified_gmt":"2026-01-14T15:18:04","slug":"nismes","status":"publish","type":"post","link":"https:\/\/www.lasagadesgares.be\/wordpress\/nismes\/","title":{"rendered":"La gare de Nismes"},"content":{"rendered":"\n<p>Bienvenue en gare de Nismes! Nous sommes sur la <a href=\"https:\/\/www.lasagadesgares.be\/wordpress\/la-ligne-132\/\">ligne 132<\/a>, de Charleroi-Sud \u00e0 Treignes et la fronti\u00e8re fran\u00e7aise. Une gare est situ\u00e9e entre Mariembourg et Olloy-sur-Viroin.<\/p>\n\n\n\n<p>La gare de Nismes a \u00e9t\u00e9 mise en service par la compagnie priv\u00e9e du Grand Central belge <em>(nationalis\u00e9e en 1897) <\/em>le 15 juin 1854, en m\u00eame temps que les sections de la ligne 132 entre Mariembourg et Nismes et entre Nismes et Vireux, premi\u00e8re gare fran\u00e7aise. L\u2019infrastructure principale de la gare de Nismes a \u00e9t\u00e9 construite en 1868 \u00e0 la demande de l&rsquo;administration communale de Nismes. Le b\u00e2timent principal a \u00e9t\u00e9 \u00e9labor\u00e9 avec un \u00e9tage, un b\u00e2timent en pierres fid\u00e8le au style de la Cie du \u00ab&nbsp;Grand Central&nbsp;\u00bb influenc\u00e9 par l&rsquo;\u00e9clectisme. Ce b\u00e2timent comprenait la salle d\u2019attente, le guichet, la cabine du block 24 ainsi que les services ferroviaires. L\u2019appartement du chef de station \u00e9tait \u00e0 l\u2019\u00e9tage.<\/p>\n\n\n\n<p>La gare de Nismes pr\u00e9sentait une seule voie principale avec un quai de part et d&rsquo;autre du Passage \u00e0 Niveau. (PN 218)<\/p>\n\n\n\n<p>On trouvait, c\u00f4t\u00e9 Mariembourg \u00e0 l&rsquo;entr\u00e9e de la gare, un passage inf\u00e9rieur (PI) pour la rivi\u00e8re Eau Blanche. Deux voies secondaires partaient le long de la cour aux marchandises: l&rsquo;une d&rsquo;elle disposait d\u2019un pont \u00e0 peser (PP) et d\u2019une rampe de chargement. Du c\u00f4t\u00e9 Olloy-sur-Viroin, on trouvait le raccordement du Chantier Lep\u00eatre Gillard et Fils avant un autre passage inf\u00e9rieur (PI), celui de la rivi\u00e8re Eau Noire.<\/p>\n\n\n\n<p>Le trafic des voyageurs a \u00e9t\u00e9 arr\u00eat\u00e9 le 29 septembre 1969 sur les sections Nismes-Treigne et Mariembourg-Nismes. Le trafic des marchandises a suivi le m\u00eame sort le 1<sup>er<\/sup> novembre 1971 et le 12 octobre 1977.<\/p>\n\n\n\n<p>La ligne 132 est ferm\u00e9e entre Mariembourg et Nismes depuis 1977, entre Nismes et Treignes en 1971. Elle sera ensuite exploit\u00e9e par le projet touristique du \u00ab\u00a0Chemin de fer \u00e0 Vapeur des Trois Vall\u00e9es\u00a0\u00bb. Le b\u00e2timent principal de la gare est devenu une habitation. <em>(Photos: <a href=\"https:\/\/www.garesbelges.be\/nismes.htm\">Gares belges d&rsquo;Autrefois<\/a>)<\/em><\/p>\n\n\n\n<p><strong><a href=\"https:\/\/www.viroinval.be\/fr\/loisirs\/tourisme\/decouverte-de-la-commune\/les-huit-villages\/nismes\">Nismes, village de Viroinval<\/a><\/strong><\/p>\n\n\n\n<p><strong><a href=\"https:\/\/visitwallonia.be\/fr-be\/content\/randonnee-incontournable-nismes-dirait-le-sud\">Randonner \u00e0 Nismes<\/a><\/strong><\/p>\n\n\n\n<p><\/p>\n\n\n\n<figure class=\"wp-block-gallery has-nested-images columns-default is-cropped wp-block-gallery-1 is-layout-flex wp-block-gallery-is-layout-flex\">\n<figure class=\"wp-block-image size-large\"><img fetchpriority=\"high\" decoding=\"async\" width=\"400\" height=\"260\" data-id=\"2249\" src=\"https:\/\/www.lasagadesgares.be\/wordpress\/wp-content\/uploads\/2025\/10\/Nismes-pierre-00.jpg\" alt=\"\" class=\"wp-image-2249\" srcset=\"https:\/\/www.lasagadesgares.be\/wordpress\/wp-content\/uploads\/2025\/10\/Nismes-pierre-00.jpg 400w, https:\/\/www.lasagadesgares.be\/wordpress\/wp-content\/uploads\/2025\/10\/Nismes-pierre-00-300x195.jpg 300w, https:\/\/www.lasagadesgares.be\/wordpress\/wp-content\/uploads\/2025\/10\/Nismes-pierre-00-1x1.jpg 1w\" sizes=\"(max-width: 400px) 100vw, 400px\" \/><\/figure>\n\n\n\n<figure class=\"wp-block-image size-large\"><img decoding=\"async\" width=\"400\" height=\"253\" data-id=\"2250\" src=\"https:\/\/www.lasagadesgares.be\/wordpress\/wp-content\/uploads\/2025\/10\/nismes_001.jpg\" alt=\"\" class=\"wp-image-2250\" srcset=\"https:\/\/www.lasagadesgares.be\/wordpress\/wp-content\/uploads\/2025\/10\/nismes_001.jpg 400w, https:\/\/www.lasagadesgares.be\/wordpress\/wp-content\/uploads\/2025\/10\/nismes_001-300x190.jpg 300w, https:\/\/www.lasagadesgares.be\/wordpress\/wp-content\/uploads\/2025\/10\/nismes_001-1x1.jpg 1w\" sizes=\"(max-width: 400px) 100vw, 400px\" \/><\/figure>\n\n\n\n<figure class=\"wp-block-image size-large\"><img decoding=\"async\" width=\"400\" height=\"256\" data-id=\"2251\" src=\"https:\/\/www.lasagadesgares.be\/wordpress\/wp-content\/uploads\/2025\/10\/nismes_003.jpg\" alt=\"\" class=\"wp-image-2251\" srcset=\"https:\/\/www.lasagadesgares.be\/wordpress\/wp-content\/uploads\/2025\/10\/nismes_003.jpg 400w, https:\/\/www.lasagadesgares.be\/wordpress\/wp-content\/uploads\/2025\/10\/nismes_003-300x192.jpg 300w, https:\/\/www.lasagadesgares.be\/wordpress\/wp-content\/uploads\/2025\/10\/nismes_003-1x1.jpg 1w\" sizes=\"(max-width: 400px) 100vw, 400px\" \/><\/figure>\n\n\n\n<figure class=\"wp-block-image size-large\"><img loading=\"lazy\" decoding=\"async\" width=\"400\" height=\"249\" data-id=\"2252\" src=\"https:\/\/www.lasagadesgares.be\/wordpress\/wp-content\/uploads\/2025\/10\/nismes_008.jpg\" alt=\"\" class=\"wp-image-2252\" srcset=\"https:\/\/www.lasagadesgares.be\/wordpress\/wp-content\/uploads\/2025\/10\/nismes_008.jpg 400w, https:\/\/www.lasagadesgares.be\/wordpress\/wp-content\/uploads\/2025\/10\/nismes_008-300x187.jpg 300w, https:\/\/www.lasagadesgares.be\/wordpress\/wp-content\/uploads\/2025\/10\/nismes_008-1x1.jpg 1w\" sizes=\"(max-width: 400px) 100vw, 400px\" \/><\/figure>\n\n\n\n<figure class=\"wp-block-image size-large\"><img loading=\"lazy\" decoding=\"async\" width=\"400\" height=\"259\" data-id=\"2248\" src=\"https:\/\/www.lasagadesgares.be\/wordpress\/wp-content\/uploads\/2025\/10\/Nismes-BR.jpg\" alt=\"\" class=\"wp-image-2248\" srcset=\"https:\/\/www.lasagadesgares.be\/wordpress\/wp-content\/uploads\/2025\/10\/Nismes-BR.jpg 400w, https:\/\/www.lasagadesgares.be\/wordpress\/wp-content\/uploads\/2025\/10\/Nismes-BR-300x194.jpg 300w, https:\/\/www.lasagadesgares.be\/wordpress\/wp-content\/uploads\/2025\/10\/Nismes-BR-1x1.jpg 1w\" sizes=\"(max-width: 400px) 100vw, 400px\" \/><\/figure>\n<\/figure>\n\n\n\n<p><\/p>\n","protected":false},"excerpt":{"rendered":"<p>Bienvenue en gare de Nismes! Nous sommes sur la ligne 132, de Charleroi-Sud \u00e0 Treignes et la fronti\u00e8re fran\u00e7aise. Une gare est situ\u00e9e entre Mariembourg et Olloy-sur-Viroin. La gare de Nismes a \u00e9t\u00e9 mise en service par la compagnie priv\u00e9e du Grand Central belge (nationalis\u00e9e en 1897) le 15 juin 1854, en m\u00eame temps que [&hellip;]<\/p>\n","protected":false},"author":1,"featured_media":2250,"comment_status":"closed","ping_status":"open","sticky":false,"template":"","format":"standard","meta":{"footnotes":""},"categories":[33,34],"tags":[],"class_list":["post-2246","post","type-post","status-publish","format-standard","has-post-thumbnail","hentry","category-accueil","category-ligne-132"],"_links":{"self":[{"href":"https:\/\/www.lasagadesgares.be\/wordpress\/wp-json\/wp\/v2\/posts\/2246","targetHints":{"allow":["GET"]}}],"collection":[{"href":"https:\/\/www.lasagadesgares.be\/wordpress\/wp-json\/wp\/v2\/posts"}],"about":[{"href":"https:\/\/www.lasagadesgares.be\/wordpress\/wp-json\/wp\/v2\/types\/post"}],"author":[{"embeddable":true,"href":"https:\/\/www.lasagadesgares.be\/wordpress\/wp-json\/wp\/v2\/users\/1"}],"replies":[{"embeddable":true,"href":"https:\/\/www.lasagadesgares.be\/wordpress\/wp-json\/wp\/v2\/comments?post=2246"}],"version-history":[{"count":4,"href":"https:\/\/www.lasagadesgares.be\/wordpress\/wp-json\/wp\/v2\/posts\/2246\/revisions"}],"predecessor-version":[{"id":6239,"href":"https:\/\/www.lasagadesgares.be\/wordpress\/wp-json\/wp\/v2\/posts\/2246\/revisions\/6239"}],"wp:featuredmedia":[{"embeddable":true,"href":"https:\/\/www.lasagadesgares.be\/wordpress\/wp-json\/wp\/v2\/media\/2250"}],"wp:attachment":[{"href":"https:\/\/www.lasagadesgares.be\/wordpress\/wp-json\/wp\/v2\/media?parent=2246"}],"wp:term":[{"taxonomy":"category","embeddable":true,"href":"https:\/\/www.lasagadesgares.be\/wordpress\/wp-json\/wp\/v2\/categories?post=2246"},{"taxonomy":"post_tag","embeddable":true,"href":"https:\/\/www.lasagadesgares.be\/wordpress\/wp-json\/wp\/v2\/tags?post=2246"}],"curies":[{"name":"wp","href":"https:\/\/api.w.org\/{rel}","templated":true}]}}