{"id":2231,"date":"2025-12-08T12:58:50","date_gmt":"2025-12-08T11:58:50","guid":{"rendered":"https:\/\/www.lasagadesgares.be\/wordpress\/?p=2231"},"modified":"2026-01-17T10:33:27","modified_gmt":"2026-01-17T09:33:27","slug":"hornu-route","status":"publish","type":"post","link":"https:\/\/www.lasagadesgares.be\/wordpress\/hornu-route\/","title":{"rendered":"La gare d&rsquo;Hornu-route"},"content":{"rendered":"\n<p>La gare d\u2019Hornu-Route est le dernier n\u0153ud ferroviaire avant la formation de Saint-Ghislain sur la ligne 98c. Les convois qui y transitaient venaient de Quaregnon-Monsville, du Borinage. Nous sommes donc sur la ligne 98c entre Fl\u00e9nu et Saint-Ghislain, \u00e9galement num\u00e9rot\u00e9 102, entre Frameries et Saint-Ghislain.<\/p>\n\n\n\n<p>L\u2019ordre de service confirmant l\u2019installation d\u2019un point d\u2019arr\u00eat \u00e9quip\u00e9 d\u2019un bureau pour la distribution des coupons et l\u2019inscription des bagages \u00e0 Hornu date du 20 octobre 1882. Le b\u00e2timent de ce qui deviendra une \u00ab&nbsp;halte&nbsp;\u00bb plus importante date de 1895. La gare de Hornu-Route n\u2019a jamais eu de \u00ab&nbsp;Place de la Gare&nbsp;\u00bb: les voyageurs et le personnel de la station avaient acc\u00e8s \u00e0 aux infrastructures via un petit sentier qui longeait le jardin du chef de station.<\/p>\n\n\n\n<p>Le b\u00e2timent principal, dit \u00ab&nbsp;des recettes&nbsp;\u00bb, construit sur base des plans de l\u2019Etat de 1893, comprenait une partie centrale avec \u00e9tage occup\u00e9 en grande partie par le chef de gare et sa famille. Les deux ailes abritaient la salle des guichets et des locaux techniques. La station \u00e9tait \u00e9galement \u00e9quip\u00e9e d\u2019un puits avec citerne et d\u2019un four \u00e0 pain.<\/p>\n\n\n\n<p>Le trafic \u00e9tait dense \u00e0 Hornu-Route sur la ligne 102, qui avait \u00e9t\u00e9 mise en service le 10 d\u00e9cembre 1867. Les navettes de convois de marchandises allant et venant du Borinage et de ses mines \u00e9taient nombreuses. La ligne fut ouverte aux voyageurs jusqu\u2019au 3 f\u00e9vrier 1935. La desserte des marchandises a continu\u00e9 jusqu\u2019aux environs de 1985.<\/p>\n\n\n\n<p>La vocation de base pour les marchandises d\u2019Hornu-Route a incit\u00e9 les entreprises locales \u00e0 se connecter \u00e0 la ligne de l\u2019Etat: on comptait parmi les raccordements priv\u00e9s, situ\u00e9s juste avant le passage \u00e0 niveau de la route Mons-Valenciennes o\u00f9 passait \u00e9galement la ligne vicinale \u00ab&nbsp;9&nbsp;\u00bb, Mons-Boussu ceux des Fai\u00ebnceries de Wasmu\u00ebl, de la C.G.A., des Ets Fran\u00e7ois et, plus tard, des Ets Libouton. Un autre raccordement partait vers le Grand-Hornu et se prolongeait jusqu\u2019au charbonnage de Ste D\u00e9sir\u00e9e (n\u00b09 du Grand-Hornu) tout pr\u00e8s de l\u2019actuel stade du L\u00e9o \u00e0 Hornu.<\/p>\n\n\n\n<p>Apr\u00e8s Hornu-Route, la ligne continuait vers la gare de formation de Saint-Ghislain: le trac\u00e9 de la ligne a \u00e9t\u00e9 d\u00e9plac\u00e9 au d\u00e9but des ann\u00e9es 50 lors de la construction du grand faisceau de r\u00e9ception de la formation.<\/p>\n\n\n\n<blockquote class=\"wp-block-quote is-layout-flow wp-block-quote-is-layout-flow\">\n<p>Le b\u00e2timent de la gare d\u2019Hornu-Route est toujours bien l\u00e0 aujourd\u2019hui, sur la gauche de la route vers Mons, entre le magasin Cora et le restaurant Mc Donald. Un priv\u00e9, cheminot, a acquis le b\u00e2timent en 1985, un an apr\u00e8s la fermeture de la ligne 98c et quatre ans avant le d\u00e9montage des voies et du passage \u00e0 niveau. Un autre cheminot a pris le relais du premier dans ce beau lieu de vie o\u00f9 quelques t\u00e9moins du pass\u00e9 r\u00e9gional ont \u00e9t\u00e9 install\u00e9s, comme la barri\u00e8re de la gare de Thulin, le gabarit de celle d\u2019Hennuy\u00e8res, un signal de Clabecq, des barri\u00e8res en b\u00e9ton de Braine-le-Comte et de Rognon.<\/p>\n<\/blockquote>\n\n\n\n<p><strong><a href=\"https:\/\/www.boussu.be\/\">Hornu, dans l&rsquo;entit\u00e9 de Boussu<\/a><\/strong><\/p>\n\n\n\n<p><strong><a href=\"https:\/\/ravel.wallonie.be\/home\/itineraires\/local\/lignes-98-du-borinage\/de-frameries-a-hornu-quaregnon.html\">Le Ravel de Frameries \u00e0 Hornu<\/a><\/strong><\/p>\n\n\n\n<figure class=\"wp-block-gallery has-nested-images columns-default is-cropped wp-block-gallery-1 is-layout-flex wp-block-gallery-is-layout-flex\">\n<figure class=\"wp-block-image size-large\"><img fetchpriority=\"high\" decoding=\"async\" width=\"400\" height=\"270\" data-id=\"5388\" src=\"https:\/\/www.lasagadesgares.be\/wordpress\/wp-content\/uploads\/2025\/10\/Hornu_route_locotracteur.jpg\" alt=\"\" class=\"wp-image-5388\" srcset=\"https:\/\/www.lasagadesgares.be\/wordpress\/wp-content\/uploads\/2025\/10\/Hornu_route_locotracteur.jpg 400w, https:\/\/www.lasagadesgares.be\/wordpress\/wp-content\/uploads\/2025\/10\/Hornu_route_locotracteur-300x203.jpg 300w, https:\/\/www.lasagadesgares.be\/wordpress\/wp-content\/uploads\/2025\/10\/Hornu_route_locotracteur-1x1.jpg 1w\" sizes=\"(max-width: 400px) 100vw, 400px\" \/><figcaption class=\"wp-element-caption\">Locotracteur en gare d&rsquo;Hornu-Route.<\/figcaption><\/figure>\n\n\n\n<figure class=\"wp-block-image size-large\"><img decoding=\"async\" width=\"400\" height=\"258\" data-id=\"5392\" src=\"https:\/\/www.lasagadesgares.be\/wordpress\/wp-content\/uploads\/2025\/10\/hornu_001.jpg\" alt=\"\" class=\"wp-image-5392\" srcset=\"https:\/\/www.lasagadesgares.be\/wordpress\/wp-content\/uploads\/2025\/10\/hornu_001.jpg 400w, https:\/\/www.lasagadesgares.be\/wordpress\/wp-content\/uploads\/2025\/10\/hornu_001-300x194.jpg 300w, https:\/\/www.lasagadesgares.be\/wordpress\/wp-content\/uploads\/2025\/10\/hornu_001-1x1.jpg 1w\" sizes=\"(max-width: 400px) 100vw, 400px\" \/><\/figure>\n\n\n\n<figure class=\"wp-block-image size-large\"><img decoding=\"async\" width=\"400\" height=\"258\" data-id=\"5387\" src=\"https:\/\/www.lasagadesgares.be\/wordpress\/wp-content\/uploads\/2025\/10\/HORNU-DIA-85-5438.jpg\" alt=\"\" class=\"wp-image-5387\" srcset=\"https:\/\/www.lasagadesgares.be\/wordpress\/wp-content\/uploads\/2025\/10\/HORNU-DIA-85-5438.jpg 400w, https:\/\/www.lasagadesgares.be\/wordpress\/wp-content\/uploads\/2025\/10\/HORNU-DIA-85-5438-300x194.jpg 300w, https:\/\/www.lasagadesgares.be\/wordpress\/wp-content\/uploads\/2025\/10\/HORNU-DIA-85-5438-1x1.jpg 1w\" sizes=\"(max-width: 400px) 100vw, 400px\" \/><\/figure>\n\n\n\n<figure class=\"wp-block-image size-large\"><img loading=\"lazy\" decoding=\"async\" width=\"400\" height=\"253\" data-id=\"5386\" src=\"https:\/\/www.lasagadesgares.be\/wordpress\/wp-content\/uploads\/2025\/10\/AW-267-34-Hornu-1983.09.16.jpg\" alt=\"\" class=\"wp-image-5386\" srcset=\"https:\/\/www.lasagadesgares.be\/wordpress\/wp-content\/uploads\/2025\/10\/AW-267-34-Hornu-1983.09.16.jpg 400w, https:\/\/www.lasagadesgares.be\/wordpress\/wp-content\/uploads\/2025\/10\/AW-267-34-Hornu-1983.09.16-300x190.jpg 300w, https:\/\/www.lasagadesgares.be\/wordpress\/wp-content\/uploads\/2025\/10\/AW-267-34-Hornu-1983.09.16-1x1.jpg 1w\" sizes=\"(max-width: 400px) 100vw, 400px\" \/><\/figure>\n\n\n\n<figure class=\"wp-block-image size-large\"><img loading=\"lazy\" decoding=\"async\" width=\"400\" height=\"299\" data-id=\"5389\" src=\"https:\/\/www.lasagadesgares.be\/wordpress\/wp-content\/uploads\/2025\/10\/P1010004.jpg\" alt=\"\" class=\"wp-image-5389\" srcset=\"https:\/\/www.lasagadesgares.be\/wordpress\/wp-content\/uploads\/2025\/10\/P1010004.jpg 400w, https:\/\/www.lasagadesgares.be\/wordpress\/wp-content\/uploads\/2025\/10\/P1010004-300x224.jpg 300w, https:\/\/www.lasagadesgares.be\/wordpress\/wp-content\/uploads\/2025\/10\/P1010004-1x1.jpg 1w\" sizes=\"(max-width: 400px) 100vw, 400px\" \/><\/figure>\n<\/figure>\n","protected":false},"excerpt":{"rendered":"<p>La gare d\u2019Hornu-Route est le dernier n\u0153ud ferroviaire avant la formation de Saint-Ghislain sur la ligne 98c. Les convois qui y transitaient venaient de Quaregnon-Monsville, du Borinage. Nous sommes donc sur la ligne 98c entre Fl\u00e9nu et Saint-Ghislain, \u00e9galement num\u00e9rot\u00e9 102, entre Frameries et Saint-Ghislain. L\u2019ordre de service confirmant l\u2019installation d\u2019un point d\u2019arr\u00eat \u00e9quip\u00e9 d\u2019un [&hellip;]<\/p>\n","protected":false},"author":2,"featured_media":5388,"comment_status":"closed","ping_status":"open","sticky":false,"template":"","format":"standard","meta":{"footnotes":""},"categories":[33,17],"tags":[],"class_list":["post-2231","post","type-post","status-publish","format-standard","has-post-thumbnail","hentry","category-accueil","category-ligne-098c-102"],"_links":{"self":[{"href":"https:\/\/www.lasagadesgares.be\/wordpress\/wp-json\/wp\/v2\/posts\/2231","targetHints":{"allow":["GET"]}}],"collection":[{"href":"https:\/\/www.lasagadesgares.be\/wordpress\/wp-json\/wp\/v2\/posts"}],"about":[{"href":"https:\/\/www.lasagadesgares.be\/wordpress\/wp-json\/wp\/v2\/types\/post"}],"author":[{"embeddable":true,"href":"https:\/\/www.lasagadesgares.be\/wordpress\/wp-json\/wp\/v2\/users\/2"}],"replies":[{"embeddable":true,"href":"https:\/\/www.lasagadesgares.be\/wordpress\/wp-json\/wp\/v2\/comments?post=2231"}],"version-history":[{"count":6,"href":"https:\/\/www.lasagadesgares.be\/wordpress\/wp-json\/wp\/v2\/posts\/2231\/revisions"}],"predecessor-version":[{"id":5394,"href":"https:\/\/www.lasagadesgares.be\/wordpress\/wp-json\/wp\/v2\/posts\/2231\/revisions\/5394"}],"wp:featuredmedia":[{"embeddable":true,"href":"https:\/\/www.lasagadesgares.be\/wordpress\/wp-json\/wp\/v2\/media\/5388"}],"wp:attachment":[{"href":"https:\/\/www.lasagadesgares.be\/wordpress\/wp-json\/wp\/v2\/media?parent=2231"}],"wp:term":[{"taxonomy":"category","embeddable":true,"href":"https:\/\/www.lasagadesgares.be\/wordpress\/wp-json\/wp\/v2\/categories?post=2231"},{"taxonomy":"post_tag","embeddable":true,"href":"https:\/\/www.lasagadesgares.be\/wordpress\/wp-json\/wp\/v2\/tags?post=2231"}],"curies":[{"name":"wp","href":"https:\/\/api.w.org\/{rel}","templated":true}]}}