{"id":223,"date":"2025-04-06T18:11:27","date_gmt":"2025-04-06T16:11:27","guid":{"rendered":"https:\/\/www.lasagadesgares.be\/wordpress\/?p=223"},"modified":"2025-11-11T22:57:25","modified_gmt":"2025-11-11T21:57:25","slug":"oisquercq","status":"publish","type":"post","link":"https:\/\/www.lasagadesgares.be\/wordpress\/oisquercq\/","title":{"rendered":"Gare de Oisquercq"},"content":{"rendered":"\n<p><br><strong>Situ\u00e9e sur la ligne 106, Clabecq \u2013 Ecaussinnes Carri\u00e8res, mise en service \u00e0 partir de 1884, la gare de Oisquercq, dans le Brabant wallon, a \u00e9t\u00e9 ouverte le 06 janvier 1888.<\/strong><em> (Photos PFT)<\/em><strong><br><\/strong>La gare de Oisquercq \u00e9tait \u00e9quip\u00e9e d\u2019une cour aux marchandises \u00e0 une voie, en impasse, et d\u2019une rampe de chargement. Apr\u00e8s la premi\u00e8re guerre mondiale, Ernest, L\u00e9on et Marcel Bolle font \u00e9tablir, \u00e0 proximit\u00e9 de la gare, un hangar pour la fabrication m\u00e9canique de sacs en papier imprim\u00e9s. Le 17 avril 1936 l\u2019entreprise est raccord\u00e9e \u00e0 la ligne 106 en gare de Oisquercq et desservie par rebroussement en venant de Clabecq.<br>En 1950, les Ets Bolle s\u2019associent avec Jean Saels. L\u2019entreprise est d\u00e9localis\u00e9e et le raccordement laiss\u00e9 \u00e0 l\u2019abandon. Il sera repris par Louis Marci le 19 octobre 1961 mais ne sera pas utilis\u00e9. A la fermeture de la cour aux marchandises en 1963, la Soci\u00e9t\u00e9 Belge des B\u00e9tons et les Soci\u00e9t\u00e9s R\u00e9unies d\u2019Energie du Bassin de l\u2019Escaut vont utiliser le raccordement.<br>En 1971, constatant le manque d\u2019entretien de la voie, la SNCB met fin \u00e0 la desserte et l\u2019aiguillage est d\u00e9pos\u00e9. A la mise en service du plan IC\/IR le 3 juin 1984 la ligne 106 est supprim\u00e9e et sera d\u00e9ferr\u00e9e en 1989.<br>Le b\u00e2timent de la gare, pourtant en bon \u00e9tat et toujours habit\u00e9, sera ras\u00e9. Aujourd\u2019hui il ne subsiste, sur le site, que la maisonnette du PN 4, rue Bolle. Remarquablement restaur\u00e9e elle est devenue une habitation priv\u00e9e.<\/p>\n\n\n\n<figure class=\"wp-block-gallery has-nested-images columns-default is-cropped wp-block-gallery-1 is-layout-flex wp-block-gallery-is-layout-flex\">\n<figure class=\"wp-block-image size-large\"><img fetchpriority=\"high\" decoding=\"async\" width=\"400\" height=\"251\" data-id=\"225\" src=\"https:\/\/www.lasagadesgares.be\/wordpress\/wp-content\/uploads\/2025\/04\/Image13.jpg\" alt=\"\" class=\"wp-image-225\" srcset=\"https:\/\/www.lasagadesgares.be\/wordpress\/wp-content\/uploads\/2025\/04\/Image13.jpg 400w, https:\/\/www.lasagadesgares.be\/wordpress\/wp-content\/uploads\/2025\/04\/Image13-300x188.jpg 300w, https:\/\/www.lasagadesgares.be\/wordpress\/wp-content\/uploads\/2025\/04\/Image13-1x1.jpg 1w\" sizes=\"(max-width: 400px) 100vw, 400px\" \/><\/figure>\n\n\n\n<figure class=\"wp-block-image size-large\"><img decoding=\"async\" width=\"400\" height=\"247\" data-id=\"224\" src=\"https:\/\/www.lasagadesgares.be\/wordpress\/wp-content\/uploads\/2025\/04\/Image12.jpg\" alt=\"\" class=\"wp-image-224\" srcset=\"https:\/\/www.lasagadesgares.be\/wordpress\/wp-content\/uploads\/2025\/04\/Image12.jpg 400w, https:\/\/www.lasagadesgares.be\/wordpress\/wp-content\/uploads\/2025\/04\/Image12-300x185.jpg 300w, https:\/\/www.lasagadesgares.be\/wordpress\/wp-content\/uploads\/2025\/04\/Image12-1x1.jpg 1w\" sizes=\"(max-width: 400px) 100vw, 400px\" \/><\/figure>\n\n\n\n<figure class=\"wp-block-image size-large\"><img decoding=\"async\" width=\"400\" height=\"274\" data-id=\"227\" src=\"https:\/\/www.lasagadesgares.be\/wordpress\/wp-content\/uploads\/2025\/04\/Image15.jpg\" alt=\"\" class=\"wp-image-227\" srcset=\"https:\/\/www.lasagadesgares.be\/wordpress\/wp-content\/uploads\/2025\/04\/Image15.jpg 400w, https:\/\/www.lasagadesgares.be\/wordpress\/wp-content\/uploads\/2025\/04\/Image15-300x206.jpg 300w, https:\/\/www.lasagadesgares.be\/wordpress\/wp-content\/uploads\/2025\/04\/Image15-1x1.jpg 1w\" sizes=\"(max-width: 400px) 100vw, 400px\" \/><\/figure>\n<\/figure>\n","protected":false},"excerpt":{"rendered":"<p>Situ\u00e9e sur la ligne 106, Clabecq \u2013 Ecaussinnes Carri\u00e8res, mise en service \u00e0 partir de 1884, la gare de Oisquercq, dans le Brabant wallon, a \u00e9t\u00e9 ouverte le 06 janvier 1888. (Photos PFT)La gare de Oisquercq \u00e9tait \u00e9quip\u00e9e d\u2019une cour aux marchandises \u00e0 une voie, en impasse, et d\u2019une rampe de chargement. Apr\u00e8s la premi\u00e8re [&hellip;]<\/p>\n","protected":false},"author":1,"featured_media":226,"comment_status":"closed","ping_status":"open","sticky":false,"template":"","format":"standard","meta":{"footnotes":""},"categories":[26],"tags":[],"class_list":["post-223","post","type-post","status-publish","format-standard","has-post-thumbnail","hentry","category-ligne-106"],"_links":{"self":[{"href":"https:\/\/www.lasagadesgares.be\/wordpress\/wp-json\/wp\/v2\/posts\/223","targetHints":{"allow":["GET"]}}],"collection":[{"href":"https:\/\/www.lasagadesgares.be\/wordpress\/wp-json\/wp\/v2\/posts"}],"about":[{"href":"https:\/\/www.lasagadesgares.be\/wordpress\/wp-json\/wp\/v2\/types\/post"}],"author":[{"embeddable":true,"href":"https:\/\/www.lasagadesgares.be\/wordpress\/wp-json\/wp\/v2\/users\/1"}],"replies":[{"embeddable":true,"href":"https:\/\/www.lasagadesgares.be\/wordpress\/wp-json\/wp\/v2\/comments?post=223"}],"version-history":[{"count":2,"href":"https:\/\/www.lasagadesgares.be\/wordpress\/wp-json\/wp\/v2\/posts\/223\/revisions"}],"predecessor-version":[{"id":1255,"href":"https:\/\/www.lasagadesgares.be\/wordpress\/wp-json\/wp\/v2\/posts\/223\/revisions\/1255"}],"wp:featuredmedia":[{"embeddable":true,"href":"https:\/\/www.lasagadesgares.be\/wordpress\/wp-json\/wp\/v2\/media\/226"}],"wp:attachment":[{"href":"https:\/\/www.lasagadesgares.be\/wordpress\/wp-json\/wp\/v2\/media?parent=223"}],"wp:term":[{"taxonomy":"category","embeddable":true,"href":"https:\/\/www.lasagadesgares.be\/wordpress\/wp-json\/wp\/v2\/categories?post=223"},{"taxonomy":"post_tag","embeddable":true,"href":"https:\/\/www.lasagadesgares.be\/wordpress\/wp-json\/wp\/v2\/tags?post=223"}],"curies":[{"name":"wp","href":"https:\/\/api.w.org\/{rel}","templated":true}]}}