{"id":2197,"date":"2025-10-30T09:00:47","date_gmt":"2025-10-30T08:00:47","guid":{"rendered":"https:\/\/www.lasagadesgares.be\/wordpress\/?p=2197"},"modified":"2025-11-11T22:29:38","modified_gmt":"2025-11-11T21:29:38","slug":"neuville-nord","status":"publish","type":"post","link":"https:\/\/www.lasagadesgares.be\/wordpress\/neuville-nord\/","title":{"rendered":"La halte de Neuville-Nord"},"content":{"rendered":"\n<p>Bienvenue \u00e0 la halte de Neuville-Nord! Nous sommes sur la <a href=\"https:\/\/www.lasagadesgares.be\/wordpress\/la-ligne-132\/\">ligne 132<\/a>, de Charleroi-Sud \u00e0 Treignes et \u00e0 la fronti\u00e8re fran\u00e7aise. La halte \u00e9tait situ\u00e9e entre Philippeville et Neuville-Sud sur la ligne 136 A, de Florennes Central\u00a0et Senzeilles (ferm\u00e9e le 17 octobre 1954), et, depuis le 31 octobre 1970 sur le nouveau trac\u00e9 de la ligne 132.<\/p>\n\n\n\n<p>La halte de Neuville-Nord a \u00e9t\u00e9 mise en service par l&rsquo;Etat le 1er mai 1908, en m\u00eame temps, entre autres, que la nouvelle gare de Philippeville. Elle \u00e9tait \u00e9quip\u00e9e d&rsquo;une voie \u00e0 quai ainsi que d&rsquo;un imposant b\u00e2timent principal, construit sur base du plan type standard de 1893,&nbsp;avec une partie centrale \u00e0 \u00e9tage et deux ailes, que jouxtait un jardin. La gare disposait d&rsquo;un quai sur la voie principale et d&rsquo;un b\u00e2timent -le  bureau des recettes-, d&rsquo;une voie, avec gabarit, pour la cour aux marchandises allant jusqu&rsquo;au D\u00e9p\u00f4t de la soci\u00e9t\u00e9 Dricot. Cette voie \u00e9tait accessible par rebroussement en  venant de Philippeville. Une seconde voie, visible sur certaines photos anciennes, conduisait probablement vers un cul-de-sac. On ne trouve plus de traces de ce dispositif sur le plan de la gare de 1956.<\/p>\n\n\n\n<p>La SNCB a mis fin \u00e0 la desserte des voyageurs sur l&rsquo;ancienne ligne 136B le 17 octobre 1954. L&rsquo;axe \u00e0 simple voie fut encore parfois emprunt\u00e9 par des trains de marchandises circulant entre Senzeilles et Philippeville. La construction du Barrage de l&rsquo;Eau d&rsquo;Heure a chang\u00e9 compl\u00e8tement le paysage ferroviaire de la r\u00e9gion: pour \u00e9viter une zone engloutie ou modifi\u00e9e pour la construction du Barrage de l&rsquo;Eau d&rsquo;Heure, une nouvelle portion&nbsp; de ligne fut construite, de Yves-Gomez\u00e9e vers Saint-Lambert, puis via l\u2019ancien trac\u00e9 de la ligne 136\/136 A (Florennes-Senzeilles) jusqu\u2019au raccordement \u00e0 Neuville-Sud.<\/p>\n\n\n\n<p>Une partie de la ligne 132 a \u00e9t\u00e9 d\u00e9mantel\u00e9e pour laisser la place au barrage, ce qui a conduit la SNCB \u00e0 rouvrir les deux axes 136 et 136 B reli\u00e9es entre elles par la ligne 132 B. Le trafic des voyageurs a repris sur la nouvelle ligne le 31 ao\u00fbt 1970, ce qui a permis une r\u00e9ouverture \u00e9ph\u00e9m\u00e8re de Neuville-Nord, renomm\u00e9e Neuville. Le point d&rsquo;arr\u00eat fut supprim\u00e9 le 3 juin 1984. Le b\u00e2timent principal de l&rsquo;ancienne halte a \u00e9t\u00e9 reconverti en logements. Les trains entre Philippeville et Mariembourg continuent de passer par l\u00e0, mais, d\u00e9sormais, sans s&rsquo;arr\u00eater&#8230; <em>(Photos <a href=\"https:\/\/www.garesbelges.be\/\" data-type=\"link\" data-id=\"https:\/\/www.garesbelges.be\/\">Gares belges d&rsquo;Autrefois<\/a> et Sagagares)<\/em><\/p>\n\n\n\n<p><strong><a href=\"https:\/\/chemins.be\/localite\/neuville\">Marcher \u00e0 Neuville<\/a><\/strong><\/p>\n\n\n\n<p><strong><a href=\"https:\/\/www.philippeville.be\/\" data-type=\"link\" data-id=\"https:\/\/www.philippeville.be\/\">Entit\u00e9 de Philippeville<\/a><\/strong><\/p>\n\n\n\n<figure class=\"wp-block-gallery has-nested-images columns-default is-cropped wp-block-gallery-1 is-layout-flex wp-block-gallery-is-layout-flex\">\n<figure class=\"wp-block-image size-large\"><a href=\"https:\/\/www.lasagadesgares.be\/wordpress\/wp-content\/uploads\/2025\/10\/Neuville-Nord-2.jpg\"><img fetchpriority=\"high\" decoding=\"async\" width=\"400\" height=\"252\" data-id=\"2199\" src=\"https:\/\/www.lasagadesgares.be\/wordpress\/wp-content\/uploads\/2025\/10\/Neuville-Nord-2.jpg\" alt=\"\" class=\"wp-image-2199\" srcset=\"https:\/\/www.lasagadesgares.be\/wordpress\/wp-content\/uploads\/2025\/10\/Neuville-Nord-2.jpg 400w, https:\/\/www.lasagadesgares.be\/wordpress\/wp-content\/uploads\/2025\/10\/Neuville-Nord-2-300x189.jpg 300w, https:\/\/www.lasagadesgares.be\/wordpress\/wp-content\/uploads\/2025\/10\/Neuville-Nord-2-1x1.jpg 1w\" sizes=\"(max-width: 400px) 100vw, 400px\" \/><\/a><figcaption class=\"wp-element-caption\">Gare de Neuville-Nord<\/figcaption><\/figure>\n\n\n\n<figure class=\"wp-block-image size-large\"><a href=\"https:\/\/www.lasagadesgares.be\/wordpress\/wp-content\/uploads\/2025\/10\/Neuville-Nord-3.jpg\"><img decoding=\"async\" width=\"400\" height=\"269\" data-id=\"2200\" src=\"https:\/\/www.lasagadesgares.be\/wordpress\/wp-content\/uploads\/2025\/10\/Neuville-Nord-3.jpg\" alt=\"\" class=\"wp-image-2200\" srcset=\"https:\/\/www.lasagadesgares.be\/wordpress\/wp-content\/uploads\/2025\/10\/Neuville-Nord-3.jpg 400w, https:\/\/www.lasagadesgares.be\/wordpress\/wp-content\/uploads\/2025\/10\/Neuville-Nord-3-300x202.jpg 300w, https:\/\/www.lasagadesgares.be\/wordpress\/wp-content\/uploads\/2025\/10\/Neuville-Nord-3-1x1.jpg 1w\" sizes=\"(max-width: 400px) 100vw, 400px\" \/><\/a><figcaption class=\"wp-element-caption\">Gare de Neuville-Nord<\/figcaption><\/figure>\n\n\n\n<figure class=\"wp-block-image size-full\"><a href=\"https:\/\/www.lasagadesgares.be\/wordpress\/wp-content\/uploads\/2025\/10\/Neuville-Nord-2.jpeg\"><img decoding=\"async\" width=\"400\" height=\"300\" data-id=\"2234\" src=\"https:\/\/www.lasagadesgares.be\/wordpress\/wp-content\/uploads\/2025\/10\/Neuville-Nord-2.jpeg\" alt=\"\" class=\"wp-image-2234\" srcset=\"https:\/\/www.lasagadesgares.be\/wordpress\/wp-content\/uploads\/2025\/10\/Neuville-Nord-2.jpeg 400w, https:\/\/www.lasagadesgares.be\/wordpress\/wp-content\/uploads\/2025\/10\/Neuville-Nord-2-300x225.jpeg 300w, https:\/\/www.lasagadesgares.be\/wordpress\/wp-content\/uploads\/2025\/10\/Neuville-Nord-2-1x1.jpeg 1w\" sizes=\"(max-width: 400px) 100vw, 400px\" \/><\/a><figcaption class=\"wp-element-caption\">Gare de Neuville-Nord<\/figcaption><\/figure>\n\n\n\n<figure class=\"wp-block-image size-large\"><img loading=\"lazy\" decoding=\"async\" width=\"400\" height=\"300\" data-id=\"2235\" src=\"https:\/\/www.lasagadesgares.be\/wordpress\/wp-content\/uploads\/2025\/10\/Neuville-Nord-1.jpeg\" alt=\"\" class=\"wp-image-2235\" srcset=\"https:\/\/www.lasagadesgares.be\/wordpress\/wp-content\/uploads\/2025\/10\/Neuville-Nord-1.jpeg 400w, https:\/\/www.lasagadesgares.be\/wordpress\/wp-content\/uploads\/2025\/10\/Neuville-Nord-1-300x225.jpeg 300w, https:\/\/www.lasagadesgares.be\/wordpress\/wp-content\/uploads\/2025\/10\/Neuville-Nord-1-1x1.jpeg 1w\" sizes=\"(max-width: 400px) 100vw, 400px\" \/><\/figure>\n\n\n\n<figure class=\"wp-block-image size-large\"><img loading=\"lazy\" decoding=\"async\" width=\"400\" height=\"300\" data-id=\"2237\" src=\"https:\/\/www.lasagadesgares.be\/wordpress\/wp-content\/uploads\/2025\/10\/Neuville-Nord-3.jpeg\" alt=\"\" class=\"wp-image-2237\" srcset=\"https:\/\/www.lasagadesgares.be\/wordpress\/wp-content\/uploads\/2025\/10\/Neuville-Nord-3.jpeg 400w, https:\/\/www.lasagadesgares.be\/wordpress\/wp-content\/uploads\/2025\/10\/Neuville-Nord-3-300x225.jpeg 300w, https:\/\/www.lasagadesgares.be\/wordpress\/wp-content\/uploads\/2025\/10\/Neuville-Nord-3-1x1.jpeg 1w\" sizes=\"(max-width: 400px) 100vw, 400px\" \/><\/figure>\n<\/figure>\n","protected":false},"excerpt":{"rendered":"<p>Bienvenue \u00e0 la halte de Neuville-Nord! Nous sommes sur la ligne 132, de Charleroi-Sud \u00e0 Treignes et \u00e0 la fronti\u00e8re fran\u00e7aise. La halte \u00e9tait situ\u00e9e entre Philippeville et Neuville-Sud sur la ligne 136 A, de Florennes Central\u00a0et Senzeilles (ferm\u00e9e le 17 octobre 1954), et, depuis le 31 octobre 1970 sur le nouveau trac\u00e9 de la [&hellip;]<\/p>\n","protected":false},"author":1,"featured_media":2199,"comment_status":"closed","ping_status":"open","sticky":false,"template":"","format":"standard","meta":{"footnotes":""},"categories":[53],"tags":[],"class_list":["post-2197","post","type-post","status-publish","format-standard","has-post-thumbnail","hentry","category-ligne-132-apres-1970"],"_links":{"self":[{"href":"https:\/\/www.lasagadesgares.be\/wordpress\/wp-json\/wp\/v2\/posts\/2197","targetHints":{"allow":["GET"]}}],"collection":[{"href":"https:\/\/www.lasagadesgares.be\/wordpress\/wp-json\/wp\/v2\/posts"}],"about":[{"href":"https:\/\/www.lasagadesgares.be\/wordpress\/wp-json\/wp\/v2\/types\/post"}],"author":[{"embeddable":true,"href":"https:\/\/www.lasagadesgares.be\/wordpress\/wp-json\/wp\/v2\/users\/1"}],"replies":[{"embeddable":true,"href":"https:\/\/www.lasagadesgares.be\/wordpress\/wp-json\/wp\/v2\/comments?post=2197"}],"version-history":[{"count":6,"href":"https:\/\/www.lasagadesgares.be\/wordpress\/wp-json\/wp\/v2\/posts\/2197\/revisions"}],"predecessor-version":[{"id":2400,"href":"https:\/\/www.lasagadesgares.be\/wordpress\/wp-json\/wp\/v2\/posts\/2197\/revisions\/2400"}],"wp:featuredmedia":[{"embeddable":true,"href":"https:\/\/www.lasagadesgares.be\/wordpress\/wp-json\/wp\/v2\/media\/2199"}],"wp:attachment":[{"href":"https:\/\/www.lasagadesgares.be\/wordpress\/wp-json\/wp\/v2\/media?parent=2197"}],"wp:term":[{"taxonomy":"category","embeddable":true,"href":"https:\/\/www.lasagadesgares.be\/wordpress\/wp-json\/wp\/v2\/categories?post=2197"},{"taxonomy":"post_tag","embeddable":true,"href":"https:\/\/www.lasagadesgares.be\/wordpress\/wp-json\/wp\/v2\/tags?post=2197"}],"curies":[{"name":"wp","href":"https:\/\/api.w.org\/{rel}","templated":true}]}}