{"id":2153,"date":"2025-10-29T08:57:32","date_gmt":"2025-10-29T07:57:32","guid":{"rendered":"https:\/\/www.lasagadesgares.be\/wordpress\/?p=2153"},"modified":"2025-11-11T22:30:04","modified_gmt":"2025-11-11T21:30:04","slug":"pry","status":"publish","type":"post","link":"https:\/\/www.lasagadesgares.be\/wordpress\/pry\/","title":{"rendered":"La gare de Pry"},"content":{"rendered":"\n<p>Bienvenue en gare de Pry! Nous sommes sur la ligne 132, entre Charleroi-Sud, Treigne et la fronti\u00e8re fran\u00e7aise. La gare, devenue point d\u2019arr\u00eat, est situ\u00e9e au point kilom\u00e9trique (PK)\u202f20,60, entre les gares de Berz\u00e9e et Walcourt.<\/p>\n\n\n\n<p>Le b\u00e2timent original de la gare de Pry a \u00e9t\u00e9 construit en 1900 sur base du plan type de 1893. Cette premi\u00e8re aile pour les voyageurs devait \u00eatre compl\u00e9t\u00e9e par les locaux de services et le corps de logis. du responsable de la gare. La guerre 1914-1918 a annul\u00e9 ce projet3 Le b\u00e2timent a \u00e9t\u00e9 d\u00e9moli en 1991.<\/p>\n\n\n\n<p>La gare est ainsi devenue un point d\u2019arr\u00eat avec deux voies et deux quais. L\u2019ancienne cour aux marchandises est devenue parking.<\/p>\n\n\n\n<p>C\u00f4t\u00e9 Walcourt, on d\u00e9couvre un passage inf\u00e9rieur pour la rivi\u00e8re Eau d&rsquo;Heure. C\u00f4t\u00e9 Berz\u00e9e, un passage \u00e0 niveau et, plus loin, deux passages sup\u00e9rieurs permettent de traverser les voies.<\/p>\n\n\n\n<p>Le point d&rsquo;arr\u00eat actuel, \u00e9quipe d\u2019 un automate pour la vente de billets, est desservi par des trains \u00ab\u00a0Heure de pointe (P)\u00a0\u00bb ainsi que quelques trains S64 de la SNCB, le tout essentiellement entre Couvin et Charleroi-Central.<\/p>\n\n\n\n<p><strong><a href=\"https:\/\/www.walcourt.be\/les-villages\/pry\/\">Le village de Pry<\/a><\/strong><\/p>\n\n\n\n<p><strong><a href=\"https:\/\/www.cm-tourisme.be\/fr\/a\/au-fil-de-pry\">Au fil de Pry<\/a><\/strong><\/p>\n\n\n\n<figure class=\"wp-block-gallery has-nested-images columns-default is-cropped wp-block-gallery-1 is-layout-flex wp-block-gallery-is-layout-flex\">\n<figure class=\"wp-block-image size-large\"><a href=\"https:\/\/www.lasagadesgares.be\/wordpress\/wp-content\/uploads\/2025\/10\/Pry-1.jpg\"><img fetchpriority=\"high\" decoding=\"async\" width=\"400\" height=\"254\" data-id=\"2154\" src=\"https:\/\/www.lasagadesgares.be\/wordpress\/wp-content\/uploads\/2025\/10\/Pry-1.jpg\" alt=\"\" class=\"wp-image-2154\" srcset=\"https:\/\/www.lasagadesgares.be\/wordpress\/wp-content\/uploads\/2025\/10\/Pry-1.jpg 400w, https:\/\/www.lasagadesgares.be\/wordpress\/wp-content\/uploads\/2025\/10\/Pry-1-300x191.jpg 300w, https:\/\/www.lasagadesgares.be\/wordpress\/wp-content\/uploads\/2025\/10\/Pry-1-1x1.jpg 1w\" sizes=\"(max-width: 400px) 100vw, 400px\" \/><\/a><\/figure>\n\n\n\n<figure class=\"wp-block-image size-large\"><a href=\"https:\/\/www.lasagadesgares.be\/wordpress\/wp-content\/uploads\/2025\/10\/Pry-2.jpg\"><img decoding=\"async\" width=\"400\" height=\"243\" data-id=\"2155\" src=\"https:\/\/www.lasagadesgares.be\/wordpress\/wp-content\/uploads\/2025\/10\/Pry-2.jpg\" alt=\"\" class=\"wp-image-2155\" srcset=\"https:\/\/www.lasagadesgares.be\/wordpress\/wp-content\/uploads\/2025\/10\/Pry-2.jpg 400w, https:\/\/www.lasagadesgares.be\/wordpress\/wp-content\/uploads\/2025\/10\/Pry-2-300x182.jpg 300w, https:\/\/www.lasagadesgares.be\/wordpress\/wp-content\/uploads\/2025\/10\/Pry-2-1x1.jpg 1w\" sizes=\"(max-width: 400px) 100vw, 400px\" \/><\/a><\/figure>\n\n\n\n<figure class=\"wp-block-image size-large\"><a href=\"https:\/\/www.lasagadesgares.be\/wordpress\/wp-content\/uploads\/2025\/10\/Pry-BR.jpg\"><img decoding=\"async\" width=\"400\" height=\"379\" data-id=\"2157\" src=\"https:\/\/www.lasagadesgares.be\/wordpress\/wp-content\/uploads\/2025\/10\/Pry-BR.jpg\" alt=\"\" class=\"wp-image-2157\" srcset=\"https:\/\/www.lasagadesgares.be\/wordpress\/wp-content\/uploads\/2025\/10\/Pry-BR.jpg 400w, https:\/\/www.lasagadesgares.be\/wordpress\/wp-content\/uploads\/2025\/10\/Pry-BR-300x284.jpg 300w, https:\/\/www.lasagadesgares.be\/wordpress\/wp-content\/uploads\/2025\/10\/Pry-BR-1x1.jpg 1w\" sizes=\"(max-width: 400px) 100vw, 400px\" \/><\/a><\/figure>\n\n\n\n<figure class=\"wp-block-image size-large\"><a href=\"https:\/\/www.lasagadesgares.be\/wordpress\/wp-content\/uploads\/2025\/10\/Pry-3.jpg\"><img loading=\"lazy\" decoding=\"async\" width=\"400\" height=\"261\" data-id=\"2156\" src=\"https:\/\/www.lasagadesgares.be\/wordpress\/wp-content\/uploads\/2025\/10\/Pry-3.jpg\" alt=\"\" class=\"wp-image-2156\" srcset=\"https:\/\/www.lasagadesgares.be\/wordpress\/wp-content\/uploads\/2025\/10\/Pry-3.jpg 400w, https:\/\/www.lasagadesgares.be\/wordpress\/wp-content\/uploads\/2025\/10\/Pry-3-300x196.jpg 300w, https:\/\/www.lasagadesgares.be\/wordpress\/wp-content\/uploads\/2025\/10\/Pry-3-1x1.jpg 1w\" sizes=\"(max-width: 400px) 100vw, 400px\" \/><\/a><\/figure>\n<\/figure>\n","protected":false},"excerpt":{"rendered":"<p>Bienvenue en gare de Pry! Nous sommes sur la ligne 132, entre Charleroi-Sud, Treigne et la fronti\u00e8re fran\u00e7aise. La gare, devenue point d\u2019arr\u00eat, est situ\u00e9e au point kilom\u00e9trique (PK)\u202f20,60, entre les gares de Berz\u00e9e et Walcourt. Le b\u00e2timent original de la gare de Pry a \u00e9t\u00e9 construit en 1900 sur base du plan type de [&hellip;]<\/p>\n","protected":false},"author":1,"featured_media":2154,"comment_status":"closed","ping_status":"open","sticky":false,"template":"","format":"standard","meta":{"footnotes":""},"categories":[33,34],"tags":[],"class_list":["post-2153","post","type-post","status-publish","format-standard","has-post-thumbnail","hentry","category-accueil","category-ligne-132"],"_links":{"self":[{"href":"https:\/\/www.lasagadesgares.be\/wordpress\/wp-json\/wp\/v2\/posts\/2153","targetHints":{"allow":["GET"]}}],"collection":[{"href":"https:\/\/www.lasagadesgares.be\/wordpress\/wp-json\/wp\/v2\/posts"}],"about":[{"href":"https:\/\/www.lasagadesgares.be\/wordpress\/wp-json\/wp\/v2\/types\/post"}],"author":[{"embeddable":true,"href":"https:\/\/www.lasagadesgares.be\/wordpress\/wp-json\/wp\/v2\/users\/1"}],"replies":[{"embeddable":true,"href":"https:\/\/www.lasagadesgares.be\/wordpress\/wp-json\/wp\/v2\/comments?post=2153"}],"version-history":[{"count":1,"href":"https:\/\/www.lasagadesgares.be\/wordpress\/wp-json\/wp\/v2\/posts\/2153\/revisions"}],"predecessor-version":[{"id":2160,"href":"https:\/\/www.lasagadesgares.be\/wordpress\/wp-json\/wp\/v2\/posts\/2153\/revisions\/2160"}],"wp:featuredmedia":[{"embeddable":true,"href":"https:\/\/www.lasagadesgares.be\/wordpress\/wp-json\/wp\/v2\/media\/2154"}],"wp:attachment":[{"href":"https:\/\/www.lasagadesgares.be\/wordpress\/wp-json\/wp\/v2\/media?parent=2153"}],"wp:term":[{"taxonomy":"category","embeddable":true,"href":"https:\/\/www.lasagadesgares.be\/wordpress\/wp-json\/wp\/v2\/categories?post=2153"},{"taxonomy":"post_tag","embeddable":true,"href":"https:\/\/www.lasagadesgares.be\/wordpress\/wp-json\/wp\/v2\/tags?post=2153"}],"curies":[{"name":"wp","href":"https:\/\/api.w.org\/{rel}","templated":true}]}}