{"id":2076,"date":"2025-10-28T14:19:42","date_gmt":"2025-10-28T13:19:42","guid":{"rendered":"https:\/\/www.lasagadesgares.be\/wordpress\/?p=2076"},"modified":"2025-11-11T22:30:40","modified_gmt":"2025-11-11T21:30:40","slug":"berzee","status":"publish","type":"post","link":"https:\/\/www.lasagadesgares.be\/wordpress\/berzee\/","title":{"rendered":"La gare de Berz\u00e9e"},"content":{"rendered":"\n<p>Bienvenue en gare de Berz\u00e9e! Nous sommes sur la <a href=\"https:\/\/www.lasagadesgares.be\/wordpress\/la-ligne-132\/\">ligne 132<\/a>, qui fait la jonction entre Charleroi-Sud, Treignes et la fronti\u00e8re fran\u00e7aise. Cette gare \u00e9tait situ\u00e9e Cour-sur-Heure et Pry. La gare est \u00e9galement sur la ligne 111.<\/p>\n\n\n\n<p>Le b\u00e2timent des voyageurs original a \u00e9t\u00e9 construit dans les ann\u00e9es 1870 dans le mod\u00e8le de gare \u00ab&nbsp;standard&nbsp;\u00bb par la compagnie du Grand Central belge. Ce b\u00e2timent est long de 10 trav\u00e9es et sans \u00e9tage <em>(voir plan)<\/em>.<\/p>\n\n\n\n<p>La gare de Berz\u00e9e \u00e9tait \u00e9quip\u00e9e de trois voies principales avec un quai le long du b\u00e2timent des voyageurs et un second quai commun pour les voies II et III. Trois voies secondaires \u00e9taient d\u00e9di\u00e9es au trafic des marchandises. La gare \u00e9tait \u00e9galement \u00e9quip\u00e9e d\u2019une cour marchandises avec une rampe. A proximit\u00e9 de la gare, une rampe d&rsquo;acc\u00e8s permet aux voyageurs d\u2019acc\u00e9der au quai 2. Jadis, cette passerelle m\u00e9tallique pi\u00e9tonne continuait jusqu&rsquo;au centre du village.<\/p>\n\n\n\n<p>On trouvait, apr\u00e8s le passage \u00e0 niveau (137) en direction de Cour-sur-Heure et du block 12, un raccordement aux scieries Rodelet. C\u00f4t\u00e9 Walcourt, un raccordement conduisait vers l\u2019entreprise Houyaux sur la ligne 111 qui partait vers Gourdinne.<\/p>\n\n\n\n<p>Le b\u00e2timent principal de la gare de Berz\u00e9e a \u00e9t\u00e9 vendu en 2007; il a \u00e9t\u00e9 reconvertie en salles de r\u00e9ception, commerces li\u00e9s \u00e0 diverses activit\u00e9s.<\/p>\n\n\n\n<p>Aujourd&rsquo;hui, les trains du r\u00e9seau suburbain S64 et les trains d&rsquo;heure de pointe (P) s&rsquo;arr\u00eatent au point d\u2019arr\u00eat de Berz\u00e9e.<\/p>\n\n\n\n<p><strong><a href=\"https:\/\/www.walcourt.be\/les-villages\/berzee\/\">Berz\u00e9e, village de l&rsquo;entit\u00e9 de Walcourt<\/a><\/strong><\/p>\n\n\n\n<p><strong><a href=\"https:\/\/www.cm-tourisme.be\/fr\/a\/berzee-thy-dun-chateau-a-lautre\">Berz\u00e9e-Thy, d&rsquo;un ch\u00e2teau \u00e0 l&rsquo;autre<\/a><\/strong><\/p>\n\n\n\n<figure class=\"wp-block-gallery has-nested-images columns-default is-cropped wp-block-gallery-1 is-layout-flex wp-block-gallery-is-layout-flex\">\n<figure class=\"wp-block-image size-large\"><a href=\"https:\/\/www.lasagadesgares.be\/wordpress\/wp-content\/uploads\/2025\/10\/Berzee-1.jpg\"><img fetchpriority=\"high\" decoding=\"async\" width=\"400\" height=\"248\" data-id=\"2077\" src=\"https:\/\/www.lasagadesgares.be\/wordpress\/wp-content\/uploads\/2025\/10\/Berzee-1.jpg\" alt=\"\" class=\"wp-image-2077\" srcset=\"https:\/\/www.lasagadesgares.be\/wordpress\/wp-content\/uploads\/2025\/10\/Berzee-1.jpg 400w, https:\/\/www.lasagadesgares.be\/wordpress\/wp-content\/uploads\/2025\/10\/Berzee-1-300x186.jpg 300w, https:\/\/www.lasagadesgares.be\/wordpress\/wp-content\/uploads\/2025\/10\/Berzee-1-1x1.jpg 1w\" sizes=\"(max-width: 400px) 100vw, 400px\" \/><\/a><\/figure>\n\n\n\n<figure class=\"wp-block-image size-large\"><a href=\"https:\/\/www.lasagadesgares.be\/wordpress\/wp-content\/uploads\/2025\/10\/Berzee-2.jpg\"><img decoding=\"async\" width=\"400\" height=\"252\" data-id=\"2078\" src=\"https:\/\/www.lasagadesgares.be\/wordpress\/wp-content\/uploads\/2025\/10\/Berzee-2.jpg\" alt=\"\" class=\"wp-image-2078\" srcset=\"https:\/\/www.lasagadesgares.be\/wordpress\/wp-content\/uploads\/2025\/10\/Berzee-2.jpg 400w, https:\/\/www.lasagadesgares.be\/wordpress\/wp-content\/uploads\/2025\/10\/Berzee-2-300x189.jpg 300w, https:\/\/www.lasagadesgares.be\/wordpress\/wp-content\/uploads\/2025\/10\/Berzee-2-1x1.jpg 1w\" sizes=\"(max-width: 400px) 100vw, 400px\" \/><\/a><\/figure>\n\n\n\n<figure class=\"wp-block-image size-large\"><a href=\"https:\/\/www.lasagadesgares.be\/wordpress\/wp-content\/uploads\/2025\/10\/Berzee-3.jpg\"><img decoding=\"async\" width=\"400\" height=\"258\" data-id=\"2079\" src=\"https:\/\/www.lasagadesgares.be\/wordpress\/wp-content\/uploads\/2025\/10\/Berzee-3.jpg\" alt=\"\" class=\"wp-image-2079\" srcset=\"https:\/\/www.lasagadesgares.be\/wordpress\/wp-content\/uploads\/2025\/10\/Berzee-3.jpg 400w, https:\/\/www.lasagadesgares.be\/wordpress\/wp-content\/uploads\/2025\/10\/Berzee-3-300x194.jpg 300w, https:\/\/www.lasagadesgares.be\/wordpress\/wp-content\/uploads\/2025\/10\/Berzee-3-1x1.jpg 1w\" sizes=\"(max-width: 400px) 100vw, 400px\" \/><\/a><\/figure>\n\n\n\n<figure class=\"wp-block-image size-large\"><a href=\"https:\/\/www.lasagadesgares.be\/wordpress\/wp-content\/uploads\/2025\/10\/Berzee-5.jpg\"><img loading=\"lazy\" decoding=\"async\" width=\"400\" height=\"260\" data-id=\"2081\" src=\"https:\/\/www.lasagadesgares.be\/wordpress\/wp-content\/uploads\/2025\/10\/Berzee-5.jpg\" alt=\"\" class=\"wp-image-2081\" srcset=\"https:\/\/www.lasagadesgares.be\/wordpress\/wp-content\/uploads\/2025\/10\/Berzee-5.jpg 400w, https:\/\/www.lasagadesgares.be\/wordpress\/wp-content\/uploads\/2025\/10\/Berzee-5-300x195.jpg 300w, https:\/\/www.lasagadesgares.be\/wordpress\/wp-content\/uploads\/2025\/10\/Berzee-5-1x1.jpg 1w\" sizes=\"(max-width: 400px) 100vw, 400px\" \/><\/a><\/figure>\n\n\n\n<figure class=\"wp-block-image size-large\"><a href=\"https:\/\/www.lasagadesgares.be\/wordpress\/wp-content\/uploads\/2025\/10\/Berzee-7.jpg\"><img loading=\"lazy\" decoding=\"async\" width=\"400\" height=\"264\" data-id=\"2083\" src=\"https:\/\/www.lasagadesgares.be\/wordpress\/wp-content\/uploads\/2025\/10\/Berzee-7.jpg\" alt=\"\" class=\"wp-image-2083\" srcset=\"https:\/\/www.lasagadesgares.be\/wordpress\/wp-content\/uploads\/2025\/10\/Berzee-7.jpg 400w, https:\/\/www.lasagadesgares.be\/wordpress\/wp-content\/uploads\/2025\/10\/Berzee-7-300x198.jpg 300w, https:\/\/www.lasagadesgares.be\/wordpress\/wp-content\/uploads\/2025\/10\/Berzee-7-1x1.jpg 1w\" sizes=\"(max-width: 400px) 100vw, 400px\" \/><\/a><\/figure>\n\n\n\n<figure class=\"wp-block-image size-large\"><a href=\"https:\/\/www.lasagadesgares.be\/wordpress\/wp-content\/uploads\/2025\/10\/Berzee-BR.jpg\"><img loading=\"lazy\" decoding=\"async\" width=\"400\" height=\"172\" data-id=\"2085\" src=\"https:\/\/www.lasagadesgares.be\/wordpress\/wp-content\/uploads\/2025\/10\/Berzee-BR.jpg\" alt=\"\" class=\"wp-image-2085\" srcset=\"https:\/\/www.lasagadesgares.be\/wordpress\/wp-content\/uploads\/2025\/10\/Berzee-BR.jpg 400w, https:\/\/www.lasagadesgares.be\/wordpress\/wp-content\/uploads\/2025\/10\/Berzee-BR-300x129.jpg 300w, https:\/\/www.lasagadesgares.be\/wordpress\/wp-content\/uploads\/2025\/10\/Berzee-BR-1x1.jpg 1w\" sizes=\"(max-width: 400px) 100vw, 400px\" \/><\/a><\/figure>\n<\/figure>\n","protected":false},"excerpt":{"rendered":"<p>Bienvenue en gare de Berz\u00e9e! Nous sommes sur la ligne 132, qui fait la jonction entre Charleroi-Sud, Treignes et la fronti\u00e8re fran\u00e7aise. Cette gare \u00e9tait situ\u00e9e Cour-sur-Heure et Pry. La gare est \u00e9galement sur la ligne 111. Le b\u00e2timent des voyageurs original a \u00e9t\u00e9 construit dans les ann\u00e9es 1870 dans le mod\u00e8le de gare \u00ab&nbsp;standard&nbsp;\u00bb [&hellip;]<\/p>\n","protected":false},"author":1,"featured_media":2077,"comment_status":"closed","ping_status":"open","sticky":false,"template":"","format":"standard","meta":{"footnotes":""},"categories":[49,34],"tags":[],"class_list":["post-2076","post","type-post","status-publish","format-standard","has-post-thumbnail","hentry","category-ligne-111","category-ligne-132"],"_links":{"self":[{"href":"https:\/\/www.lasagadesgares.be\/wordpress\/wp-json\/wp\/v2\/posts\/2076","targetHints":{"allow":["GET"]}}],"collection":[{"href":"https:\/\/www.lasagadesgares.be\/wordpress\/wp-json\/wp\/v2\/posts"}],"about":[{"href":"https:\/\/www.lasagadesgares.be\/wordpress\/wp-json\/wp\/v2\/types\/post"}],"author":[{"embeddable":true,"href":"https:\/\/www.lasagadesgares.be\/wordpress\/wp-json\/wp\/v2\/users\/1"}],"replies":[{"embeddable":true,"href":"https:\/\/www.lasagadesgares.be\/wordpress\/wp-json\/wp\/v2\/comments?post=2076"}],"version-history":[{"count":2,"href":"https:\/\/www.lasagadesgares.be\/wordpress\/wp-json\/wp\/v2\/posts\/2076\/revisions"}],"predecessor-version":[{"id":2334,"href":"https:\/\/www.lasagadesgares.be\/wordpress\/wp-json\/wp\/v2\/posts\/2076\/revisions\/2334"}],"wp:featuredmedia":[{"embeddable":true,"href":"https:\/\/www.lasagadesgares.be\/wordpress\/wp-json\/wp\/v2\/media\/2077"}],"wp:attachment":[{"href":"https:\/\/www.lasagadesgares.be\/wordpress\/wp-json\/wp\/v2\/media?parent=2076"}],"wp:term":[{"taxonomy":"category","embeddable":true,"href":"https:\/\/www.lasagadesgares.be\/wordpress\/wp-json\/wp\/v2\/categories?post=2076"},{"taxonomy":"post_tag","embeddable":true,"href":"https:\/\/www.lasagadesgares.be\/wordpress\/wp-json\/wp\/v2\/tags?post=2076"}],"curies":[{"name":"wp","href":"https:\/\/api.w.org\/{rel}","templated":true}]}}