{"id":2049,"date":"2025-10-27T16:03:07","date_gmt":"2025-10-27T15:03:07","guid":{"rendered":"https:\/\/www.lasagadesgares.be\/wordpress\/?p=2049"},"modified":"2025-11-11T22:31:21","modified_gmt":"2025-11-11T21:31:21","slug":"jamioulx","status":"publish","type":"post","link":"https:\/\/www.lasagadesgares.be\/wordpress\/jamioulx\/","title":{"rendered":"La gare de Jamioulx"},"content":{"rendered":"\n<p>Bienvenue en gare de Jamioulx! Nous sommes sur la <a href=\"https:\/\/www.lasagadesgares.be\/wordpress\/la-ligne-132\/\">ligne 132<\/a> de Charleroi \u00e0 Treignes et la fronti\u00e8re fran\u00e7aise. La gare est situ\u00e9e entre Bomer\u00e9e et Beign\u00e9e. La gare est \u00e9galement sur la ligne 133.<\/p>\n\n\n\n<p>Le b\u00e2timent, sans \u00e9tage, de la gare de Jamioulx a mis ouvert aux voyageurs d\u00e8s le 27-11-1848.<\/p>\n\n\n\n<p>La gare \u00e9tait \u00e9quip\u00e9e de deux voies principales avec quai, d\u2019un passage \u00e0 niveau (PN 118) avec barri\u00e8res basculantes. C\u00f4t\u00e9 Bomer\u00e9e, deux voies secondaires longeaient un terrain lou\u00e9 \u00e0 un marchand de mitrailles. C\u00f4t\u00e9 Beign\u00e9e, un raccordement se prolongeait par des voies \u00e9troites Decauville vers la S.A. Fonderies et platineries Hainaut Carlier.<\/p>\n\n\n\n<p>L&#8217;emprise de la gare est cern\u00e9e par deux passages inf\u00e9rieurs (PI) pour la rivi\u00e8re l&rsquo;Eau d&rsquo;Eure.<\/p>\n\n\n\n<p>Aujourd&rsquo;hui, le point d&rsquo;arr\u00eat pour voyageurs de Jamioulx est desservi par des trains Suburbains (S64) et d\u2019Heure de pointe (P). L&rsquo;Ancien b\u00e2timent voyageurs est ferm\u00e9 et a \u00e9t\u00e9 rachet\u00e9 partiellement par la commune en 1995.<\/p>\n\n\n\n<p><strong><a href=\"https:\/\/www.ham-sur-heure-nalinnes.be\/la-commune\/la-commune\/anciens-villages\/jamioulx\">Commune de Ham-Sur-Heure-Nalinnes\/Jamioulx<\/a><\/strong><\/p>\n\n\n\n<p><strong><a href=\"https:\/\/www.cm-tourisme.be\/fr\/a\/promenade-de-jamioulx\">Promenade de Jamioulx<\/a><\/strong><\/p>\n\n\n\n<figure class=\"wp-block-gallery has-nested-images columns-default is-cropped wp-block-gallery-1 is-layout-flex wp-block-gallery-is-layout-flex\">\n<figure class=\"wp-block-image size-large\"><a href=\"https:\/\/www.lasagadesgares.be\/wordpress\/wp-content\/uploads\/2025\/10\/Jamioulx-.jpg\"><img fetchpriority=\"high\" decoding=\"async\" width=\"400\" height=\"255\" data-id=\"2050\" src=\"https:\/\/www.lasagadesgares.be\/wordpress\/wp-content\/uploads\/2025\/10\/Jamioulx-.jpg\" alt=\"\" class=\"wp-image-2050\" srcset=\"https:\/\/www.lasagadesgares.be\/wordpress\/wp-content\/uploads\/2025\/10\/Jamioulx-.jpg 400w, https:\/\/www.lasagadesgares.be\/wordpress\/wp-content\/uploads\/2025\/10\/Jamioulx--300x191.jpg 300w, https:\/\/www.lasagadesgares.be\/wordpress\/wp-content\/uploads\/2025\/10\/Jamioulx--1x1.jpg 1w\" sizes=\"(max-width: 400px) 100vw, 400px\" \/><\/a><\/figure>\n\n\n\n<figure class=\"wp-block-image size-large\"><a href=\"https:\/\/www.lasagadesgares.be\/wordpress\/wp-content\/uploads\/2025\/10\/Jamioulx-2.jpg\"><img decoding=\"async\" width=\"400\" height=\"267\" data-id=\"2052\" src=\"https:\/\/www.lasagadesgares.be\/wordpress\/wp-content\/uploads\/2025\/10\/Jamioulx-2.jpg\" alt=\"\" class=\"wp-image-2052\" srcset=\"https:\/\/www.lasagadesgares.be\/wordpress\/wp-content\/uploads\/2025\/10\/Jamioulx-2.jpg 400w, https:\/\/www.lasagadesgares.be\/wordpress\/wp-content\/uploads\/2025\/10\/Jamioulx-2-300x200.jpg 300w, https:\/\/www.lasagadesgares.be\/wordpress\/wp-content\/uploads\/2025\/10\/Jamioulx-2-1x1.jpg 1w\" sizes=\"(max-width: 400px) 100vw, 400px\" \/><\/a><\/figure>\n\n\n\n<figure class=\"wp-block-image size-large\"><a href=\"https:\/\/www.lasagadesgares.be\/wordpress\/wp-content\/uploads\/2025\/10\/Jamioulx-BR-.jpg\"><img decoding=\"async\" width=\"400\" height=\"137\" data-id=\"2053\" src=\"https:\/\/www.lasagadesgares.be\/wordpress\/wp-content\/uploads\/2025\/10\/Jamioulx-BR-.jpg\" alt=\"\" class=\"wp-image-2053\" srcset=\"https:\/\/www.lasagadesgares.be\/wordpress\/wp-content\/uploads\/2025\/10\/Jamioulx-BR-.jpg 400w, https:\/\/www.lasagadesgares.be\/wordpress\/wp-content\/uploads\/2025\/10\/Jamioulx-BR--300x103.jpg 300w, https:\/\/www.lasagadesgares.be\/wordpress\/wp-content\/uploads\/2025\/10\/Jamioulx-BR--1x1.jpg 1w\" sizes=\"(max-width: 400px) 100vw, 400px\" \/><\/a><\/figure>\n<\/figure>\n","protected":false},"excerpt":{"rendered":"<p>Bienvenue en gare de Jamioulx! Nous sommes sur la ligne 132 de Charleroi \u00e0 Treignes et la fronti\u00e8re fran\u00e7aise. La gare est situ\u00e9e entre Bomer\u00e9e et Beign\u00e9e. La gare est \u00e9galement sur la ligne 133. Le b\u00e2timent, sans \u00e9tage, de la gare de Jamioulx a mis ouvert aux voyageurs d\u00e8s le 27-11-1848. La gare \u00e9tait [&hellip;]<\/p>\n","protected":false},"author":1,"featured_media":2050,"comment_status":"closed","ping_status":"open","sticky":false,"template":"","format":"standard","meta":{"footnotes":""},"categories":[34,46],"tags":[],"class_list":["post-2049","post","type-post","status-publish","format-standard","has-post-thumbnail","hentry","category-ligne-132","category-ligne-133"],"_links":{"self":[{"href":"https:\/\/www.lasagadesgares.be\/wordpress\/wp-json\/wp\/v2\/posts\/2049","targetHints":{"allow":["GET"]}}],"collection":[{"href":"https:\/\/www.lasagadesgares.be\/wordpress\/wp-json\/wp\/v2\/posts"}],"about":[{"href":"https:\/\/www.lasagadesgares.be\/wordpress\/wp-json\/wp\/v2\/types\/post"}],"author":[{"embeddable":true,"href":"https:\/\/www.lasagadesgares.be\/wordpress\/wp-json\/wp\/v2\/users\/1"}],"replies":[{"embeddable":true,"href":"https:\/\/www.lasagadesgares.be\/wordpress\/wp-json\/wp\/v2\/comments?post=2049"}],"version-history":[{"count":2,"href":"https:\/\/www.lasagadesgares.be\/wordpress\/wp-json\/wp\/v2\/posts\/2049\/revisions"}],"predecessor-version":[{"id":2337,"href":"https:\/\/www.lasagadesgares.be\/wordpress\/wp-json\/wp\/v2\/posts\/2049\/revisions\/2337"}],"wp:featuredmedia":[{"embeddable":true,"href":"https:\/\/www.lasagadesgares.be\/wordpress\/wp-json\/wp\/v2\/media\/2050"}],"wp:attachment":[{"href":"https:\/\/www.lasagadesgares.be\/wordpress\/wp-json\/wp\/v2\/media?parent=2049"}],"wp:term":[{"taxonomy":"category","embeddable":true,"href":"https:\/\/www.lasagadesgares.be\/wordpress\/wp-json\/wp\/v2\/categories?post=2049"},{"taxonomy":"post_tag","embeddable":true,"href":"https:\/\/www.lasagadesgares.be\/wordpress\/wp-json\/wp\/v2\/tags?post=2049"}],"curies":[{"name":"wp","href":"https:\/\/api.w.org\/{rel}","templated":true}]}}