{"id":2040,"date":"2025-10-27T15:49:48","date_gmt":"2025-10-27T14:49:48","guid":{"rendered":"https:\/\/www.lasagadesgares.be\/wordpress\/?p=2040"},"modified":"2025-11-11T22:31:34","modified_gmt":"2025-11-11T21:31:34","slug":"mont-sur-marchienne","status":"publish","type":"post","link":"https:\/\/www.lasagadesgares.be\/wordpress\/mont-sur-marchienne\/","title":{"rendered":"La gare de Mont-sur-Marchienne"},"content":{"rendered":"\n<p>Bienvenue en gare de Mont-sur-Marchienne! Nous sommes sur la ligne 132, Charleroi sud &#8211; Mariembourg \u2013 Vireux-Molhain, en France.<\/p>\n\n\n\n<p>La gare de Mont-sur-Marchienne a \u00e9t\u00e9 mise en service le 27 novembre 1848: elle portait \u00e0 l\u2019\u00e9poque le nom de \u00ab&nbsp;Zone Etat&nbsp;\u00bb. Elle \u00e9tait situ\u00e9e sur la ligne entre La Sambre et Montignies-le-Tilleul.<\/p>\n\n\n\n<p>Cette gare \u00e9tait \u00e9quip\u00e9e d\u2019un b\u00e2timent comprenant le bureau de recettes (BR), d&rsquo;un all (salle d&rsquo;attente), un magasin et un abri avec auvent vers le quai. Elle \u00e9tait \u00e9galement \u00e9quip\u00e9e d\u2019une cour aux marchandises et de deux raccordements vers les Etablissements Hanciaux et vers la S.A. des Usines et Aci\u00e9ries Allard.<\/p>\n\n\n\n<p>La gare de Mont-sur-Marchienne a \u00e9t\u00e9 ferm\u00e9e au service des voyageurs le 23 mai 1982. Le quai et le b\u00e2timent ont \u00e9t\u00e9 d\u00e9truits. L&rsquo;ancien passage \u00e0 niveau n\u00b0108 \u00e0 la rue de Zone a \u00e9t\u00e9 remplac\u00e9 par un passage sous voies.<\/p>\n\n\n\n<p><strong><a href=\"https:\/\/www.charleroi-decouverte.be\/pages\/?id=637\">Mont-sur-Marchienne, sur Charleroi-D\u00e9couverte<\/a><\/strong><\/p>\n\n\n\n<figure class=\"wp-block-gallery has-nested-images columns-default is-cropped wp-block-gallery-1 is-layout-flex wp-block-gallery-is-layout-flex\">\n<figure class=\"wp-block-image size-large\"><a href=\"https:\/\/www.lasagadesgares.be\/wordpress\/wp-content\/uploads\/2025\/10\/Mont-sur-Marchienne.jpg\"><img fetchpriority=\"high\" decoding=\"async\" width=\"400\" height=\"253\" data-id=\"2042\" src=\"https:\/\/www.lasagadesgares.be\/wordpress\/wp-content\/uploads\/2025\/10\/Mont-sur-Marchienne.jpg\" alt=\"\" class=\"wp-image-2042\" srcset=\"https:\/\/www.lasagadesgares.be\/wordpress\/wp-content\/uploads\/2025\/10\/Mont-sur-Marchienne.jpg 400w, https:\/\/www.lasagadesgares.be\/wordpress\/wp-content\/uploads\/2025\/10\/Mont-sur-Marchienne-300x190.jpg 300w, https:\/\/www.lasagadesgares.be\/wordpress\/wp-content\/uploads\/2025\/10\/Mont-sur-Marchienne-1x1.jpg 1w\" sizes=\"(max-width: 400px) 100vw, 400px\" \/><\/a><\/figure>\n\n\n\n<figure class=\"wp-block-image size-large\"><a href=\"https:\/\/www.lasagadesgares.be\/wordpress\/wp-content\/uploads\/2025\/10\/Mont-s-march-BR.jpg\"><img decoding=\"async\" width=\"400\" height=\"125\" data-id=\"2041\" src=\"https:\/\/www.lasagadesgares.be\/wordpress\/wp-content\/uploads\/2025\/10\/Mont-s-march-BR.jpg\" alt=\"\" class=\"wp-image-2041\" srcset=\"https:\/\/www.lasagadesgares.be\/wordpress\/wp-content\/uploads\/2025\/10\/Mont-s-march-BR.jpg 400w, https:\/\/www.lasagadesgares.be\/wordpress\/wp-content\/uploads\/2025\/10\/Mont-s-march-BR-300x94.jpg 300w, https:\/\/www.lasagadesgares.be\/wordpress\/wp-content\/uploads\/2025\/10\/Mont-s-march-BR-1x1.jpg 1w\" sizes=\"(max-width: 400px) 100vw, 400px\" \/><\/a><\/figure>\n<\/figure>\n","protected":false},"excerpt":{"rendered":"<p>Bienvenue en gare de Mont-sur-Marchienne! Nous sommes sur la ligne 132, Charleroi sud &#8211; Mariembourg \u2013 Vireux-Molhain, en France. La gare de Mont-sur-Marchienne a \u00e9t\u00e9 mise en service le 27 novembre 1848: elle portait \u00e0 l\u2019\u00e9poque le nom de \u00ab&nbsp;Zone Etat&nbsp;\u00bb. Elle \u00e9tait situ\u00e9e sur la ligne entre La Sambre et Montignies-le-Tilleul. Cette gare \u00e9tait [&hellip;]<\/p>\n","protected":false},"author":1,"featured_media":2042,"comment_status":"closed","ping_status":"open","sticky":false,"template":"","format":"standard","meta":{"footnotes":""},"categories":[34],"tags":[],"class_list":["post-2040","post","type-post","status-publish","format-standard","has-post-thumbnail","hentry","category-ligne-132"],"_links":{"self":[{"href":"https:\/\/www.lasagadesgares.be\/wordpress\/wp-json\/wp\/v2\/posts\/2040","targetHints":{"allow":["GET"]}}],"collection":[{"href":"https:\/\/www.lasagadesgares.be\/wordpress\/wp-json\/wp\/v2\/posts"}],"about":[{"href":"https:\/\/www.lasagadesgares.be\/wordpress\/wp-json\/wp\/v2\/types\/post"}],"author":[{"embeddable":true,"href":"https:\/\/www.lasagadesgares.be\/wordpress\/wp-json\/wp\/v2\/users\/1"}],"replies":[{"embeddable":true,"href":"https:\/\/www.lasagadesgares.be\/wordpress\/wp-json\/wp\/v2\/comments?post=2040"}],"version-history":[{"count":2,"href":"https:\/\/www.lasagadesgares.be\/wordpress\/wp-json\/wp\/v2\/posts\/2040\/revisions"}],"predecessor-version":[{"id":2048,"href":"https:\/\/www.lasagadesgares.be\/wordpress\/wp-json\/wp\/v2\/posts\/2040\/revisions\/2048"}],"wp:featuredmedia":[{"embeddable":true,"href":"https:\/\/www.lasagadesgares.be\/wordpress\/wp-json\/wp\/v2\/media\/2042"}],"wp:attachment":[{"href":"https:\/\/www.lasagadesgares.be\/wordpress\/wp-json\/wp\/v2\/media?parent=2040"}],"wp:term":[{"taxonomy":"category","embeddable":true,"href":"https:\/\/www.lasagadesgares.be\/wordpress\/wp-json\/wp\/v2\/categories?post=2040"},{"taxonomy":"post_tag","embeddable":true,"href":"https:\/\/www.lasagadesgares.be\/wordpress\/wp-json\/wp\/v2\/tags?post=2040"}],"curies":[{"name":"wp","href":"https:\/\/api.w.org\/{rel}","templated":true}]}}