{"id":200,"date":"2025-04-05T08:47:38","date_gmt":"2025-04-05T06:47:38","guid":{"rendered":"https:\/\/www.lasagadesgares.be\/wordpress\/?p=200"},"modified":"2025-11-16T17:16:06","modified_gmt":"2025-11-16T16:16:06","slug":"fauroeulx","status":"publish","type":"post","link":"https:\/\/www.lasagadesgares.be\/wordpress\/fauroeulx\/","title":{"rendered":"La gare de Fauroeulx"},"content":{"rendered":"\n<p><strong>Le petit village rural de Fauroeulx, aujourd\u2019hui dans l\u2019entit\u00e9 d\u2019Estinnes qui comptait, \u00e0 l\u2019\u00e9poque moins de 400 habitants, disposait d\u2019une gare importante situ\u00e9e au croisement des lignes 108 Binche \u2013 Erquelinnes et 109 Mons \u2013 Chimay.<br><\/strong>La gare a \u00e9t\u00e9 mise en service le 2 mai 1857 et ferm\u00e9e au trafic voyageur le 4 novembre 1962. Pour les marchandises un train caboteur a circul\u00e9 jusqu\u2019en 1984 principalement pour desservir la gare de Grand-Reng utilis\u00e9e pour le garage des wagons hors service.<br>La gare de Fauroeulx disposait de 5 voies \u00e0 quai pour le trafic voyageur et de 4 voies pour le trafic marchandise, avec un cul de sac de part et d\u2019autre pour l\u2019\u00e9volution des locomotives. Une cour aux marchandises \u00e0 2 voies, en cul de sac, desservait un hangar et une rampe de chargement.<br>Un raccordement, situ\u00e9 avant la cour aux marchandises, desservait un quai de chargement de la Soci\u00e9t\u00e9 Anonyme des Charbonnages r\u00e9unis du Mambourg, si\u00e8ge d\u2019Estinnes-au-Val (ferm\u00e9 en 1935) et la voie vers la Soci\u00e9t\u00e9 Anonyme des Carri\u00e8res de la Biscaille \u00e0 Estinnes-au-Mont.<br>La signalisation m\u00e9canique \u00e0 2 positions \u00e9tait command\u00e9e par 2 cabines. La cabine I, block 7 de la ligne 109 vers Estinnes et block 10 de la ligne 108 vers Bonne-Esp\u00e9rance. La cabine II, block 6 de la ligne 109 vers Merbes St Marie et block 11 de la ligne 108 vers Peissant. La cabine II commandait \u00e9galement le PN 42, chauss\u00e9e de la Buissi\u00e8re (aujourd\u2019hui rue Charles Gantois)<br>Les voies ont \u00e9t\u00e9 d\u00e9f\u00e9r\u00e9es en 1987. Aujourd\u2019hui le tron\u00e7on Binche \u2013 Erquelinnes de la ligne 108 a fait place \u00e0 un RAVeL ainsi que le tron\u00e7on de la ligne 109 vers Estinnes. Le b\u00e2timent principal de la gare est devenu une habitation priv\u00e9e ainsi que la maisonnette du PN 42.<\/p>\n\n\n\n<figure class=\"wp-block-gallery has-nested-images columns-default is-cropped wp-block-gallery-1 is-layout-flex wp-block-gallery-is-layout-flex\">\n<figure data-wp-context=\"{&quot;imageId&quot;:&quot;69ec4e6400b0f&quot;}\" data-wp-interactive=\"core\/image\" data-wp-key=\"69ec4e6400b0f\" class=\"wp-block-image size-large wp-lightbox-container\"><img fetchpriority=\"high\" decoding=\"async\" width=\"400\" height=\"265\" data-wp-class--hide=\"state.isContentHidden\" data-wp-class--show=\"state.isContentVisible\" data-wp-init=\"callbacks.setButtonStyles\" data-wp-on--click=\"actions.showLightbox\" data-wp-on--load=\"callbacks.setButtonStyles\" data-wp-on-window--resize=\"callbacks.setButtonStyles\" data-id=\"204\" src=\"https:\/\/www.lasagadesgares.be\/wordpress\/wp-content\/uploads\/2025\/04\/Fauroeulx-4.jpg\" alt=\"\" class=\"wp-image-204\" srcset=\"https:\/\/www.lasagadesgares.be\/wordpress\/wp-content\/uploads\/2025\/04\/Fauroeulx-4.jpg 400w, https:\/\/www.lasagadesgares.be\/wordpress\/wp-content\/uploads\/2025\/04\/Fauroeulx-4-300x199.jpg 300w, https:\/\/www.lasagadesgares.be\/wordpress\/wp-content\/uploads\/2025\/04\/Fauroeulx-4-1x1.jpg 1w\" sizes=\"(max-width: 400px) 100vw, 400px\" \/><button\n\t\t\tclass=\"lightbox-trigger\"\n\t\t\ttype=\"button\"\n\t\t\taria-haspopup=\"dialog\"\n\t\t\taria-label=\"Agrandir\"\n\t\t\tdata-wp-init=\"callbacks.initTriggerButton\"\n\t\t\tdata-wp-on--click=\"actions.showLightbox\"\n\t\t\tdata-wp-style--right=\"state.imageButtonRight\"\n\t\t\tdata-wp-style--top=\"state.imageButtonTop\"\n\t\t>\n\t\t\t<svg xmlns=\"http:\/\/www.w3.org\/2000\/svg\" width=\"12\" height=\"12\" fill=\"none\" viewBox=\"0 0 12 12\">\n\t\t\t\t<path fill=\"#fff\" d=\"M2 0a2 2 0 0 0-2 2v2h1.5V2a.5.5 0 0 1 .5-.5h2V0H2Zm2 10.5H2a.5.5 0 0 1-.5-.5V8H0v2a2 2 0 0 0 2 2h2v-1.5ZM8 12v-1.5h2a.5.5 0 0 0 .5-.5V8H12v2a2 2 0 0 1-2 2H8Zm2-12a2 2 0 0 1 2 2v2h-1.5V2a.5.5 0 0 0-.5-.5H8V0h2Z\" \/>\n\t\t\t<\/svg>\n\t\t<\/button><figcaption class=\"wp-element-caption\">La gare de Fauroeulx devenue une habitation priv\u00e9e (photo Guy Demeulder)<\/figcaption><\/figure>\n\n\n\n<figure data-wp-context=\"{&quot;imageId&quot;:&quot;69ec4e6400ef6&quot;}\" data-wp-interactive=\"core\/image\" data-wp-key=\"69ec4e6400ef6\" class=\"wp-block-image size-large wp-lightbox-container\"><img decoding=\"async\" width=\"400\" height=\"187\" data-wp-class--hide=\"state.isContentHidden\" data-wp-class--show=\"state.isContentVisible\" data-wp-init=\"callbacks.setButtonStyles\" data-wp-on--click=\"actions.showLightbox\" data-wp-on--load=\"callbacks.setButtonStyles\" data-wp-on-window--resize=\"callbacks.setButtonStyles\" data-id=\"203\" src=\"https:\/\/www.lasagadesgares.be\/wordpress\/wp-content\/uploads\/2025\/04\/Fauroeulx-3.jpg\" alt=\"\" class=\"wp-image-203\" srcset=\"https:\/\/www.lasagadesgares.be\/wordpress\/wp-content\/uploads\/2025\/04\/Fauroeulx-3.jpg 400w, https:\/\/www.lasagadesgares.be\/wordpress\/wp-content\/uploads\/2025\/04\/Fauroeulx-3-300x140.jpg 300w, https:\/\/www.lasagadesgares.be\/wordpress\/wp-content\/uploads\/2025\/04\/Fauroeulx-3-1x1.jpg 1w\" sizes=\"(max-width: 400px) 100vw, 400px\" \/><button\n\t\t\tclass=\"lightbox-trigger\"\n\t\t\ttype=\"button\"\n\t\t\taria-haspopup=\"dialog\"\n\t\t\taria-label=\"Agrandir\"\n\t\t\tdata-wp-init=\"callbacks.initTriggerButton\"\n\t\t\tdata-wp-on--click=\"actions.showLightbox\"\n\t\t\tdata-wp-style--right=\"state.imageButtonRight\"\n\t\t\tdata-wp-style--top=\"state.imageButtonTop\"\n\t\t>\n\t\t\t<svg xmlns=\"http:\/\/www.w3.org\/2000\/svg\" width=\"12\" height=\"12\" fill=\"none\" viewBox=\"0 0 12 12\">\n\t\t\t\t<path fill=\"#fff\" d=\"M2 0a2 2 0 0 0-2 2v2h1.5V2a.5.5 0 0 1 .5-.5h2V0H2Zm2 10.5H2a.5.5 0 0 1-.5-.5V8H0v2a2 2 0 0 0 2 2h2v-1.5ZM8 12v-1.5h2a.5.5 0 0 0 .5-.5V8H12v2a2 2 0 0 1-2 2H8Zm2-12a2 2 0 0 1 2 2v2h-1.5V2a.5.5 0 0 0-.5-.5H8V0h2Z\" \/>\n\t\t\t<\/svg>\n\t\t<\/button><\/figure>\n\n\n\n<figure data-wp-context=\"{&quot;imageId&quot;:&quot;69ec4e64012b1&quot;}\" data-wp-interactive=\"core\/image\" data-wp-key=\"69ec4e64012b1\" class=\"wp-block-image size-large wp-lightbox-container\"><img decoding=\"async\" width=\"400\" height=\"242\" data-wp-class--hide=\"state.isContentHidden\" data-wp-class--show=\"state.isContentVisible\" data-wp-init=\"callbacks.setButtonStyles\" data-wp-on--click=\"actions.showLightbox\" data-wp-on--load=\"callbacks.setButtonStyles\" data-wp-on-window--resize=\"callbacks.setButtonStyles\" data-id=\"202\" src=\"https:\/\/www.lasagadesgares.be\/wordpress\/wp-content\/uploads\/2025\/04\/Fauroeulx-2.jpg\" alt=\"\" class=\"wp-image-202\" srcset=\"https:\/\/www.lasagadesgares.be\/wordpress\/wp-content\/uploads\/2025\/04\/Fauroeulx-2.jpg 400w, https:\/\/www.lasagadesgares.be\/wordpress\/wp-content\/uploads\/2025\/04\/Fauroeulx-2-300x182.jpg 300w, https:\/\/www.lasagadesgares.be\/wordpress\/wp-content\/uploads\/2025\/04\/Fauroeulx-2-1x1.jpg 1w\" sizes=\"(max-width: 400px) 100vw, 400px\" \/><button\n\t\t\tclass=\"lightbox-trigger\"\n\t\t\ttype=\"button\"\n\t\t\taria-haspopup=\"dialog\"\n\t\t\taria-label=\"Agrandir\"\n\t\t\tdata-wp-init=\"callbacks.initTriggerButton\"\n\t\t\tdata-wp-on--click=\"actions.showLightbox\"\n\t\t\tdata-wp-style--right=\"state.imageButtonRight\"\n\t\t\tdata-wp-style--top=\"state.imageButtonTop\"\n\t\t>\n\t\t\t<svg xmlns=\"http:\/\/www.w3.org\/2000\/svg\" width=\"12\" height=\"12\" fill=\"none\" viewBox=\"0 0 12 12\">\n\t\t\t\t<path fill=\"#fff\" d=\"M2 0a2 2 0 0 0-2 2v2h1.5V2a.5.5 0 0 1 .5-.5h2V0H2Zm2 10.5H2a.5.5 0 0 1-.5-.5V8H0v2a2 2 0 0 0 2 2h2v-1.5ZM8 12v-1.5h2a.5.5 0 0 0 .5-.5V8H12v2a2 2 0 0 1-2 2H8Zm2-12a2 2 0 0 1 2 2v2h-1.5V2a.5.5 0 0 0-.5-.5H8V0h2Z\" \/>\n\t\t\t<\/svg>\n\t\t<\/button><figcaption class=\"wp-element-caption\">Un autorail Brossel \u00e0 bogies stationne voie 4 (collection \u00ab La saga des gares \u00bb)<\/figcaption><\/figure>\n<\/figure>\n","protected":false},"excerpt":{"rendered":"<p>Le petit village rural de Fauroeulx, aujourd\u2019hui dans l\u2019entit\u00e9 d\u2019Estinnes qui comptait, \u00e0 l\u2019\u00e9poque moins de 400 habitants, disposait d\u2019une gare importante situ\u00e9e au croisement des lignes 108 Binche \u2013 Erquelinnes et 109 Mons \u2013 Chimay.La gare a \u00e9t\u00e9 mise en service le 2 mai 1857 et ferm\u00e9e au trafic voyageur le 4 novembre 1962. [&hellip;]<\/p>\n","protected":false},"author":1,"featured_media":201,"comment_status":"closed","ping_status":"open","sticky":false,"template":"","format":"standard","meta":{"footnotes":""},"categories":[74,24],"tags":[],"class_list":["post-200","post","type-post","status-publish","format-standard","has-post-thumbnail","hentry","category-ligne-108","category-ligne-109"],"_links":{"self":[{"href":"https:\/\/www.lasagadesgares.be\/wordpress\/wp-json\/wp\/v2\/posts\/200","targetHints":{"allow":["GET"]}}],"collection":[{"href":"https:\/\/www.lasagadesgares.be\/wordpress\/wp-json\/wp\/v2\/posts"}],"about":[{"href":"https:\/\/www.lasagadesgares.be\/wordpress\/wp-json\/wp\/v2\/types\/post"}],"author":[{"embeddable":true,"href":"https:\/\/www.lasagadesgares.be\/wordpress\/wp-json\/wp\/v2\/users\/1"}],"replies":[{"embeddable":true,"href":"https:\/\/www.lasagadesgares.be\/wordpress\/wp-json\/wp\/v2\/comments?post=200"}],"version-history":[{"count":3,"href":"https:\/\/www.lasagadesgares.be\/wordpress\/wp-json\/wp\/v2\/posts\/200\/revisions"}],"predecessor-version":[{"id":1275,"href":"https:\/\/www.lasagadesgares.be\/wordpress\/wp-json\/wp\/v2\/posts\/200\/revisions\/1275"}],"wp:featuredmedia":[{"embeddable":true,"href":"https:\/\/www.lasagadesgares.be\/wordpress\/wp-json\/wp\/v2\/media\/201"}],"wp:attachment":[{"href":"https:\/\/www.lasagadesgares.be\/wordpress\/wp-json\/wp\/v2\/media?parent=200"}],"wp:term":[{"taxonomy":"category","embeddable":true,"href":"https:\/\/www.lasagadesgares.be\/wordpress\/wp-json\/wp\/v2\/categories?post=200"},{"taxonomy":"post_tag","embeddable":true,"href":"https:\/\/www.lasagadesgares.be\/wordpress\/wp-json\/wp\/v2\/tags?post=200"}],"curies":[{"name":"wp","href":"https:\/\/api.w.org\/{rel}","templated":true}]}}