{"id":1500,"date":"2025-10-19T16:26:39","date_gmt":"2025-10-19T14:26:39","guid":{"rendered":"https:\/\/www.lasagadesgares.be\/wordpress\/?p=1500"},"modified":"2025-11-11T22:32:12","modified_gmt":"2025-11-11T21:32:12","slug":"biesme-sous-thuin","status":"publish","type":"post","link":"https:\/\/www.lasagadesgares.be\/wordpress\/biesme-sous-thuin\/","title":{"rendered":"La halte de Biesme-sous-Thuin"},"content":{"rendered":"<p>Bienvenue \u00e0 la halte de Biesme-sous-Thuin! Nous sommes sur la ligne 109 entre Cuesmes et Chimay, \u00e0 36,7 kilom\u00e8tres de Mons, entre Thuin Ouest et Thuillies.<\/p>\n<p><!-- \/wp:post-content --><!-- wp:paragraph --><\/p>\n<p>La petite halte de Biesme-sous-Thuin a \u00e9t\u00e9 ouverte entre 1875 et 1882. Elle pouvait \u00eatre \u00e9quip\u00e9e d\u2019un petit b\u00e2timent servant d\u2019abri pour les voyageurs. Elle fut supprim\u00e9e le 30 mai 1964 et les maigres installations furent d\u00e9mont\u00e9es en 1989.<\/p>\n<p><!-- \/wp:paragraph --><!-- wp:paragraph --><\/p>\n<p>Nous sommes ici au terminus de la ligne de tramway \u00e0 voie m\u00e9trique r\u00e9utilisant la section de la ligne 109 en direction de Chimay exploit\u00e9e par l&rsquo;association ASVi asbl. Cette derni\u00e8re, qui a pour objectif de sauvegarder, restaurer et mettre en service \u00e0 des fins historiques et touristiques des tramways de l\u2019ancienne Soci\u00e9t\u00e9 nationale des Chemins de Fer vicinaux (SNCV). L\u2019association, compos\u00e9e uniquement de b\u00e9n\u00e9voles, a b\u00e2ti son \u00ab&nbsp;Mus\u00e9e des Tramways&nbsp;\u00bb sur le site de Thuin Ouest. Depuis le 14 ao\u00fbt 2010, l&rsquo;ancienne halte de Biesme-sous-Thuin est le terminus sud du \u00ab&nbsp;Tramway Lobbes-Thuin&nbsp;\u00bb. La nouvelle section du tramway \u00e0 voie m\u00e9trique de l&rsquo;ASVi est \u00e9tablie en parall\u00e8le avec la construction d&rsquo;un chemin Ravel. <em>(<\/em><a href=\"https:\/\/www.garesbelges.be\/bienne_lez_happart.htm\" target=\"_blank\" rel=\"noopener\">Photos Gares belges d&rsquo;Autrefois<\/a><em>)<\/em><\/p>\n<p><!-- \/wp:paragraph --><!-- wp:paragraph --><\/p>\n<p><strong><a href=\"https:\/\/museedutramvicinal.be\/\">Mus\u00e9e du Tram vicinal (ASVi)<\/a><\/strong><\/p>\n<p><!-- \/wp:paragraph --><!-- wp:paragraph --><\/p>\n<p><strong><a href=\"https:\/\/www.centreculturelhautesambre.be\/lieu\/place-de-biesme-sous-thuin\/\">Le Centre culturel Haut Sambre<\/a><\/strong> &#8211; Biesme-sous-Thuin<\/p>\n<p><!-- \/wp:paragraph --><!-- wp:paragraph --><\/p>\n<p><strong><a href=\"http:\/\/www.clochersdewallonie.be\/biesmesousthuin.htm\">Clochers et Chapelles de Biesme-sous-Thuin<\/a><\/strong><\/p>\n<p><!-- \/wp:paragraph --><!-- wp:paragraph --><\/p>\n<p><strong><a href=\"https:\/\/fr.wikiloc.com\/itineraires-randonnee\/marche-adeps-e-biesme-sous-thuin-6653815\">Marcher \u00e0 Biesme-sous-Thuin<\/a><\/strong><\/p>\n<p><!-- \/wp:paragraph --><!-- wp:gallery {\"linkTo\":\"none\"} --><\/p>\n<figure><!-- wp:image {\"id\":1505,\"sizeSlug\":\"large\",\"linkDestination\":\"none\"} --><p><\/p>\n<figure><img decoding=\"async\" src=\"https:\/\/www.lasagadesgares.be\/wordpress\/wp-content\/uploads\/2025\/10\/Biesmes-sous-Thuin-1.jpg\" alt=\"\"><\/figure>\n<p><!-- \/wp:image --><!-- wp:image {\"id\":1506,\"sizeSlug\":\"large\",\"linkDestination\":\"none\"} --><\/p>\n<figure><img decoding=\"async\" src=\"https:\/\/www.lasagadesgares.be\/wordpress\/wp-content\/uploads\/2025\/10\/Biesmes-sous-Thuin-2.jpg\" alt=\"\"><\/figure>\n<p><!-- \/wp:image --><\/p>\n<\/figure>\n<p><!-- \/wp:gallery --><\/p>","protected":false},"excerpt":{"rendered":"<p>Bienvenue \u00e0 la halte de Biesme-sous-Thuin! Nous sommes sur la ligne 109 entre Cuesmes et Chimay, \u00e0 36,7 kilom\u00e8tres de Mons, entre Thuin Ouest et Thuillies. La petite halte de Biesme-sous-Thuin a \u00e9t\u00e9 ouverte entre 1875 et 1882. Elle pouvait \u00eatre \u00e9quip\u00e9e d\u2019un petit b\u00e2timent servant d\u2019abri pour les voyageurs. Elle fut supprim\u00e9e le 30 [&hellip;]<\/p>\n","protected":false},"author":1,"featured_media":1505,"comment_status":"open","ping_status":"open","sticky":false,"template":"","format":"standard","meta":{"footnotes":""},"categories":[24],"tags":[],"class_list":["post-1500","post","type-post","status-publish","format-standard","has-post-thumbnail","hentry","category-ligne-109"],"_links":{"self":[{"href":"https:\/\/www.lasagadesgares.be\/wordpress\/wp-json\/wp\/v2\/posts\/1500","targetHints":{"allow":["GET"]}}],"collection":[{"href":"https:\/\/www.lasagadesgares.be\/wordpress\/wp-json\/wp\/v2\/posts"}],"about":[{"href":"https:\/\/www.lasagadesgares.be\/wordpress\/wp-json\/wp\/v2\/types\/post"}],"author":[{"embeddable":true,"href":"https:\/\/www.lasagadesgares.be\/wordpress\/wp-json\/wp\/v2\/users\/1"}],"replies":[{"embeddable":true,"href":"https:\/\/www.lasagadesgares.be\/wordpress\/wp-json\/wp\/v2\/comments?post=1500"}],"version-history":[{"count":15,"href":"https:\/\/www.lasagadesgares.be\/wordpress\/wp-json\/wp\/v2\/posts\/1500\/revisions"}],"predecessor-version":[{"id":1736,"href":"https:\/\/www.lasagadesgares.be\/wordpress\/wp-json\/wp\/v2\/posts\/1500\/revisions\/1736"}],"wp:featuredmedia":[{"embeddable":true,"href":"https:\/\/www.lasagadesgares.be\/wordpress\/wp-json\/wp\/v2\/media\/1505"}],"wp:attachment":[{"href":"https:\/\/www.lasagadesgares.be\/wordpress\/wp-json\/wp\/v2\/media?parent=1500"}],"wp:term":[{"taxonomy":"category","embeddable":true,"href":"https:\/\/www.lasagadesgares.be\/wordpress\/wp-json\/wp\/v2\/categories?post=1500"},{"taxonomy":"post_tag","embeddable":true,"href":"https:\/\/www.lasagadesgares.be\/wordpress\/wp-json\/wp\/v2\/tags?post=1500"}],"curies":[{"name":"wp","href":"https:\/\/api.w.org\/{rel}","templated":true}]}}