{"id":1490,"date":"2025-10-19T16:09:19","date_gmt":"2025-10-19T14:09:19","guid":{"rendered":"https:\/\/www.lasagadesgares.be\/wordpress\/?p=1490"},"modified":"2025-11-11T22:32:25","modified_gmt":"2025-11-11T21:32:25","slug":"stree","status":"publish","type":"post","link":"https:\/\/www.lasagadesgares.be\/wordpress\/stree\/","title":{"rendered":"La gare de Str\u00e9e"},"content":{"rendered":"\n<p>Bienvenue en gare de Str\u00e9e! Nous sommes sur la ligne 109, entre Cuesmes et Chimay, \u00e0 43,6 kilom\u00e8tres de Mons, entre Thuillies et Beaumont.<\/p>\n\n\n\n<p>La ligne a \u00e9t\u00e9 mise en service aux voyageurs et aux marchandises le 25 janvier 1875, la gare de Str\u00e9e a \u00e9t\u00e9 ouverte le 1<sup>er<\/sup> mars 1882. a b\u00e2timent principal de Str\u00e9e \u00e9tait du type de l\u2019Etat belge 1873. La station est devenue une gare de 4<sup>e<\/sup> classe en 1922.<\/p>\n\n\n\n<p>La b\u00e2timent comprenait un corps central \u00e0 \u00e9tage, notamment pour le logement du chef de gare, avec, au rez-de-chauss\u00e9e, le guichet, la salle d\u2019attente, les bureaux administratifs ainsi que le block 6 de signalisation. Deux ailes basses compl\u00e9taient le corps central et abritaient les services annexes, locaux de service. La gare \u00e9tait \u00e9quip\u00e9e de deux voies avec quai d\u2019embarquement, d\u2019une rampe, d\u2019un hangar et d\u2019une cour aux marchandises. Les entreprises Jean F\u00e9vrier, Thibaut Lucien, c\u00f4t\u00e9 Beaumont, ainsi que les Briqueteries Dauchot SA de Gosselies \u00e9taient raccord\u00e9es \u00e0 Str\u00e9e.<\/p>\n\n\n\n<p>La gare de Str\u00e9e a ferm\u00e9 ses portes au trafic de voyageurs le 30 mai 1964, en 1984 au trafic des marchandises. <em>(<a href=\"https:\/\/www.garesbelges.be\/stree.htm\">Photos Gares belges d&rsquo;Autrefois<\/a>)<\/em><\/p>\n\n\n\n<p><strong><a href=\"https:\/\/www.beaumont.be\/\" data-type=\"page\" data-id=\"1346\">Str\u00e9e dans l&rsquo;entit\u00e9 de Beaumont<\/a><\/strong><\/p>\n\n\n\n<figure class=\"wp-block-gallery has-nested-images columns-default is-cropped wp-block-gallery-1 is-layout-flex wp-block-gallery-is-layout-flex\">\n<figure class=\"wp-block-image size-large\"><img fetchpriority=\"high\" decoding=\"async\" width=\"400\" height=\"255\" data-id=\"1494\" src=\"https:\/\/www.lasagadesgares.be\/wordpress\/wp-content\/uploads\/2025\/10\/stree_001.jpg\" alt=\"\" class=\"wp-image-1494\" srcset=\"https:\/\/www.lasagadesgares.be\/wordpress\/wp-content\/uploads\/2025\/10\/stree_001.jpg 400w, https:\/\/www.lasagadesgares.be\/wordpress\/wp-content\/uploads\/2025\/10\/stree_001-300x191.jpg 300w, https:\/\/www.lasagadesgares.be\/wordpress\/wp-content\/uploads\/2025\/10\/stree_001-1x1.jpg 1w\" sizes=\"(max-width: 400px) 100vw, 400px\" \/><\/figure>\n\n\n\n<figure class=\"wp-block-image size-large\"><img decoding=\"async\" width=\"400\" height=\"256\" data-id=\"1493\" src=\"https:\/\/www.lasagadesgares.be\/wordpress\/wp-content\/uploads\/2025\/10\/Stree-3.jpg\" alt=\"\" class=\"wp-image-1493\" srcset=\"https:\/\/www.lasagadesgares.be\/wordpress\/wp-content\/uploads\/2025\/10\/Stree-3.jpg 400w, https:\/\/www.lasagadesgares.be\/wordpress\/wp-content\/uploads\/2025\/10\/Stree-3-300x192.jpg 300w, https:\/\/www.lasagadesgares.be\/wordpress\/wp-content\/uploads\/2025\/10\/Stree-3-1x1.jpg 1w\" sizes=\"(max-width: 400px) 100vw, 400px\" \/><\/figure>\n\n\n\n<figure class=\"wp-block-image size-large\"><img decoding=\"async\" width=\"400\" height=\"300\" data-id=\"1496\" src=\"https:\/\/www.lasagadesgares.be\/wordpress\/wp-content\/uploads\/2025\/10\/stree_003.jpg\" alt=\"\" class=\"wp-image-1496\" srcset=\"https:\/\/www.lasagadesgares.be\/wordpress\/wp-content\/uploads\/2025\/10\/stree_003.jpg 400w, https:\/\/www.lasagadesgares.be\/wordpress\/wp-content\/uploads\/2025\/10\/stree_003-300x225.jpg 300w, https:\/\/www.lasagadesgares.be\/wordpress\/wp-content\/uploads\/2025\/10\/stree_003-1x1.jpg 1w\" sizes=\"(max-width: 400px) 100vw, 400px\" \/><\/figure>\n<\/figure>\n","protected":false},"excerpt":{"rendered":"<p>Bienvenue en gare de Str\u00e9e! Nous sommes sur la ligne 109, entre Cuesmes et Chimay, \u00e0 43,6 kilom\u00e8tres de Mons, entre Thuillies et Beaumont. La ligne a \u00e9t\u00e9 mise en service aux voyageurs et aux marchandises le 25 janvier 1875, la gare de Str\u00e9e a \u00e9t\u00e9 ouverte le 1er mars 1882. a b\u00e2timent principal de [&hellip;]<\/p>\n","protected":false},"author":1,"featured_media":1495,"comment_status":"closed","ping_status":"open","sticky":false,"template":"","format":"standard","meta":{"footnotes":""},"categories":[24],"tags":[],"class_list":["post-1490","post","type-post","status-publish","format-standard","has-post-thumbnail","hentry","category-ligne-109"],"_links":{"self":[{"href":"https:\/\/www.lasagadesgares.be\/wordpress\/wp-json\/wp\/v2\/posts\/1490","targetHints":{"allow":["GET"]}}],"collection":[{"href":"https:\/\/www.lasagadesgares.be\/wordpress\/wp-json\/wp\/v2\/posts"}],"about":[{"href":"https:\/\/www.lasagadesgares.be\/wordpress\/wp-json\/wp\/v2\/types\/post"}],"author":[{"embeddable":true,"href":"https:\/\/www.lasagadesgares.be\/wordpress\/wp-json\/wp\/v2\/users\/1"}],"replies":[{"embeddable":true,"href":"https:\/\/www.lasagadesgares.be\/wordpress\/wp-json\/wp\/v2\/comments?post=1490"}],"version-history":[{"count":3,"href":"https:\/\/www.lasagadesgares.be\/wordpress\/wp-json\/wp\/v2\/posts\/1490\/revisions"}],"predecessor-version":[{"id":1768,"href":"https:\/\/www.lasagadesgares.be\/wordpress\/wp-json\/wp\/v2\/posts\/1490\/revisions\/1768"}],"wp:featuredmedia":[{"embeddable":true,"href":"https:\/\/www.lasagadesgares.be\/wordpress\/wp-json\/wp\/v2\/media\/1495"}],"wp:attachment":[{"href":"https:\/\/www.lasagadesgares.be\/wordpress\/wp-json\/wp\/v2\/media?parent=1490"}],"wp:term":[{"taxonomy":"category","embeddable":true,"href":"https:\/\/www.lasagadesgares.be\/wordpress\/wp-json\/wp\/v2\/categories?post=1490"},{"taxonomy":"post_tag","embeddable":true,"href":"https:\/\/www.lasagadesgares.be\/wordpress\/wp-json\/wp\/v2\/tags?post=1490"}],"curies":[{"name":"wp","href":"https:\/\/api.w.org\/{rel}","templated":true}]}}