{"id":1478,"date":"2025-10-19T15:17:44","date_gmt":"2025-10-19T13:17:44","guid":{"rendered":"https:\/\/www.lasagadesgares.be\/wordpress\/?p=1478"},"modified":"2025-11-11T22:32:36","modified_gmt":"2025-11-11T21:32:36","slug":"estinnes","status":"publish","type":"post","link":"https:\/\/www.lasagadesgares.be\/wordpress\/estinnes\/","title":{"rendered":"La gare d\u2019Estinnes"},"content":{"rendered":"\n<p>Bienvenue en gare d\u2019Estinnes, jadis appel\u00e9e Estinnes-au-Mont. Nous sommes sur&nbsp; la ligne 109 entre Cuesmes et Chimay au niveau du point kilom\u00e9trique (PK) 14,8, apr\u00e8s Vellereille-le-Sec et avant la bifurcation de Faur\u0153ulx avec la ligne 108.<\/p>\n\n\n\n<p>La gare a \u00e9t\u00e9 mise en service avec une simple voie le 10 janvier 1868 par la Compagnie des Chemins de Fer des Bassins houillers du Hainaut, \u00e0 l\u2019inauguration de la section entre Mons et Bonne-Esp\u00e9rance sur le chemin de fer conc\u00e9d\u00e9 de Frameries \u00e0 Chimay. Une deuxi\u00e8me voie a \u00e9t\u00e9 construite \u00e0 Lobbes en 1878. L\u2019administration des chemins de fer de l&rsquo;\u00c9tat belge, future SNCB, a repris l&rsquo;exploitation de la ligne qu\u2019elle a prolong\u00e9e vers Chimay via Thuin. La ligne 109 fut ouverte de bout en bout en 1882.<\/p>\n\n\n\n<p>Le b\u00e2timent de la gare d\u2019Estinnes, du m\u00eame style que celui de la gare d\u2019Hyon-Ciply et de Harmignies, a \u00e9t\u00e9 construit dans le style caract\u00e9ristique du XIXe si\u00e8cle belge, montrant des influences n\u00e9o-classiques. Le b\u00e2timent est en briques rouges, comme pour les gares de l\u2019\u00e9poque dans la r\u00e9gion. Le toit est en pente, avec des lucarnes. Les fen\u00eatres sont assez hautes<\/p>\n\n\n\n<p>Le trafic des voyageurs et des marchandises a \u00e9t\u00e9 ferm\u00e9 sur la section de Cuesmes \u00e0 Lobbes le 30 septembre 1962; pus aucun train ne passait d\u00e8s lors que la section entre Vellereille-le-Sec et Bienne-lez-Happart, o\u00f9 se trouve la gare d&rsquo;Estinnes, et la gare d\u2019Estinnes fut ainsi d\u00e9mantel\u00e9e. <em>(<a href=\"https:\/\/www.garesbelges.be\/estinnes.htm\">Photo Gares belges d&rsquo;Autrefois<\/a> &#8211; SagaGares)<\/em><\/p>\n\n\n\n<p><strong><a href=\"https:\/\/www.estinnes.be\/\">Commune d&rsquo;Estinnes<\/a><\/strong><\/p>\n\n\n\n<p><strong><a href=\"https:\/\/www.centrissime.be\/estinnes-cite-rurale\/\" data-type=\"page\" data-id=\"1346\">Estinnes, cit\u00e9 rurale<\/a><\/strong><\/p>\n\n\n\n<figure class=\"wp-block-gallery has-nested-images columns-default is-cropped wp-block-gallery-1 is-layout-flex wp-block-gallery-is-layout-flex\">\n<figure class=\"wp-block-image size-large\"><img fetchpriority=\"high\" decoding=\"async\" width=\"400\" height=\"268\" data-id=\"1479\" src=\"https:\/\/www.lasagadesgares.be\/wordpress\/wp-content\/uploads\/2025\/10\/Estinnes-1.jpg\" alt=\"\" class=\"wp-image-1479\" srcset=\"https:\/\/www.lasagadesgares.be\/wordpress\/wp-content\/uploads\/2025\/10\/Estinnes-1.jpg 400w, https:\/\/www.lasagadesgares.be\/wordpress\/wp-content\/uploads\/2025\/10\/Estinnes-1-300x201.jpg 300w, https:\/\/www.lasagadesgares.be\/wordpress\/wp-content\/uploads\/2025\/10\/Estinnes-1-1x1.jpg 1w\" sizes=\"(max-width: 400px) 100vw, 400px\" \/><\/figure>\n\n\n\n<figure class=\"wp-block-image size-large\"><img decoding=\"async\" width=\"400\" height=\"263\" data-id=\"1480\" src=\"https:\/\/www.lasagadesgares.be\/wordpress\/wp-content\/uploads\/2025\/10\/Estinnes-2.jpg\" alt=\"\" class=\"wp-image-1480\" srcset=\"https:\/\/www.lasagadesgares.be\/wordpress\/wp-content\/uploads\/2025\/10\/Estinnes-2.jpg 400w, https:\/\/www.lasagadesgares.be\/wordpress\/wp-content\/uploads\/2025\/10\/Estinnes-2-300x197.jpg 300w, https:\/\/www.lasagadesgares.be\/wordpress\/wp-content\/uploads\/2025\/10\/Estinnes-2-1x1.jpg 1w\" sizes=\"(max-width: 400px) 100vw, 400px\" \/><\/figure>\n\n\n\n<figure class=\"wp-block-image size-large\"><img decoding=\"async\" width=\"400\" height=\"300\" data-id=\"1481\" src=\"https:\/\/www.lasagadesgares.be\/wordpress\/wp-content\/uploads\/2025\/10\/Estinnes-3.jpg\" alt=\"\" class=\"wp-image-1481\" srcset=\"https:\/\/www.lasagadesgares.be\/wordpress\/wp-content\/uploads\/2025\/10\/Estinnes-3.jpg 400w, https:\/\/www.lasagadesgares.be\/wordpress\/wp-content\/uploads\/2025\/10\/Estinnes-3-300x225.jpg 300w, https:\/\/www.lasagadesgares.be\/wordpress\/wp-content\/uploads\/2025\/10\/Estinnes-3-1x1.jpg 1w\" sizes=\"(max-width: 400px) 100vw, 400px\" \/><\/figure>\n\n\n\n<figure class=\"wp-block-image size-large\"><img loading=\"lazy\" decoding=\"async\" width=\"400\" height=\"252\" data-id=\"1485\" src=\"https:\/\/www.lasagadesgares.be\/wordpress\/wp-content\/uploads\/2025\/10\/Estinnes-Pierre-00.jpg\" alt=\"\" class=\"wp-image-1485\" srcset=\"https:\/\/www.lasagadesgares.be\/wordpress\/wp-content\/uploads\/2025\/10\/Estinnes-Pierre-00.jpg 400w, https:\/\/www.lasagadesgares.be\/wordpress\/wp-content\/uploads\/2025\/10\/Estinnes-Pierre-00-300x189.jpg 300w, https:\/\/www.lasagadesgares.be\/wordpress\/wp-content\/uploads\/2025\/10\/Estinnes-Pierre-00-1x1.jpg 1w\" sizes=\"(max-width: 400px) 100vw, 400px\" \/><\/figure>\n<\/figure>\n\n\n\n<p><\/p>\n","protected":false},"excerpt":{"rendered":"<p>Bienvenue en gare d\u2019Estinnes, jadis appel\u00e9e Estinnes-au-Mont. Nous sommes sur&nbsp; la ligne 109 entre Cuesmes et Chimay au niveau du point kilom\u00e9trique (PK) 14,8, apr\u00e8s Vellereille-le-Sec et avant la bifurcation de Faur\u0153ulx avec la ligne 108. La gare a \u00e9t\u00e9 mise en service avec une simple voie le 10 janvier 1868 par la Compagnie des [&hellip;]<\/p>\n","protected":false},"author":1,"featured_media":1479,"comment_status":"closed","ping_status":"open","sticky":false,"template":"","format":"standard","meta":{"footnotes":""},"categories":[24],"tags":[],"class_list":["post-1478","post","type-post","status-publish","format-standard","has-post-thumbnail","hentry","category-ligne-109"],"_links":{"self":[{"href":"https:\/\/www.lasagadesgares.be\/wordpress\/wp-json\/wp\/v2\/posts\/1478","targetHints":{"allow":["GET"]}}],"collection":[{"href":"https:\/\/www.lasagadesgares.be\/wordpress\/wp-json\/wp\/v2\/posts"}],"about":[{"href":"https:\/\/www.lasagadesgares.be\/wordpress\/wp-json\/wp\/v2\/types\/post"}],"author":[{"embeddable":true,"href":"https:\/\/www.lasagadesgares.be\/wordpress\/wp-json\/wp\/v2\/users\/1"}],"replies":[{"embeddable":true,"href":"https:\/\/www.lasagadesgares.be\/wordpress\/wp-json\/wp\/v2\/comments?post=1478"}],"version-history":[{"count":9,"href":"https:\/\/www.lasagadesgares.be\/wordpress\/wp-json\/wp\/v2\/posts\/1478\/revisions"}],"predecessor-version":[{"id":1772,"href":"https:\/\/www.lasagadesgares.be\/wordpress\/wp-json\/wp\/v2\/posts\/1478\/revisions\/1772"}],"wp:featuredmedia":[{"embeddable":true,"href":"https:\/\/www.lasagadesgares.be\/wordpress\/wp-json\/wp\/v2\/media\/1479"}],"wp:attachment":[{"href":"https:\/\/www.lasagadesgares.be\/wordpress\/wp-json\/wp\/v2\/media?parent=1478"}],"wp:term":[{"taxonomy":"category","embeddable":true,"href":"https:\/\/www.lasagadesgares.be\/wordpress\/wp-json\/wp\/v2\/categories?post=1478"},{"taxonomy":"post_tag","embeddable":true,"href":"https:\/\/www.lasagadesgares.be\/wordpress\/wp-json\/wp\/v2\/tags?post=1478"}],"curies":[{"name":"wp","href":"https:\/\/api.w.org\/{rel}","templated":true}]}}