{"id":1446,"date":"2025-10-18T17:04:06","date_gmt":"2025-10-18T15:04:06","guid":{"rendered":"https:\/\/www.lasagadesgares.be\/wordpress\/?p=1446"},"modified":"2025-11-11T22:33:20","modified_gmt":"2025-11-11T21:33:20","slug":"solre-st-gery","status":"publish","type":"post","link":"https:\/\/www.lasagadesgares.be\/wordpress\/solre-st-gery\/","title":{"rendered":"La gare de Solre-Saint-G\u00e9ry"},"content":{"rendered":"\n<p>Bienvenue en gare de Solre-Saint-G\u00e9ry! Nous sommes sur le ligne 109, entre Cuesmes et Chimay, \u00e0 53,9 kilom\u00e8tres de Mons, entre entre Beaumont et Sivry.<\/p>\n\n\n\n<p>La gare de Solre-Saint-G\u00e9ry a \u00e9t\u00e9 ouverte aux voyageurs le 1<sup>er<\/sup> mars 1882. Le b\u00e2timent principal des voyageurs (BR) comportait un bureau des recettes, une salle guichet, un magasin.<\/p>\n\n\n\n<p>L\u2019appartement du chef de gare \u00e9tait install\u00e9 dans l\u2019aile gauche, avec un salon, une salle \u00e0 manger, une cuisine avec four et une cour int\u00e9rieure. L\u2019\u00e9tage pr\u00e9sentait cinq pi\u00e8ces, dont les chambres \u00e0 coucher<\/p>\n\n\n\n<p>Un quai, le long de la voie unique, se prolongeait au-del\u00e0 du passage \u00e0 niveau, c\u00f4t\u00e9 Sivry. Une voie de cour avec rampe de chargement longeait la cour aux marchandises.<\/p>\n\n\n\n<p>La gare de Solre-Saint-G\u00e9ry fut ferm\u00e9 en 1964. Le b\u00e2timent voyageurs a \u00e9t\u00e9 reconverti en habitation priv\u00e9e avant d\u2019\u00eatre d\u00e9truit par le feu en 2020.<\/p>\n\n\n\n<p>La voie d\u00e9ferr\u00e9e a fait place au RAVeL L 109.<\/p>\n\n\n\n<figure class=\"wp-block-gallery has-nested-images columns-default is-cropped wp-block-gallery-1 is-layout-flex wp-block-gallery-is-layout-flex\">\n<figure class=\"wp-block-image size-large\"><img fetchpriority=\"high\" decoding=\"async\" width=\"400\" height=\"261\" data-id=\"1450\" src=\"https:\/\/www.lasagadesgares.be\/wordpress\/wp-content\/uploads\/2025\/10\/Solre-St-Gery-1.jpg\" alt=\"\" class=\"wp-image-1450\" srcset=\"https:\/\/www.lasagadesgares.be\/wordpress\/wp-content\/uploads\/2025\/10\/Solre-St-Gery-1.jpg 400w, https:\/\/www.lasagadesgares.be\/wordpress\/wp-content\/uploads\/2025\/10\/Solre-St-Gery-1-300x196.jpg 300w, https:\/\/www.lasagadesgares.be\/wordpress\/wp-content\/uploads\/2025\/10\/Solre-St-Gery-1-1x1.jpg 1w\" sizes=\"(max-width: 400px) 100vw, 400px\" \/><\/figure>\n\n\n\n<figure class=\"wp-block-image size-large\"><img decoding=\"async\" width=\"400\" height=\"248\" data-id=\"1448\" src=\"https:\/\/www.lasagadesgares.be\/wordpress\/wp-content\/uploads\/2025\/10\/Solre-St-Gery-2.jpg\" alt=\"\" class=\"wp-image-1448\" srcset=\"https:\/\/www.lasagadesgares.be\/wordpress\/wp-content\/uploads\/2025\/10\/Solre-St-Gery-2.jpg 400w, https:\/\/www.lasagadesgares.be\/wordpress\/wp-content\/uploads\/2025\/10\/Solre-St-Gery-2-300x186.jpg 300w, https:\/\/www.lasagadesgares.be\/wordpress\/wp-content\/uploads\/2025\/10\/Solre-St-Gery-2-1x1.jpg 1w\" sizes=\"(max-width: 400px) 100vw, 400px\" \/><figcaption class=\"wp-element-caption\">Spoorwegen<\/figcaption><\/figure>\n<\/figure>\n\n\n\n<h3 class=\"wp-block-heading\">\u00a0<\/h3>\n\n\n\n<p><\/p>\n\n\n\n<h3 class=\"wp-block-heading\">Lat 50.215428<\/h3>\n\n\n\n<p>Long 4.238042<\/p>\n\n\n\n<h3 class=\"wp-block-heading\">&nbsp;<\/h3>\n\n\n\n<h3 class=\"wp-block-heading\">&nbsp;<\/h3>\n","protected":false},"excerpt":{"rendered":"<p>Bienvenue en gare de Solre-Saint-G\u00e9ry! Nous sommes sur le ligne 109, entre Cuesmes et Chimay, \u00e0 53,9 kilom\u00e8tres de Mons, entre entre Beaumont et Sivry. La gare de Solre-Saint-G\u00e9ry a \u00e9t\u00e9 ouverte aux voyageurs le 1er mars 1882. Le b\u00e2timent principal des voyageurs (BR) comportait un bureau des recettes, une salle guichet, un magasin. L\u2019appartement [&hellip;]<\/p>\n","protected":false},"author":1,"featured_media":1450,"comment_status":"closed","ping_status":"open","sticky":false,"template":"","format":"standard","meta":{"footnotes":""},"categories":[24],"tags":[],"class_list":["post-1446","post","type-post","status-publish","format-standard","has-post-thumbnail","hentry","category-ligne-109"],"_links":{"self":[{"href":"https:\/\/www.lasagadesgares.be\/wordpress\/wp-json\/wp\/v2\/posts\/1446","targetHints":{"allow":["GET"]}}],"collection":[{"href":"https:\/\/www.lasagadesgares.be\/wordpress\/wp-json\/wp\/v2\/posts"}],"about":[{"href":"https:\/\/www.lasagadesgares.be\/wordpress\/wp-json\/wp\/v2\/types\/post"}],"author":[{"embeddable":true,"href":"https:\/\/www.lasagadesgares.be\/wordpress\/wp-json\/wp\/v2\/users\/1"}],"replies":[{"embeddable":true,"href":"https:\/\/www.lasagadesgares.be\/wordpress\/wp-json\/wp\/v2\/comments?post=1446"}],"version-history":[{"count":2,"href":"https:\/\/www.lasagadesgares.be\/wordpress\/wp-json\/wp\/v2\/posts\/1446\/revisions"}],"predecessor-version":[{"id":1777,"href":"https:\/\/www.lasagadesgares.be\/wordpress\/wp-json\/wp\/v2\/posts\/1446\/revisions\/1777"}],"wp:featuredmedia":[{"embeddable":true,"href":"https:\/\/www.lasagadesgares.be\/wordpress\/wp-json\/wp\/v2\/media\/1450"}],"wp:attachment":[{"href":"https:\/\/www.lasagadesgares.be\/wordpress\/wp-json\/wp\/v2\/media?parent=1446"}],"wp:term":[{"taxonomy":"category","embeddable":true,"href":"https:\/\/www.lasagadesgares.be\/wordpress\/wp-json\/wp\/v2\/categories?post=1446"},{"taxonomy":"post_tag","embeddable":true,"href":"https:\/\/www.lasagadesgares.be\/wordpress\/wp-json\/wp\/v2\/tags?post=1446"}],"curies":[{"name":"wp","href":"https:\/\/api.w.org\/{rel}","templated":true}]}}