{"id":1415,"date":"2025-10-18T14:21:23","date_gmt":"2025-10-18T12:21:23","guid":{"rendered":"https:\/\/www.lasagadesgares.be\/wordpress\/?p=1415"},"modified":"2025-11-11T22:33:53","modified_gmt":"2025-11-11T21:33:53","slug":"froidchapelle","status":"publish","type":"post","link":"https:\/\/www.lasagadesgares.be\/wordpress\/froidchapelle\/","title":{"rendered":"La gare de Froidchapelle"},"content":{"rendered":"\n<p>Bienvenue en gare de Froidchapelle! Nous sommes la ligne 109 de Cuesmes \u00e0 Chimay, \u00e0 66,9 km de Mons, entre Rance et Robechies.<\/p>\n\n\n\n<p>La gare de Froidchapelle a \u00e9t\u00e9 mise en service en 1882.<\/p>\n\n\n\n<p>Le b\u00e2timent voyageurs (BR) comportait un bureau des recettes, une salle guichet, un magasin, un local pour les poseurs de voie. On trouvait du c\u00f4t\u00e9 gauche un local pour le chef de gare, avec un salon, une salle \u00e0 manger, une cuisine, une buanderie, une remise et une cour int\u00e9rieure. L\u2019\u00e9tage \u00e9tait divis\u00e9s en quatre chambres. Un local pour les toilettes \u00e9tait accessible \u00e0 l\u2019ext\u00e9rieur du b\u00e2timent principal.<\/p>\n\n\n\n<p>La gare de Froidchapelle comportait deux voies principales avec quai. C\u00f4t\u00e9 Rance, on trouvait une voie \u00ab&nbsp;de cour&nbsp;\u00bb avec rampe longeant la cour aux marchandises. Une autre voie \u00e9tait \u00e9quip\u00e9e d\u2019une jauge, d\u2019un pont \u00e0 peser (PP) \u00e9quip\u00e9 d\u2019un long d&rsquo;un quai au bois. C\u00f4t\u00e9 Robechies, au-del\u00e0 du passage \u00e0 niveau (PN) 50, on trouvait le raccordement de l\u2019entreprise Yvon Louis qui partait vers le hameau.<\/p>\n\n\n\n<p>La gare de Froidchapelle a \u00e9t\u00e9 supprim\u00e9e en 1964. Les voies ont \u00e9t\u00e9 d\u00e9ferr\u00e9es pour faire place au RAVeL L 109. <em>(Photos <a href=\"https:\/\/www.garesbelges.be\/\">Gares belges d&rsquo;Autrefois<\/a>)<\/em><\/p>\n\n\n\n<p><strong><a href=\"https:\/\/www.froidchapelle.be\/\">Commune de Froidchapelle<\/a><\/strong><\/p>\n\n\n\n<p><strong><a href=\"https:\/\/www.parc-national-esem.be\/fr\">Parc national entre Sambre-et-Meuse<\/a><\/strong><\/p>\n\n\n\n<figure class=\"wp-block-gallery has-nested-images columns-default is-cropped wp-block-gallery-1 is-layout-flex wp-block-gallery-is-layout-flex\">\n<figure class=\"wp-block-image size-large\"><img fetchpriority=\"high\" decoding=\"async\" width=\"400\" height=\"256\" data-id=\"1418\" src=\"https:\/\/www.lasagadesgares.be\/wordpress\/wp-content\/uploads\/2025\/10\/froidchapelle_002.jpg\" alt=\"\" class=\"wp-image-1418\" srcset=\"https:\/\/www.lasagadesgares.be\/wordpress\/wp-content\/uploads\/2025\/10\/froidchapelle_002.jpg 400w, https:\/\/www.lasagadesgares.be\/wordpress\/wp-content\/uploads\/2025\/10\/froidchapelle_002-300x192.jpg 300w, https:\/\/www.lasagadesgares.be\/wordpress\/wp-content\/uploads\/2025\/10\/froidchapelle_002-1x1.jpg 1w\" sizes=\"(max-width: 400px) 100vw, 400px\" \/><\/figure>\n\n\n\n<figure class=\"wp-block-image size-large\"><img decoding=\"async\" width=\"400\" height=\"267\" data-id=\"1420\" src=\"https:\/\/www.lasagadesgares.be\/wordpress\/wp-content\/uploads\/2025\/10\/froidchapelle_006.jpg\" alt=\"\" class=\"wp-image-1420\" srcset=\"https:\/\/www.lasagadesgares.be\/wordpress\/wp-content\/uploads\/2025\/10\/froidchapelle_006.jpg 400w, https:\/\/www.lasagadesgares.be\/wordpress\/wp-content\/uploads\/2025\/10\/froidchapelle_006-300x200.jpg 300w, https:\/\/www.lasagadesgares.be\/wordpress\/wp-content\/uploads\/2025\/10\/froidchapelle_006-1x1.jpg 1w\" sizes=\"(max-width: 400px) 100vw, 400px\" \/><\/figure>\n<\/figure>\n","protected":false},"excerpt":{"rendered":"<p>Bienvenue en gare de Froidchapelle! Nous sommes la ligne 109 de Cuesmes \u00e0 Chimay, \u00e0 66,9 km de Mons, entre Rance et Robechies. La gare de Froidchapelle a \u00e9t\u00e9 mise en service en 1882. Le b\u00e2timent voyageurs (BR) comportait un bureau des recettes, une salle guichet, un magasin, un local pour les poseurs de voie. [&hellip;]<\/p>\n","protected":false},"author":1,"featured_media":1417,"comment_status":"closed","ping_status":"open","sticky":false,"template":"","format":"standard","meta":{"footnotes":""},"categories":[24],"tags":[],"class_list":["post-1415","post","type-post","status-publish","format-standard","has-post-thumbnail","hentry","category-ligne-109"],"_links":{"self":[{"href":"https:\/\/www.lasagadesgares.be\/wordpress\/wp-json\/wp\/v2\/posts\/1415","targetHints":{"allow":["GET"]}}],"collection":[{"href":"https:\/\/www.lasagadesgares.be\/wordpress\/wp-json\/wp\/v2\/posts"}],"about":[{"href":"https:\/\/www.lasagadesgares.be\/wordpress\/wp-json\/wp\/v2\/types\/post"}],"author":[{"embeddable":true,"href":"https:\/\/www.lasagadesgares.be\/wordpress\/wp-json\/wp\/v2\/users\/1"}],"replies":[{"embeddable":true,"href":"https:\/\/www.lasagadesgares.be\/wordpress\/wp-json\/wp\/v2\/comments?post=1415"}],"version-history":[{"count":4,"href":"https:\/\/www.lasagadesgares.be\/wordpress\/wp-json\/wp\/v2\/posts\/1415\/revisions"}],"predecessor-version":[{"id":1532,"href":"https:\/\/www.lasagadesgares.be\/wordpress\/wp-json\/wp\/v2\/posts\/1415\/revisions\/1532"}],"wp:featuredmedia":[{"embeddable":true,"href":"https:\/\/www.lasagadesgares.be\/wordpress\/wp-json\/wp\/v2\/media\/1417"}],"wp:attachment":[{"href":"https:\/\/www.lasagadesgares.be\/wordpress\/wp-json\/wp\/v2\/media?parent=1415"}],"wp:term":[{"taxonomy":"category","embeddable":true,"href":"https:\/\/www.lasagadesgares.be\/wordpress\/wp-json\/wp\/v2\/categories?post=1415"},{"taxonomy":"post_tag","embeddable":true,"href":"https:\/\/www.lasagadesgares.be\/wordpress\/wp-json\/wp\/v2\/tags?post=1415"}],"curies":[{"name":"wp","href":"https:\/\/api.w.org\/{rel}","templated":true}]}}