{"id":1367,"date":"2025-10-13T08:31:10","date_gmt":"2025-10-13T06:31:10","guid":{"rendered":"https:\/\/www.lasagadesgares.be\/wordpress\/?p=1367"},"modified":"2025-11-11T22:34:18","modified_gmt":"2025-11-11T21:34:18","slug":"beaumont","status":"publish","type":"post","link":"https:\/\/www.lasagadesgares.be\/wordpress\/beaumont\/","title":{"rendered":"La gare de Beaumont"},"content":{"rendered":"\n<p>Bienvenue en gare de Beaumont. Nous sommes sur la ligne 109. La gare est situ\u00e9e au km 48,8 (\u00e0 partir de de Mons), entre Str\u00e9e et Solre Saint Gery. Elle fut ouverte le 25 janvier 1875 et ferm\u00e9e le 30 mai 1964.<\/p>\n\n\n\n<p>Un premier b\u00e2timent se composait, au rez-de-chauss\u00e9e, d&rsquo;un Bureau de Recettes (BR) et du poste de manoeuvre des signaux (block 7), d&rsquo;une salle d&rsquo;attente, d&rsquo;une magasin et d&rsquo;une lampisterie. Les toilettes \u00e9taient install\u00e9es dans un petit b\u00e2timent annexe. La gare disposait \u00e9galement d&rsquo;un petit magasin en bois ainsi que d&rsquo;une cour aux marchandises \u00e9quip\u00e9es d&rsquo;un hangar lou\u00e9 \u00e0 un particulier. La voie 1 \u00ab\u00a0principale\u00a0\u00bb disposait d&rsquo;un quai, de m\u00eame que le voie 2 qui \u00e9tait en cul-de-sac. Les installations de la gare de Beaumont ont \u00e9t\u00e9 d\u00e9molies en 1981.<\/p>\n\n\n\n<p>Aujourd&rsquo;hui, le Ravel\u00a0 L 109\/2 passe par\u00a0Beaumont. Un parking est disponible sur la place de la gare. <em>(Photos <a href=\"https:\/\/www.garesbelges.be\/beaumont.htm\">Gares belges d&rsquo;Autrefois<\/a>)<\/em><\/p>\n\n\n\n<figure class=\"wp-block-gallery has-nested-images columns-default is-cropped wp-block-gallery-1 is-layout-flex wp-block-gallery-is-layout-flex\">\n<figure class=\"wp-block-image size-large\"><img fetchpriority=\"high\" decoding=\"async\" width=\"400\" height=\"249\" data-id=\"1372\" src=\"https:\/\/www.lasagadesgares.be\/wordpress\/wp-content\/uploads\/2025\/10\/beaumont_002.jpg\" alt=\"\" class=\"wp-image-1372\" srcset=\"https:\/\/www.lasagadesgares.be\/wordpress\/wp-content\/uploads\/2025\/10\/beaumont_002.jpg 400w, https:\/\/www.lasagadesgares.be\/wordpress\/wp-content\/uploads\/2025\/10\/beaumont_002-300x187.jpg 300w, https:\/\/www.lasagadesgares.be\/wordpress\/wp-content\/uploads\/2025\/10\/beaumont_002-1x1.jpg 1w\" sizes=\"(max-width: 400px) 100vw, 400px\" \/><\/figure>\n\n\n\n<figure class=\"wp-block-image size-large\"><img decoding=\"async\" width=\"400\" height=\"270\" data-id=\"1369\" src=\"https:\/\/www.lasagadesgares.be\/wordpress\/wp-content\/uploads\/2025\/10\/Beaumont-2.jpg\" alt=\"\" class=\"wp-image-1369\" srcset=\"https:\/\/www.lasagadesgares.be\/wordpress\/wp-content\/uploads\/2025\/10\/Beaumont-2.jpg 400w, https:\/\/www.lasagadesgares.be\/wordpress\/wp-content\/uploads\/2025\/10\/Beaumont-2-300x203.jpg 300w, https:\/\/www.lasagadesgares.be\/wordpress\/wp-content\/uploads\/2025\/10\/Beaumont-2-1x1.jpg 1w\" sizes=\"(max-width: 400px) 100vw, 400px\" \/><\/figure>\n<\/figure>\n","protected":false},"excerpt":{"rendered":"<p>Bienvenue en gare de Beaumont. Nous sommes sur la ligne 109. La gare est situ\u00e9e au km 48,8 (\u00e0 partir de de Mons), entre Str\u00e9e et Solre Saint Gery. Elle fut ouverte le 25 janvier 1875 et ferm\u00e9e le 30 mai 1964. Un premier b\u00e2timent se composait, au rez-de-chauss\u00e9e, d&rsquo;un Bureau de Recettes (BR) et [&hellip;]<\/p>\n","protected":false},"author":1,"featured_media":1371,"comment_status":"closed","ping_status":"open","sticky":false,"template":"","format":"standard","meta":{"footnotes":""},"categories":[24],"tags":[],"class_list":["post-1367","post","type-post","status-publish","format-standard","has-post-thumbnail","hentry","category-ligne-109"],"_links":{"self":[{"href":"https:\/\/www.lasagadesgares.be\/wordpress\/wp-json\/wp\/v2\/posts\/1367","targetHints":{"allow":["GET"]}}],"collection":[{"href":"https:\/\/www.lasagadesgares.be\/wordpress\/wp-json\/wp\/v2\/posts"}],"about":[{"href":"https:\/\/www.lasagadesgares.be\/wordpress\/wp-json\/wp\/v2\/types\/post"}],"author":[{"embeddable":true,"href":"https:\/\/www.lasagadesgares.be\/wordpress\/wp-json\/wp\/v2\/users\/1"}],"replies":[{"embeddable":true,"href":"https:\/\/www.lasagadesgares.be\/wordpress\/wp-json\/wp\/v2\/comments?post=1367"}],"version-history":[{"count":3,"href":"https:\/\/www.lasagadesgares.be\/wordpress\/wp-json\/wp\/v2\/posts\/1367\/revisions"}],"predecessor-version":[{"id":1782,"href":"https:\/\/www.lasagadesgares.be\/wordpress\/wp-json\/wp\/v2\/posts\/1367\/revisions\/1782"}],"wp:featuredmedia":[{"embeddable":true,"href":"https:\/\/www.lasagadesgares.be\/wordpress\/wp-json\/wp\/v2\/media\/1371"}],"wp:attachment":[{"href":"https:\/\/www.lasagadesgares.be\/wordpress\/wp-json\/wp\/v2\/media?parent=1367"}],"wp:term":[{"taxonomy":"category","embeddable":true,"href":"https:\/\/www.lasagadesgares.be\/wordpress\/wp-json\/wp\/v2\/categories?post=1367"},{"taxonomy":"post_tag","embeddable":true,"href":"https:\/\/www.lasagadesgares.be\/wordpress\/wp-json\/wp\/v2\/tags?post=1367"}],"curies":[{"name":"wp","href":"https:\/\/api.w.org\/{rel}","templated":true}]}}