{"id":1351,"date":"2025-10-04T18:29:48","date_gmt":"2025-10-04T16:29:48","guid":{"rendered":"https:\/\/www.lasagadesgares.be\/wordpress\/?p=1351"},"modified":"2026-04-16T19:57:28","modified_gmt":"2026-04-16T17:57:28","slug":"ciney","status":"publish","type":"post","link":"https:\/\/www.lasagadesgares.be\/wordpress\/ciney\/","title":{"rendered":"La gare de Ciney"},"content":{"rendered":"\n<figure class=\"wp-block-table\"><table class=\"has-fixed-layout\"><tbody><tr><td class=\"has-text-align-center\" data-align=\"center\"><strong>Mise en service<\/strong><\/td><td class=\"has-text-align-center\" data-align=\"center\"><strong>Fin du service voyageurs<\/strong><\/td><td class=\"has-text-align-center\" data-align=\"center\"><strong>Fin du service marchandises<\/strong><\/td><\/tr><tr><td class=\"has-text-align-center\" data-align=\"center\">15.05.1858<\/td><td class=\"has-text-align-center\" data-align=\"center\">&#8211;<\/td><td class=\"has-text-align-center\" data-align=\"center\">1992<\/td><\/tr><\/tbody><\/table><\/figure>\n\n\n\n<p>La premi\u00e8re gare de Ciney, situ\u00e9e sur la ligne 162, a \u00e9t\u00e9 mise en service le 15 mais 1858 par la Grande Compagnie du Luxembourg; le b\u00e2timent principal avait \u00e9t\u00e9 construit dans le style n\u00e9o-Renaissance italienne. Un nouveau b\u00e2timent monumental, construit dans le style n\u00e9o-Renaissance flamande a remplac\u00e9 le premier en 1895. Ce b\u00e2timent a \u00e9t\u00e9 endommag\u00e9, notamment par un incendie en 1933. Il sera remplac\u00e9 en 1977 par un nouveau, plus fonctionnel. Le b\u00e2timent des voyageurs actuel est donc le quatri\u00e8me. Une esplanade verduris\u00e9e et un vaste abri pour v\u00e9los de 90 emplacements s\u00e9curis\u00e9s seront construits \u00e0 l\u2019endroit du b\u00e2timent de 1977, qui sera d\u00e9moli durant les mois d\u2019ao\u00fbt et septembre. Cet ancien b\u00e2timent de gare ne r\u00e9pondait plus aux besoins des voyageurs ni aux normes actuelles en termes de performance \u00e9nerg\u00e9tique.<\/p>\n\n\n\n<h4 class=\"wp-block-heading\">Nouveau b\u00e2timent en juillet 2025<\/h4>\n\n\n\n<p>La gare de Ciney est d\u00e9sormais \u00e9quip\u00e9e d\u2019un nouveau b\u00e2timent des voyageurs, qui a \u00e9t\u00e9 mis en service le 3 juillet 2025. La SNCB a annonc\u00e9 que la nouvelle structure est fonctionnelle, confortable et accessible \u00e0 tous. Le b\u00e2timent comporte une salle d\u2019attente, un guichet et des sanitaires. \u00ab Cette ouverture est une \u00e9tape marquante du vaste chantier, toujours en cours et men\u00e9 de concert avec Infrabel, qui se cl\u00f4turera fin de cette ann\u00e9e avec l\u2019am\u00e9nagement d\u2019une esplanade verduris\u00e9e et d\u2019un parking pour v\u00e9los \u00bb, a indiqu\u00e9 la SNCB.<\/p>\n\n\n\n<p>Le nouveau b\u00e2timent repr\u00e9sente un investissement de \u20ac 3,5 millions enti\u00e8rement pris en charge par la SNCB. Il s\u2019inscrit dans le cadre d\u2019un vaste chantier de modernisation de l\u2019ensemble de la gare de Ciney, en collaboration avec Infrabel, le gestionnaire de l\u2019infrastructure ferroviaire Infrabel.<\/p>\n\n\n\n<p>Le nouveau b\u00e2timent, moderne et durable est mieux positionn\u00e9 pour acc\u00e9der facilement aux quais. Son architecture \u00e9pur\u00e9e et lumineuse est compos\u00e9e d\u2019une ossature en bois, habill\u00e9e \u00e0 l\u2019ext\u00e9rieur d\u2019\u00e9l\u00e9ments m\u00e9talliques et de rev\u00eatement en bois. Il abrite une salle d\u2019attente moderne de pr\u00e8s de 70 m2, un guichet, un automate de vente, des sanitaires et un dispositif d\u2019informations clair et moderne.<\/p>\n\n\n\n<p><em>(Photos JP. Hamblenne\/<a href=\"https:\/\/www.garesbelges.be\/\">Gares belges d&rsquo;Autrefois<\/a> [<a href=\"https:\/\/www.garesbelges.be\/ciney_I.htm\">I<\/a> &#8211; <a href=\"https:\/\/www.garesbelges.be\/ciney_II.htm\">II<\/a> &#8211; <a href=\"https:\/\/www.garesbelges.be\/ciney_III.htm\">III<\/a>] et SNCB)<\/em><\/p>\n\n\n\n<ul class=\"wp-block-list\">\n<li>La gare de Ciney est situ\u00e9e sur la ligne 162 entre Namur et la fronti\u00e8re luxembourgeoise \u00e0 Sterpenich. Elle est \u00e9galement le point de d\u00e9part de la Ligne du Bocq (128). La gare de Ciney est situ\u00e9e sur la ligne 162 Namur-Luxembourg, elle est fr\u00e9quent\u00e9e par quelque 2.000 voyageurs par jour et elle est desservie par plus de 100 trains chaque jour de semaine. A Ciney, on peut b\u00e9n\u00e9ficier d\u2019une liaison directe par heure vers Namur et Bruxelles, une autre vers le Luxembourg; deux trains assurent \u00e9galement les dessertes locales vers Namur et vers Rochefort- Jemelle.<\/li>\n<\/ul>\n\n\n\n<figure class=\"wp-block-gallery has-nested-images columns-default is-cropped wp-block-gallery-1 is-layout-flex wp-block-gallery-is-layout-flex\">\n<figure class=\"wp-block-image size-large\"><img fetchpriority=\"high\" decoding=\"async\" width=\"400\" height=\"266\" data-id=\"2402\" src=\"https:\/\/www.lasagadesgares.be\/wordpress\/wp-content\/uploads\/2025\/10\/ciney_I_001-1.jpg\" alt=\"\" class=\"wp-image-2402\" srcset=\"https:\/\/www.lasagadesgares.be\/wordpress\/wp-content\/uploads\/2025\/10\/ciney_I_001-1.jpg 400w, https:\/\/www.lasagadesgares.be\/wordpress\/wp-content\/uploads\/2025\/10\/ciney_I_001-1-300x200.jpg 300w, https:\/\/www.lasagadesgares.be\/wordpress\/wp-content\/uploads\/2025\/10\/ciney_I_001-1-1x1.jpg 1w\" sizes=\"(max-width: 400px) 100vw, 400px\" \/><figcaption class=\"wp-element-caption\">Premi\u00e8re gare de Ciney<\/figcaption><\/figure>\n\n\n\n<figure class=\"wp-block-image size-large\"><img decoding=\"async\" width=\"400\" height=\"260\" data-id=\"1354\" src=\"https:\/\/www.lasagadesgares.be\/wordpress\/wp-content\/uploads\/2025\/10\/ciney_II_004.jpg\" alt=\"\" class=\"wp-image-1354\" srcset=\"https:\/\/www.lasagadesgares.be\/wordpress\/wp-content\/uploads\/2025\/10\/ciney_II_004.jpg 400w, https:\/\/www.lasagadesgares.be\/wordpress\/wp-content\/uploads\/2025\/10\/ciney_II_004-300x195.jpg 300w, https:\/\/www.lasagadesgares.be\/wordpress\/wp-content\/uploads\/2025\/10\/ciney_II_004-1x1.jpg 1w\" sizes=\"(max-width: 400px) 100vw, 400px\" \/><figcaption class=\"wp-element-caption\">Deuxi\u00e8me gare de Ciney<\/figcaption><\/figure>\n\n\n\n<figure class=\"wp-block-image size-large\"><img decoding=\"async\" width=\"400\" height=\"281\" data-id=\"1355\" src=\"https:\/\/www.lasagadesgares.be\/wordpress\/wp-content\/uploads\/2025\/10\/ciney_III_001.jpg\" alt=\"\" class=\"wp-image-1355\" srcset=\"https:\/\/www.lasagadesgares.be\/wordpress\/wp-content\/uploads\/2025\/10\/ciney_III_001.jpg 400w, https:\/\/www.lasagadesgares.be\/wordpress\/wp-content\/uploads\/2025\/10\/ciney_III_001-300x211.jpg 300w, https:\/\/www.lasagadesgares.be\/wordpress\/wp-content\/uploads\/2025\/10\/ciney_III_001-1x1.jpg 1w\" sizes=\"(max-width: 400px) 100vw, 400px\" \/><\/figure>\n\n\n\n<figure class=\"wp-block-image size-large\"><img loading=\"lazy\" decoding=\"async\" width=\"1200\" height=\"800\" data-id=\"1357\" src=\"https:\/\/www.lasagadesgares.be\/wordpress\/wp-content\/uploads\/2025\/10\/IMG-20250703-WA0015.avif\" alt=\"\" class=\"wp-image-1357\"\/><\/figure>\n\n\n\n<figure class=\"wp-block-image size-large\"><img loading=\"lazy\" decoding=\"async\" width=\"267\" height=\"400\" data-id=\"1358\" src=\"https:\/\/www.lasagadesgares.be\/wordpress\/wp-content\/uploads\/2025\/10\/IMG-20250703-WA0030.webp\" alt=\"\" class=\"wp-image-1358\" srcset=\"https:\/\/www.lasagadesgares.be\/wordpress\/wp-content\/uploads\/2025\/10\/IMG-20250703-WA0030.webp 267w, https:\/\/www.lasagadesgares.be\/wordpress\/wp-content\/uploads\/2025\/10\/IMG-20250703-WA0030-200x300.webp 200w, https:\/\/www.lasagadesgares.be\/wordpress\/wp-content\/uploads\/2025\/10\/IMG-20250703-WA0030-1x1.webp 1w\" sizes=\"(max-width: 267px) 100vw, 267px\" \/><\/figure>\n\n\n\n<figure class=\"wp-block-image size-large\"><img loading=\"lazy\" decoding=\"async\" width=\"1200\" height=\"799\" data-id=\"1356\" src=\"https:\/\/www.lasagadesgares.be\/wordpress\/wp-content\/uploads\/2025\/10\/ff3d5d2b-d267-41e6-8e37-741fc175ea8d.avif\" alt=\"\" class=\"wp-image-1356\"\/><\/figure>\n<\/figure>\n\n\n\n<figure class=\"wp-block-table is-style-regular\"><table><tbody><tr><td><strong>Sites \u00e0 consulter<\/strong><\/td><td>Gares belges d&rsquo;autrefois<br><a href=\"https:\/\/www.garesbelges.be\/ciney_I.htm\">Premi\u00e8re gare<\/a><br><a href=\"https:\/\/www.garesbelges.be\/ciney_II.htm\">Deuxi\u00e8me gare<\/a><br><a href=\"https:\/\/www.garesbelges.be\/ciney_III.htm\">Troisi\u00e8me gare<\/a><\/td><\/tr><tr><td><\/td><td><a href=\"https:\/\/fr.wikipedia.org\/wiki\/Gare_de_Ciney\">Wikipedia FR<\/a><\/td><\/tr><tr><td><\/td><td><a href=\"https:\/\/nl.wikipedia.org\/wiki\/Station_Ciney\">Wikipedia NL<\/a><\/td><\/tr><tr><td><\/td><td><a href=\"https:\/\/spoorweggeschiedenis.quartam.on-rev.com\/sthpa.lc?type=dat&amp;id=385\">Spoorweggeschidenis JP Schenkel<\/a><\/td><\/tr><\/tbody><\/table><\/figure>\n\n\n\n<p><\/p>\n\n\n\n<p><\/p>\n","protected":false},"excerpt":{"rendered":"<p>Mise en service Fin du service voyageurs Fin du service marchandises 15.05.1858 &#8211; 1992 La premi\u00e8re gare de Ciney, situ\u00e9e sur la ligne 162, a \u00e9t\u00e9 mise en service le 15 mais 1858 par la Grande Compagnie du Luxembourg; le b\u00e2timent principal avait \u00e9t\u00e9 construit dans le style n\u00e9o-Renaissance italienne. Un nouveau b\u00e2timent monumental, construit [&hellip;]<\/p>\n","protected":false},"author":1,"featured_media":1354,"comment_status":"closed","ping_status":"open","sticky":false,"template":"","format":"standard","meta":{"footnotes":""},"categories":[36,37,30],"tags":[],"class_list":["post-1351","post","type-post","status-publish","format-standard","has-post-thumbnail","hentry","category-ligne-126","category-ligne-128","category-ligne-162"],"_links":{"self":[{"href":"https:\/\/www.lasagadesgares.be\/wordpress\/wp-json\/wp\/v2\/posts\/1351","targetHints":{"allow":["GET"]}}],"collection":[{"href":"https:\/\/www.lasagadesgares.be\/wordpress\/wp-json\/wp\/v2\/posts"}],"about":[{"href":"https:\/\/www.lasagadesgares.be\/wordpress\/wp-json\/wp\/v2\/types\/post"}],"author":[{"embeddable":true,"href":"https:\/\/www.lasagadesgares.be\/wordpress\/wp-json\/wp\/v2\/users\/1"}],"replies":[{"embeddable":true,"href":"https:\/\/www.lasagadesgares.be\/wordpress\/wp-json\/wp\/v2\/comments?post=1351"}],"version-history":[{"count":4,"href":"https:\/\/www.lasagadesgares.be\/wordpress\/wp-json\/wp\/v2\/posts\/1351\/revisions"}],"predecessor-version":[{"id":9351,"href":"https:\/\/www.lasagadesgares.be\/wordpress\/wp-json\/wp\/v2\/posts\/1351\/revisions\/9351"}],"wp:featuredmedia":[{"embeddable":true,"href":"https:\/\/www.lasagadesgares.be\/wordpress\/wp-json\/wp\/v2\/media\/1354"}],"wp:attachment":[{"href":"https:\/\/www.lasagadesgares.be\/wordpress\/wp-json\/wp\/v2\/media?parent=1351"}],"wp:term":[{"taxonomy":"category","embeddable":true,"href":"https:\/\/www.lasagadesgares.be\/wordpress\/wp-json\/wp\/v2\/categories?post=1351"},{"taxonomy":"post_tag","embeddable":true,"href":"https:\/\/www.lasagadesgares.be\/wordpress\/wp-json\/wp\/v2\/tags?post=1351"}],"curies":[{"name":"wp","href":"https:\/\/api.w.org\/{rel}","templated":true}]}}