{"id":1298,"date":"2025-10-01T09:35:40","date_gmt":"2025-10-01T07:35:40","guid":{"rendered":"https:\/\/www.lasagadesgares.be\/wordpress\/?p=1298"},"modified":"2025-11-25T15:17:48","modified_gmt":"2025-11-25T14:17:48","slug":"ecaussinnes-carrieres","status":"publish","type":"post","link":"https:\/\/www.lasagadesgares.be\/wordpress\/ecaussinnes-carrieres\/","title":{"rendered":"La gare d\u2019Ecaussinnes(-Carri\u00e8res)"},"content":{"rendered":"\n<p>La gare d\u2019Ecaussinnes-Carri\u00e8res est situ\u00e9e sur la ligne 117 Braine-le-Comte \u00e0 Manage mise en service le 28 juillet 1842.<\/p>\n\n\n\n<p>Par le pass\u00e9 la gare \u00e9tait \u00e9galement desservie par la ligne 107 vers Haine Saint Pierre, ouverte en 1860 et par la ligne 106 vers Clabecq, ouverte en 1884.<\/p>\n\n\n\n<p>D\u00e9nomination\u00a0: \u00e0 l\u2019origine la gare \u00e9tait d\u00e9nomm\u00e9e Ecaussinnes. Suite \u00e0 l\u2019ouverture en 1884 de la gare d\u2019Ecaussinnes-Nord, situ\u00e9e sur la ligne 106, la d\u00e9nomination deviendra Ecaussinnes-Carri\u00e8res. Elle reprendra sa d\u00e9nomination Ecaussinnes en 1991.<\/p>\n\n\n\n<p>Le b\u00e2timent initial sera construit en 1842 et agrandi \u00e0 plusieurs reprises entre 1884 et 1907. Il sera remplac\u00e9 par une nouvelle construction en 1974. Depuis le 5 juillet 2013 le guichet a \u00e9t\u00e9 ferm\u00e9 et le b\u00e2timent c\u00e9d\u00e9 \u00e0 l\u2019administration communale. La salle d\u2019attente reste ouverte aux voyageurs et les locaux sont mis \u00e0 disposition des associations locales.<\/p>\n\n\n\n<p>Les installations&nbsp;: si aujourd\u2019hui il ne subsiste que les 2 voies \u00e0 quai de la ligne 117, par le pass\u00e9 la gare \u00e9tait \u00e9quip\u00e9e, c\u00f4t\u00e9 b\u00e2timent principal,&nbsp; d\u2019un faisceau marchandises \u00e0 6 voies et d\u2019une cour marchandises \u00e0 2 voies en cul de sac dont l\u2019une se terminait par une rampe de chargement. 2 raccordements desservaient les carri\u00e8res.<\/p>\n\n\n\n<p>A l\u2019oppos\u00e9, un faisceau marchandises \u00e0 7 voies donnait acc\u00e8s \u00e0 la voie du service V, \u00e9quip\u00e9e d\u2019un pont \u00e0 peser et \u00e0 un raccordement.<\/p>\n\n\n\n<figure class=\"wp-block-gallery has-nested-images columns-default is-cropped wp-block-gallery-1 is-layout-flex wp-block-gallery-is-layout-flex\">\n<figure class=\"wp-block-image size-large\"><img fetchpriority=\"high\" decoding=\"async\" width=\"400\" height=\"241\" data-id=\"1301\" src=\"https:\/\/www.lasagadesgares.be\/wordpress\/wp-content\/uploads\/2025\/10\/Ecaussines-Carrieres-3.jpg\" alt=\"\" class=\"wp-image-1301\" srcset=\"https:\/\/www.lasagadesgares.be\/wordpress\/wp-content\/uploads\/2025\/10\/Ecaussines-Carrieres-3.jpg 400w, https:\/\/www.lasagadesgares.be\/wordpress\/wp-content\/uploads\/2025\/10\/Ecaussines-Carrieres-3-300x181.jpg 300w, https:\/\/www.lasagadesgares.be\/wordpress\/wp-content\/uploads\/2025\/10\/Ecaussines-Carrieres-3-1x1.jpg 1w\" sizes=\"(max-width: 400px) 100vw, 400px\" \/><\/figure>\n\n\n\n<figure class=\"wp-block-image size-large\"><img decoding=\"async\" width=\"400\" height=\"309\" data-id=\"1300\" src=\"https:\/\/www.lasagadesgares.be\/wordpress\/wp-content\/uploads\/2025\/10\/Ecaussines-Carrieres-2.jpg\" alt=\"\" class=\"wp-image-1300\" srcset=\"https:\/\/www.lasagadesgares.be\/wordpress\/wp-content\/uploads\/2025\/10\/Ecaussines-Carrieres-2.jpg 400w, https:\/\/www.lasagadesgares.be\/wordpress\/wp-content\/uploads\/2025\/10\/Ecaussines-Carrieres-2-300x232.jpg 300w, https:\/\/www.lasagadesgares.be\/wordpress\/wp-content\/uploads\/2025\/10\/Ecaussines-Carrieres-2-1x1.jpg 1w\" sizes=\"(max-width: 400px) 100vw, 400px\" \/><\/figure>\n\n\n\n<figure class=\"wp-block-image size-large\"><img decoding=\"async\" width=\"400\" height=\"301\" data-id=\"1299\" src=\"https:\/\/www.lasagadesgares.be\/wordpress\/wp-content\/uploads\/2025\/10\/Ecaussines-Carrieres-1.jpg\" alt=\"\" class=\"wp-image-1299\" srcset=\"https:\/\/www.lasagadesgares.be\/wordpress\/wp-content\/uploads\/2025\/10\/Ecaussines-Carrieres-1.jpg 400w, https:\/\/www.lasagadesgares.be\/wordpress\/wp-content\/uploads\/2025\/10\/Ecaussines-Carrieres-1-300x226.jpg 300w, https:\/\/www.lasagadesgares.be\/wordpress\/wp-content\/uploads\/2025\/10\/Ecaussines-Carrieres-1-1x1.jpg 1w\" sizes=\"(max-width: 400px) 100vw, 400px\" \/><\/figure>\n\n\n\n<figure class=\"wp-block-image size-large\"><img loading=\"lazy\" decoding=\"async\" width=\"400\" height=\"225\" data-id=\"1305\" src=\"https:\/\/www.lasagadesgares.be\/wordpress\/wp-content\/uploads\/2025\/10\/Ecaussines-Carrieres-7.jpg\" alt=\"\" class=\"wp-image-1305\" srcset=\"https:\/\/www.lasagadesgares.be\/wordpress\/wp-content\/uploads\/2025\/10\/Ecaussines-Carrieres-7.jpg 400w, https:\/\/www.lasagadesgares.be\/wordpress\/wp-content\/uploads\/2025\/10\/Ecaussines-Carrieres-7-300x169.jpg 300w, https:\/\/www.lasagadesgares.be\/wordpress\/wp-content\/uploads\/2025\/10\/Ecaussines-Carrieres-7-1x1.jpg 1w\" sizes=\"(max-width: 400px) 100vw, 400px\" \/><\/figure>\n\n\n\n<figure class=\"wp-block-image size-large\"><img loading=\"lazy\" decoding=\"async\" width=\"400\" height=\"286\" data-id=\"1302\" src=\"https:\/\/www.lasagadesgares.be\/wordpress\/wp-content\/uploads\/2025\/10\/Ecaussines-Carrieres-4.jpg\" alt=\"\" class=\"wp-image-1302\" srcset=\"https:\/\/www.lasagadesgares.be\/wordpress\/wp-content\/uploads\/2025\/10\/Ecaussines-Carrieres-4.jpg 400w, https:\/\/www.lasagadesgares.be\/wordpress\/wp-content\/uploads\/2025\/10\/Ecaussines-Carrieres-4-300x215.jpg 300w, https:\/\/www.lasagadesgares.be\/wordpress\/wp-content\/uploads\/2025\/10\/Ecaussines-Carrieres-4-1x1.jpg 1w\" sizes=\"(max-width: 400px) 100vw, 400px\" \/><\/figure>\n\n\n\n<figure class=\"wp-block-image size-large\"><img loading=\"lazy\" decoding=\"async\" width=\"400\" height=\"225\" data-id=\"1303\" src=\"https:\/\/www.lasagadesgares.be\/wordpress\/wp-content\/uploads\/2025\/10\/Ecaussines-Carrieres-5.jpg\" alt=\"\" class=\"wp-image-1303\" srcset=\"https:\/\/www.lasagadesgares.be\/wordpress\/wp-content\/uploads\/2025\/10\/Ecaussines-Carrieres-5.jpg 400w, https:\/\/www.lasagadesgares.be\/wordpress\/wp-content\/uploads\/2025\/10\/Ecaussines-Carrieres-5-300x169.jpg 300w, https:\/\/www.lasagadesgares.be\/wordpress\/wp-content\/uploads\/2025\/10\/Ecaussines-Carrieres-5-1x1.jpg 1w\" sizes=\"(max-width: 400px) 100vw, 400px\" \/><\/figure>\n<\/figure>\n","protected":false},"excerpt":{"rendered":"<p>La gare d\u2019Ecaussinnes-Carri\u00e8res est situ\u00e9e sur la ligne 117 Braine-le-Comte \u00e0 Manage mise en service le 28 juillet 1842. Par le pass\u00e9 la gare \u00e9tait \u00e9galement desservie par la ligne 107 vers Haine Saint Pierre, ouverte en 1860 et par la ligne 106 vers Clabecq, ouverte en 1884. D\u00e9nomination\u00a0: \u00e0 l\u2019origine la gare \u00e9tait d\u00e9nomm\u00e9e [&hellip;]<\/p>\n","protected":false},"author":1,"featured_media":0,"comment_status":"closed","ping_status":"open","sticky":false,"template":"","format":"standard","meta":{"footnotes":""},"categories":[26,55,27],"tags":[],"class_list":["post-1298","post","type-post","status-publish","format-standard","hentry","category-ligne-106","category-ligne-107","category-ligne-117"],"_links":{"self":[{"href":"https:\/\/www.lasagadesgares.be\/wordpress\/wp-json\/wp\/v2\/posts\/1298","targetHints":{"allow":["GET"]}}],"collection":[{"href":"https:\/\/www.lasagadesgares.be\/wordpress\/wp-json\/wp\/v2\/posts"}],"about":[{"href":"https:\/\/www.lasagadesgares.be\/wordpress\/wp-json\/wp\/v2\/types\/post"}],"author":[{"embeddable":true,"href":"https:\/\/www.lasagadesgares.be\/wordpress\/wp-json\/wp\/v2\/users\/1"}],"replies":[{"embeddable":true,"href":"https:\/\/www.lasagadesgares.be\/wordpress\/wp-json\/wp\/v2\/comments?post=1298"}],"version-history":[{"count":2,"href":"https:\/\/www.lasagadesgares.be\/wordpress\/wp-json\/wp\/v2\/posts\/1298\/revisions"}],"predecessor-version":[{"id":4039,"href":"https:\/\/www.lasagadesgares.be\/wordpress\/wp-json\/wp\/v2\/posts\/1298\/revisions\/4039"}],"wp:attachment":[{"href":"https:\/\/www.lasagadesgares.be\/wordpress\/wp-json\/wp\/v2\/media?parent=1298"}],"wp:term":[{"taxonomy":"category","embeddable":true,"href":"https:\/\/www.lasagadesgares.be\/wordpress\/wp-json\/wp\/v2\/categories?post=1298"},{"taxonomy":"post_tag","embeddable":true,"href":"https:\/\/www.lasagadesgares.be\/wordpress\/wp-json\/wp\/v2\/tags?post=1298"}],"curies":[{"name":"wp","href":"https:\/\/api.w.org\/{rel}","templated":true}]}}