{"id":1283,"date":"2025-09-30T13:54:25","date_gmt":"2025-09-30T11:54:25","guid":{"rendered":"https:\/\/www.lasagadesgares.be\/wordpress\/?p=1283"},"modified":"2025-11-11T22:36:18","modified_gmt":"2025-11-11T21:36:18","slug":"thuin-ouest","status":"publish","type":"post","link":"https:\/\/www.lasagadesgares.be\/wordpress\/thuin-ouest\/","title":{"rendered":"La gare de Thuin-Ouest"},"content":{"rendered":"\n<p>Bienvenue en gare de Thuin Ouest! Nous sommes sur la ligne 109.<\/p>\n\n\n\n<p>La&nbsp;gare de Thuin-Ouest est mise en service en 1882 par l&rsquo;Administration des Chemins de fer de l&rsquo;Etat Belge, future Soci\u00e9t\u00e9 Nationale des Chemins de fer Belges (SNCB). La gare de Thuin-Ouest \u00e9tait situ\u00e9e au point kilom\u00e9trique (PK) 33,3 de la la ligne 109 de Cuesmes \u00e0 Chimay (PK 33,3 de Mons), entre la gare de Lobbes &nbsp;et la halte de Biesme-sous-Thuin.<\/p>\n\n\n\n<p>Le b\u00e2timent voyageurs (disparu) \u00e9tait un type de construction \u00ab classique \u00bbd&rsquo;un gare r\u00e9gionale de 4\u1d49 classe. La partie centrale du b\u00e2timent plus \u00e9lev\u00e9e (\u00e9tage) avec deux ailes plus basses pour les services et le logement du chef de gare. Le logement du chef de gare disposait de trois chambres \u00e0 l\u2019\u00e9tage, une mansarde, un grenier. Il y avait un petit pavillon s\u00e9par\u00e9 pour les WC. La gare comportait des installations annexes : cour aux marchandises, remise ou hangar, rampe de chargement, des installations de raccordement pour des usines voisines. Thuin-Ouest est ferm\u00e9 aux voyageurs depuis 1964.<\/p>\n\n\n\n<p>Sur le site de cette gare d\u00e9molie,&nbsp; l&rsquo;association ASVi (Tramway Lobbes Thuin)&nbsp; fait circuler du mat\u00e9riel historique de l&rsquo;ancienne Soci\u00e9t\u00e9 Nationale des Chemins de Fer Vicinaux. Une voie m\u00e9trique est plac\u00e9e entre son mus\u00e9e et Bienne sous Thuin.<\/p>\n\n\n\n<p><strong><a href=\"https:\/\/www.lasagadesgares.be\/wordpress\/gare-thuin-ouest\/\" data-type=\"page\" data-id=\"665\">Lire l&rsquo;histoire compl\u00e8te<\/a><\/strong><\/p>\n\n\n\n<p><strong><a href=\"https:\/\/www.thuin.be\/\" data-type=\"page\" data-id=\"1381\">Commune de Thuin<\/a><\/strong><\/p>\n\n\n\n<p><strong><a href=\"https:\/\/tourismethuin.be\/fr\" data-type=\"link\" data-id=\"https:\/\/tourismethuin.be\/fr\">Le tourisme \u00e0 Thuin<\/a><\/strong><\/p>\n\n\n\n<p><\/p>\n\n\n\n<figure class=\"wp-block-gallery has-nested-images columns-default is-cropped wp-block-gallery-1 is-layout-flex wp-block-gallery-is-layout-flex\">\n<figure class=\"wp-block-image size-large\"><img fetchpriority=\"high\" decoding=\"async\" width=\"400\" height=\"258\" data-id=\"1287\" src=\"https:\/\/www.lasagadesgares.be\/wordpress\/wp-content\/uploads\/2025\/09\/thuin_ouest_012.jpg\" alt=\"\" class=\"wp-image-1287\" srcset=\"https:\/\/www.lasagadesgares.be\/wordpress\/wp-content\/uploads\/2025\/09\/thuin_ouest_012.jpg 400w, https:\/\/www.lasagadesgares.be\/wordpress\/wp-content\/uploads\/2025\/09\/thuin_ouest_012-300x194.jpg 300w, https:\/\/www.lasagadesgares.be\/wordpress\/wp-content\/uploads\/2025\/09\/thuin_ouest_012-1x1.jpg 1w\" sizes=\"(max-width: 400px) 100vw, 400px\" \/><\/figure>\n\n\n\n<figure class=\"wp-block-image size-large\"><img decoding=\"async\" width=\"400\" height=\"267\" data-id=\"1286\" src=\"https:\/\/www.lasagadesgares.be\/wordpress\/wp-content\/uploads\/2025\/09\/Thuin-Ouest-Pierre-01.jpg\" alt=\"\" class=\"wp-image-1286\" srcset=\"https:\/\/www.lasagadesgares.be\/wordpress\/wp-content\/uploads\/2025\/09\/Thuin-Ouest-Pierre-01.jpg 400w, https:\/\/www.lasagadesgares.be\/wordpress\/wp-content\/uploads\/2025\/09\/Thuin-Ouest-Pierre-01-300x200.jpg 300w, https:\/\/www.lasagadesgares.be\/wordpress\/wp-content\/uploads\/2025\/09\/Thuin-Ouest-Pierre-01-1x1.jpg 1w\" sizes=\"(max-width: 400px) 100vw, 400px\" \/><\/figure>\n\n\n\n<figure class=\"wp-block-image size-large\"><img decoding=\"async\" width=\"400\" height=\"217\" data-id=\"1284\" src=\"https:\/\/www.lasagadesgares.be\/wordpress\/wp-content\/uploads\/2025\/09\/Thuin-Ouest-02.jpg\" alt=\"\" class=\"wp-image-1284\" srcset=\"https:\/\/www.lasagadesgares.be\/wordpress\/wp-content\/uploads\/2025\/09\/Thuin-Ouest-02.jpg 400w, https:\/\/www.lasagadesgares.be\/wordpress\/wp-content\/uploads\/2025\/09\/Thuin-Ouest-02-300x163.jpg 300w, https:\/\/www.lasagadesgares.be\/wordpress\/wp-content\/uploads\/2025\/09\/Thuin-Ouest-02-1x1.jpg 1w\" sizes=\"(max-width: 400px) 100vw, 400px\" \/><\/figure>\n<\/figure>\n","protected":false},"excerpt":{"rendered":"<p>Bienvenue en gare de Thuin Ouest! Nous sommes sur la ligne 109. La&nbsp;gare de Thuin-Ouest est mise en service en 1882 par l&rsquo;Administration des Chemins de fer de l&rsquo;Etat Belge, future Soci\u00e9t\u00e9 Nationale des Chemins de fer Belges (SNCB). La gare de Thuin-Ouest \u00e9tait situ\u00e9e au point kilom\u00e9trique (PK) 33,3 de la la ligne 109 [&hellip;]<\/p>\n","protected":false},"author":1,"featured_media":1285,"comment_status":"closed","ping_status":"open","sticky":false,"template":"","format":"standard","meta":{"footnotes":""},"categories":[24],"tags":[],"class_list":["post-1283","post","type-post","status-publish","format-standard","has-post-thumbnail","hentry","category-ligne-109"],"_links":{"self":[{"href":"https:\/\/www.lasagadesgares.be\/wordpress\/wp-json\/wp\/v2\/posts\/1283","targetHints":{"allow":["GET"]}}],"collection":[{"href":"https:\/\/www.lasagadesgares.be\/wordpress\/wp-json\/wp\/v2\/posts"}],"about":[{"href":"https:\/\/www.lasagadesgares.be\/wordpress\/wp-json\/wp\/v2\/types\/post"}],"author":[{"embeddable":true,"href":"https:\/\/www.lasagadesgares.be\/wordpress\/wp-json\/wp\/v2\/users\/1"}],"replies":[{"embeddable":true,"href":"https:\/\/www.lasagadesgares.be\/wordpress\/wp-json\/wp\/v2\/comments?post=1283"}],"version-history":[{"count":2,"href":"https:\/\/www.lasagadesgares.be\/wordpress\/wp-json\/wp\/v2\/posts\/1283\/revisions"}],"predecessor-version":[{"id":1477,"href":"https:\/\/www.lasagadesgares.be\/wordpress\/wp-json\/wp\/v2\/posts\/1283\/revisions\/1477"}],"wp:featuredmedia":[{"embeddable":true,"href":"https:\/\/www.lasagadesgares.be\/wordpress\/wp-json\/wp\/v2\/media\/1285"}],"wp:attachment":[{"href":"https:\/\/www.lasagadesgares.be\/wordpress\/wp-json\/wp\/v2\/media?parent=1283"}],"wp:term":[{"taxonomy":"category","embeddable":true,"href":"https:\/\/www.lasagadesgares.be\/wordpress\/wp-json\/wp\/v2\/categories?post=1283"},{"taxonomy":"post_tag","embeddable":true,"href":"https:\/\/www.lasagadesgares.be\/wordpress\/wp-json\/wp\/v2\/tags?post=1283"}],"curies":[{"name":"wp","href":"https:\/\/api.w.org\/{rel}","templated":true}]}}