{"id":1276,"date":"2025-09-30T13:43:33","date_gmt":"2025-09-30T11:43:33","guid":{"rendered":"https:\/\/www.lasagadesgares.be\/wordpress\/?p=1276"},"modified":"2025-11-11T22:36:33","modified_gmt":"2025-11-11T21:36:33","slug":"bienne-lez-happart","status":"publish","type":"post","link":"https:\/\/www.lasagadesgares.be\/wordpress\/bienne-lez-happart\/","title":{"rendered":"Halte de Bienne-lez-Happart"},"content":{"rendered":"\n<p>Bienvenue \u00e0 la Halte de Bienne-lez-Happart. Nous sommes sur la ligne 109 Cuesmes &#8211; Chimay.<\/p>\n\n\n\n<p>Ce Point d&rsquo;Arr\u00eat&nbsp; situ\u00e9e au km 25,70 sur la ligne 109 entre Merbes Sainte Marie et Lobbes avant le bifurcation au km 12,30 vers Pi\u00e9ton sur la L 110.&nbsp;<\/p>\n\n\n\n<p>La Halte (H) est mise en service le 1er d\u00e9cembre 1877. Le point d&rsquo;arr\u00eat a \u00e9t\u00e9 mis hors service voyageurs et marchandises le 30 septembre 1962.<\/p>\n\n\n\n<p>Un b\u00e2timent modeste \u00e9quipait la halte le long d&rsquo;une voie unique, une construction typique des haltes classiques du 19\u1d49 d\u00e9but 20\u1d49 si\u00e8cle pour ce genre de ligne secondaire. Un trottoir (quais) se d\u00e9roulait de chaque c\u00f4t\u00e9 de la voie unique. Une cour aux marchandises avec Pont \u00e0 Peser (PP) et une voie lat\u00e9rale avec rampe \u00e9quipait l&rsquo;espace ferroviaire.<\/p>\n\n\n\n<p>Aujourd&rsquo;hui, le RAVeL\u00a0 109\/1 relie Fauroeulx vers Lobbes\/ Thuin, il traverse des zones bois\u00e9es, agricoles etc.<em> (Photos <a href=\"https:\/\/www.garesbelges.be\/bienne_lez_happart.htm\">Gares belges d&rsquo;Autrefois<\/a>)<\/em><\/p>\n\n\n\n<figure class=\"wp-block-gallery has-nested-images columns-default is-cropped wp-block-gallery-1 is-layout-flex wp-block-gallery-is-layout-flex\">\n<figure class=\"wp-block-image size-large\"><img fetchpriority=\"high\" decoding=\"async\" width=\"400\" height=\"252\" data-id=\"1277\" src=\"https:\/\/www.lasagadesgares.be\/wordpress\/wp-content\/uploads\/2025\/09\/Bienne-lez-Happart-Pierre.jpg\" alt=\"\" class=\"wp-image-1277\" srcset=\"https:\/\/www.lasagadesgares.be\/wordpress\/wp-content\/uploads\/2025\/09\/Bienne-lez-Happart-Pierre.jpg 400w, https:\/\/www.lasagadesgares.be\/wordpress\/wp-content\/uploads\/2025\/09\/Bienne-lez-Happart-Pierre-300x189.jpg 300w, https:\/\/www.lasagadesgares.be\/wordpress\/wp-content\/uploads\/2025\/09\/Bienne-lez-Happart-Pierre-1x1.jpg 1w\" sizes=\"(max-width: 400px) 100vw, 400px\" \/><\/figure>\n\n\n\n<figure class=\"wp-block-image size-large\"><img decoding=\"async\" width=\"400\" height=\"300\" data-id=\"1278\" src=\"https:\/\/www.lasagadesgares.be\/wordpress\/wp-content\/uploads\/2025\/09\/bienne_lez_happart_002.jpg\" alt=\"\" class=\"wp-image-1278\" srcset=\"https:\/\/www.lasagadesgares.be\/wordpress\/wp-content\/uploads\/2025\/09\/bienne_lez_happart_002.jpg 400w, https:\/\/www.lasagadesgares.be\/wordpress\/wp-content\/uploads\/2025\/09\/bienne_lez_happart_002-300x225.jpg 300w, https:\/\/www.lasagadesgares.be\/wordpress\/wp-content\/uploads\/2025\/09\/bienne_lez_happart_002-1x1.jpg 1w\" sizes=\"(max-width: 400px) 100vw, 400px\" \/><\/figure>\n<\/figure>\n","protected":false},"excerpt":{"rendered":"<p>Bienvenue \u00e0 la Halte de Bienne-lez-Happart. Nous sommes sur la ligne 109 Cuesmes &#8211; Chimay. Ce Point d&rsquo;Arr\u00eat&nbsp; situ\u00e9e au km 25,70 sur la ligne 109 entre Merbes Sainte Marie et Lobbes avant le bifurcation au km 12,30 vers Pi\u00e9ton sur la L 110.&nbsp; La Halte (H) est mise en service le 1er d\u00e9cembre 1877. [&hellip;]<\/p>\n","protected":false},"author":1,"featured_media":1277,"comment_status":"closed","ping_status":"open","sticky":false,"template":"","format":"standard","meta":{"footnotes":""},"categories":[24,38],"tags":[],"class_list":["post-1276","post","type-post","status-publish","format-standard","has-post-thumbnail","hentry","category-ligne-109","category-ligne-110"],"_links":{"self":[{"href":"https:\/\/www.lasagadesgares.be\/wordpress\/wp-json\/wp\/v2\/posts\/1276","targetHints":{"allow":["GET"]}}],"collection":[{"href":"https:\/\/www.lasagadesgares.be\/wordpress\/wp-json\/wp\/v2\/posts"}],"about":[{"href":"https:\/\/www.lasagadesgares.be\/wordpress\/wp-json\/wp\/v2\/types\/post"}],"author":[{"embeddable":true,"href":"https:\/\/www.lasagadesgares.be\/wordpress\/wp-json\/wp\/v2\/users\/1"}],"replies":[{"embeddable":true,"href":"https:\/\/www.lasagadesgares.be\/wordpress\/wp-json\/wp\/v2\/comments?post=1276"}],"version-history":[{"count":2,"href":"https:\/\/www.lasagadesgares.be\/wordpress\/wp-json\/wp\/v2\/posts\/1276\/revisions"}],"predecessor-version":[{"id":2192,"href":"https:\/\/www.lasagadesgares.be\/wordpress\/wp-json\/wp\/v2\/posts\/1276\/revisions\/2192"}],"wp:featuredmedia":[{"embeddable":true,"href":"https:\/\/www.lasagadesgares.be\/wordpress\/wp-json\/wp\/v2\/media\/1277"}],"wp:attachment":[{"href":"https:\/\/www.lasagadesgares.be\/wordpress\/wp-json\/wp\/v2\/media?parent=1276"}],"wp:term":[{"taxonomy":"category","embeddable":true,"href":"https:\/\/www.lasagadesgares.be\/wordpress\/wp-json\/wp\/v2\/categories?post=1276"},{"taxonomy":"post_tag","embeddable":true,"href":"https:\/\/www.lasagadesgares.be\/wordpress\/wp-json\/wp\/v2\/tags?post=1276"}],"curies":[{"name":"wp","href":"https:\/\/api.w.org\/{rel}","templated":true}]}}