{"id":1251,"date":"2025-09-30T08:29:34","date_gmt":"2025-09-30T06:29:34","guid":{"rendered":"https:\/\/www.lasagadesgares.be\/wordpress\/?p=1251"},"modified":"2025-11-11T22:37:12","modified_gmt":"2025-11-11T21:37:12","slug":"henripont","status":"publish","type":"post","link":"https:\/\/www.lasagadesgares.be\/wordpress\/henripont\/","title":{"rendered":"La halte d\u2019Henripont"},"content":{"rendered":"\n<p>La halte d\u2019Henripont \u00e9tait situ\u00e9e sur le tron\u00e7on Clabecq-Ecaussines de la ligne 106.<\/p>\n\n\n\n<p>Un point d\u2019arr\u00eat a \u00e9t\u00e9 ouvert le 1<sup>er<\/sup> octobre 1889 et un b\u00e2timent rectangulaire \u00e0 4 trav\u00e9es, sans \u00e9tage, a \u00e9t\u00e9 construit en 1895-1896 \u00e0 c\u00f4t\u00e9 de la maisonnette du garde barri\u00e8re. L\u2019ensemble a \u00e9t\u00e9 vendu \u00e0 un particulier en 1960.<\/p>\n\n\n\n<p>Les installations \u00e9taient modestes avec un seul quai pour les voyageurs et il n\u2019y avait pas de voie pour les marchandises.<\/p>\n\n\n\n<p>La fr\u00e9quentation \u00e9tant devenue tr\u00e8s faible, l\u2019arr\u00eat des trains \u00e0 Henripont a \u00e9t\u00e9 supprim\u00e9 en 1980.<\/p>\n\n\n\n<figure class=\"wp-block-gallery has-nested-images columns-default is-cropped wp-block-gallery-1 is-layout-flex wp-block-gallery-is-layout-flex\">\n<figure class=\"wp-block-image size-large\"><img fetchpriority=\"high\" decoding=\"async\" width=\"400\" height=\"251\" data-id=\"1252\" src=\"https:\/\/www.lasagadesgares.be\/wordpress\/wp-content\/uploads\/2025\/09\/Henripont-1.jpg\" alt=\"\" class=\"wp-image-1252\" srcset=\"https:\/\/www.lasagadesgares.be\/wordpress\/wp-content\/uploads\/2025\/09\/Henripont-1.jpg 400w, https:\/\/www.lasagadesgares.be\/wordpress\/wp-content\/uploads\/2025\/09\/Henripont-1-300x188.jpg 300w, https:\/\/www.lasagadesgares.be\/wordpress\/wp-content\/uploads\/2025\/09\/Henripont-1-1x1.jpg 1w\" sizes=\"(max-width: 400px) 100vw, 400px\" \/><\/figure>\n\n\n\n<figure class=\"wp-block-image size-large\"><img decoding=\"async\" width=\"400\" height=\"267\" data-id=\"1253\" src=\"https:\/\/www.lasagadesgares.be\/wordpress\/wp-content\/uploads\/2025\/09\/Henripont-3.jpg\" alt=\"\" class=\"wp-image-1253\" srcset=\"https:\/\/www.lasagadesgares.be\/wordpress\/wp-content\/uploads\/2025\/09\/Henripont-3.jpg 400w, https:\/\/www.lasagadesgares.be\/wordpress\/wp-content\/uploads\/2025\/09\/Henripont-3-300x200.jpg 300w, https:\/\/www.lasagadesgares.be\/wordpress\/wp-content\/uploads\/2025\/09\/Henripont-3-1x1.jpg 1w\" sizes=\"(max-width: 400px) 100vw, 400px\" \/><\/figure>\n<\/figure>\n","protected":false},"excerpt":{"rendered":"<p>La halte d\u2019Henripont \u00e9tait situ\u00e9e sur le tron\u00e7on Clabecq-Ecaussines de la ligne 106. Un point d\u2019arr\u00eat a \u00e9t\u00e9 ouvert le 1er octobre 1889 et un b\u00e2timent rectangulaire \u00e0 4 trav\u00e9es, sans \u00e9tage, a \u00e9t\u00e9 construit en 1895-1896 \u00e0 c\u00f4t\u00e9 de la maisonnette du garde barri\u00e8re. L\u2019ensemble a \u00e9t\u00e9 vendu \u00e0 un particulier en 1960. Les [&hellip;]<\/p>\n","protected":false},"author":1,"featured_media":1252,"comment_status":"closed","ping_status":"open","sticky":false,"template":"","format":"standard","meta":{"footnotes":""},"categories":[26],"tags":[],"class_list":["post-1251","post","type-post","status-publish","format-standard","has-post-thumbnail","hentry","category-ligne-106"],"_links":{"self":[{"href":"https:\/\/www.lasagadesgares.be\/wordpress\/wp-json\/wp\/v2\/posts\/1251","targetHints":{"allow":["GET"]}}],"collection":[{"href":"https:\/\/www.lasagadesgares.be\/wordpress\/wp-json\/wp\/v2\/posts"}],"about":[{"href":"https:\/\/www.lasagadesgares.be\/wordpress\/wp-json\/wp\/v2\/types\/post"}],"author":[{"embeddable":true,"href":"https:\/\/www.lasagadesgares.be\/wordpress\/wp-json\/wp\/v2\/users\/1"}],"replies":[{"embeddable":true,"href":"https:\/\/www.lasagadesgares.be\/wordpress\/wp-json\/wp\/v2\/comments?post=1251"}],"version-history":[{"count":1,"href":"https:\/\/www.lasagadesgares.be\/wordpress\/wp-json\/wp\/v2\/posts\/1251\/revisions"}],"predecessor-version":[{"id":1254,"href":"https:\/\/www.lasagadesgares.be\/wordpress\/wp-json\/wp\/v2\/posts\/1251\/revisions\/1254"}],"wp:featuredmedia":[{"embeddable":true,"href":"https:\/\/www.lasagadesgares.be\/wordpress\/wp-json\/wp\/v2\/media\/1252"}],"wp:attachment":[{"href":"https:\/\/www.lasagadesgares.be\/wordpress\/wp-json\/wp\/v2\/media?parent=1251"}],"wp:term":[{"taxonomy":"category","embeddable":true,"href":"https:\/\/www.lasagadesgares.be\/wordpress\/wp-json\/wp\/v2\/categories?post=1251"},{"taxonomy":"post_tag","embeddable":true,"href":"https:\/\/www.lasagadesgares.be\/wordpress\/wp-json\/wp\/v2\/tags?post=1251"}],"curies":[{"name":"wp","href":"https:\/\/api.w.org\/{rel}","templated":true}]}}