{"id":1236,"date":"2025-09-30T08:15:48","date_gmt":"2025-09-30T06:15:48","guid":{"rendered":"https:\/\/www.lasagadesgares.be\/wordpress\/?p=1236"},"modified":"2025-11-11T22:37:53","modified_gmt":"2025-11-11T21:37:53","slug":"fauquez","status":"publish","type":"post","link":"https:\/\/www.lasagadesgares.be\/wordpress\/fauquez\/","title":{"rendered":"Halte de Fauquez"},"content":{"rendered":"\n<p>La halte de Fauquez (hameau de la comme d\u2019ittre) \u00e9tait situ\u00e9e sur le tron\u00e7on Clabecq-Ecaussines de la ligne 106.<\/p>\n\n\n\n<p>Un point d\u2019arr\u00eat a \u00e9t\u00e9 ouvert le 3 janvier 1891 et est devenu une halte en 1911. A cette \u00e9poque un petit b\u00e2timent rectangulaire a \u00e9t\u00e9 construit et comprenait une salle d\u2019attente, un guichet et un local de service.<\/p>\n\n\n\n<p>Outre un quai pour les voyageurs sur la voie principale, les installations comprenaient une cour marchandises \u00e0 2 voies avec un pont \u00e0 peser et une rampe de chargement. Une voie \u00e0 2 issues donnait acc\u00e8s au raccordement de la gobeleterie et au raccordement des c\u00e9ramiques. C\u00f4t\u00e9 Ecaussines, un raccordement \u00e9tait branch\u00e9 sur la voie principale pour desservir la verrerie des verres sp\u00e9ciaux.<\/p>\n\n\n\n<p>La halte a \u00e9t\u00e9 supprim\u00e9e le 3 juin 1984 suite \u00e0 la fermeture de la ligne 106.<\/p>\n\n\n\n<figure class=\"wp-block-gallery has-nested-images columns-default is-cropped wp-block-gallery-1 is-layout-flex wp-block-gallery-is-layout-flex\">\n<figure class=\"wp-block-image size-large\"><img fetchpriority=\"high\" decoding=\"async\" width=\"400\" height=\"263\" data-id=\"1237\" src=\"https:\/\/www.lasagadesgares.be\/wordpress\/wp-content\/uploads\/2025\/09\/Fauquez-1.1.png\" alt=\"\" class=\"wp-image-1237\" srcset=\"https:\/\/www.lasagadesgares.be\/wordpress\/wp-content\/uploads\/2025\/09\/Fauquez-1.1.png 400w, https:\/\/www.lasagadesgares.be\/wordpress\/wp-content\/uploads\/2025\/09\/Fauquez-1.1-300x197.png 300w, https:\/\/www.lasagadesgares.be\/wordpress\/wp-content\/uploads\/2025\/09\/Fauquez-1.1-1x1.png 1w\" sizes=\"(max-width: 400px) 100vw, 400px\" \/><\/figure>\n\n\n\n<figure class=\"wp-block-image size-large\"><img decoding=\"async\" width=\"400\" height=\"251\" data-id=\"1238\" src=\"https:\/\/www.lasagadesgares.be\/wordpress\/wp-content\/uploads\/2025\/09\/Fauquez-1.jpg\" alt=\"\" class=\"wp-image-1238\" srcset=\"https:\/\/www.lasagadesgares.be\/wordpress\/wp-content\/uploads\/2025\/09\/Fauquez-1.jpg 400w, https:\/\/www.lasagadesgares.be\/wordpress\/wp-content\/uploads\/2025\/09\/Fauquez-1-300x188.jpg 300w, https:\/\/www.lasagadesgares.be\/wordpress\/wp-content\/uploads\/2025\/09\/Fauquez-1-1x1.jpg 1w\" sizes=\"(max-width: 400px) 100vw, 400px\" \/><\/figure>\n\n\n\n<figure class=\"wp-block-image size-large\"><img decoding=\"async\" width=\"400\" height=\"249\" data-id=\"1239\" src=\"https:\/\/www.lasagadesgares.be\/wordpress\/wp-content\/uploads\/2025\/09\/Fauquez-2.jpg\" alt=\"\" class=\"wp-image-1239\" srcset=\"https:\/\/www.lasagadesgares.be\/wordpress\/wp-content\/uploads\/2025\/09\/Fauquez-2.jpg 400w, https:\/\/www.lasagadesgares.be\/wordpress\/wp-content\/uploads\/2025\/09\/Fauquez-2-300x187.jpg 300w, https:\/\/www.lasagadesgares.be\/wordpress\/wp-content\/uploads\/2025\/09\/Fauquez-2-1x1.jpg 1w\" sizes=\"(max-width: 400px) 100vw, 400px\" \/><\/figure>\n<\/figure>\n","protected":false},"excerpt":{"rendered":"<p>La halte de Fauquez (hameau de la comme d\u2019ittre) \u00e9tait situ\u00e9e sur le tron\u00e7on Clabecq-Ecaussines de la ligne 106. Un point d\u2019arr\u00eat a \u00e9t\u00e9 ouvert le 3 janvier 1891 et est devenu une halte en 1911. A cette \u00e9poque un petit b\u00e2timent rectangulaire a \u00e9t\u00e9 construit et comprenait une salle d\u2019attente, un guichet et un [&hellip;]<\/p>\n","protected":false},"author":1,"featured_media":1237,"comment_status":"closed","ping_status":"open","sticky":false,"template":"","format":"standard","meta":{"footnotes":""},"categories":[26],"tags":[],"class_list":["post-1236","post","type-post","status-publish","format-standard","has-post-thumbnail","hentry","category-ligne-106"],"_links":{"self":[{"href":"https:\/\/www.lasagadesgares.be\/wordpress\/wp-json\/wp\/v2\/posts\/1236","targetHints":{"allow":["GET"]}}],"collection":[{"href":"https:\/\/www.lasagadesgares.be\/wordpress\/wp-json\/wp\/v2\/posts"}],"about":[{"href":"https:\/\/www.lasagadesgares.be\/wordpress\/wp-json\/wp\/v2\/types\/post"}],"author":[{"embeddable":true,"href":"https:\/\/www.lasagadesgares.be\/wordpress\/wp-json\/wp\/v2\/users\/1"}],"replies":[{"embeddable":true,"href":"https:\/\/www.lasagadesgares.be\/wordpress\/wp-json\/wp\/v2\/comments?post=1236"}],"version-history":[{"count":1,"href":"https:\/\/www.lasagadesgares.be\/wordpress\/wp-json\/wp\/v2\/posts\/1236\/revisions"}],"predecessor-version":[{"id":1240,"href":"https:\/\/www.lasagadesgares.be\/wordpress\/wp-json\/wp\/v2\/posts\/1236\/revisions\/1240"}],"wp:featuredmedia":[{"embeddable":true,"href":"https:\/\/www.lasagadesgares.be\/wordpress\/wp-json\/wp\/v2\/media\/1237"}],"wp:attachment":[{"href":"https:\/\/www.lasagadesgares.be\/wordpress\/wp-json\/wp\/v2\/media?parent=1236"}],"wp:term":[{"taxonomy":"category","embeddable":true,"href":"https:\/\/www.lasagadesgares.be\/wordpress\/wp-json\/wp\/v2\/categories?post=1236"},{"taxonomy":"post_tag","embeddable":true,"href":"https:\/\/www.lasagadesgares.be\/wordpress\/wp-json\/wp\/v2\/tags?post=1236"}],"curies":[{"name":"wp","href":"https:\/\/api.w.org\/{rel}","templated":true}]}}