{"id":1228,"date":"2025-09-30T08:07:36","date_gmt":"2025-09-30T06:07:36","guid":{"rendered":"https:\/\/www.lasagadesgares.be\/wordpress\/?p=1228"},"modified":"2025-11-11T22:38:06","modified_gmt":"2025-11-11T21:38:06","slug":"ecaussines-nord","status":"publish","type":"post","link":"https:\/\/www.lasagadesgares.be\/wordpress\/ecaussines-nord\/","title":{"rendered":"Gare d\u2019Ecaussinnes-Nord"},"content":{"rendered":"\n<p>La gare d\u2019Ecaussinnes-Nord est situ\u00e9e sur le tron\u00e7on Clabecq-Ecaussinnes de la ligne 106 \u00e0 proximit\u00e9 du centre historique de la commune.<\/p>\n\n\n\n<p>Elle a \u00e9t\u00e9 ouverte le 20 mai 1884.<\/p>\n\n\n\n<p>Le b\u00e2timent de type \u00ab&nbsp;Etat belge&nbsp;\u00bb, comme les autres gares de la ligne, est compos\u00e9 d\u2019une partie centrale \u00e0 3 trav\u00e9es avec \u00e9tage pour le logement du chef de gare, entour\u00e9e d\u2019une aile basse \u00e0 4 trav\u00e9es pour la salle d\u2019attente et le guichet. A l\u2019oppos\u00e9 une aile basse \u00e0 2 trav\u00e9es avec toit plat compl\u00e9tait le logement du chef de gare. Les toilettes \u00e9taient situ\u00e9es dans un petit pavillon s\u00e9par\u00e9.<\/p>\n\n\n\n<p>La gare a \u00e9t\u00e9 vendue \u00e0 un particulier en 1981 qui a reli\u00e9 le pavillon \u00e0 la petite aile basse et a recouvert l\u2019ensemble d\u2019un toit \u00e0 2 versants. Les fa\u00e7ades ont \u00e9t\u00e9 cr\u00e9pies.<\/p>\n\n\n\n<p>Les trains de voyageurs sur la ligne 106 ont \u00e9t\u00e9 supprim\u00e9s le 3 juin 1984 .<\/p>\n\n\n\n<p>Les installations comprenaient, une voie d\u2019\u00e9vitement prolong\u00e9e par une rampe de chargement et 2 raccordements. La desserte marchandises a cess\u00e9 en 1985.<\/p>\n\n\n\n<p>La ligne a \u00e9t\u00e9 d\u00e9ferr\u00e9e en 1989 et aujourd\u2019hui un Ravel a \u00e9t\u00e9 am\u00e9nag\u00e9 entre Ronqui\u00e8res et Ecaussinnes.<\/p>\n\n\n\n<figure class=\"wp-block-gallery has-nested-images columns-default is-cropped wp-block-gallery-1 is-layout-flex wp-block-gallery-is-layout-flex\">\n<figure class=\"wp-block-image size-large\"><img fetchpriority=\"high\" decoding=\"async\" width=\"400\" height=\"269\" data-id=\"1230\" src=\"https:\/\/www.lasagadesgares.be\/wordpress\/wp-content\/uploads\/2025\/09\/Ecaussines-Nord-2.jpg\" alt=\"\" class=\"wp-image-1230\" srcset=\"https:\/\/www.lasagadesgares.be\/wordpress\/wp-content\/uploads\/2025\/09\/Ecaussines-Nord-2.jpg 400w, https:\/\/www.lasagadesgares.be\/wordpress\/wp-content\/uploads\/2025\/09\/Ecaussines-Nord-2-300x202.jpg 300w, https:\/\/www.lasagadesgares.be\/wordpress\/wp-content\/uploads\/2025\/09\/Ecaussines-Nord-2-1x1.jpg 1w\" sizes=\"(max-width: 400px) 100vw, 400px\" \/><\/figure>\n\n\n\n<figure class=\"wp-block-image size-large\"><img decoding=\"async\" width=\"400\" height=\"263\" data-id=\"1229\" src=\"https:\/\/www.lasagadesgares.be\/wordpress\/wp-content\/uploads\/2025\/09\/Ecaussines-Nord-1.jpg\" alt=\"\" class=\"wp-image-1229\" srcset=\"https:\/\/www.lasagadesgares.be\/wordpress\/wp-content\/uploads\/2025\/09\/Ecaussines-Nord-1.jpg 400w, https:\/\/www.lasagadesgares.be\/wordpress\/wp-content\/uploads\/2025\/09\/Ecaussines-Nord-1-300x197.jpg 300w, https:\/\/www.lasagadesgares.be\/wordpress\/wp-content\/uploads\/2025\/09\/Ecaussines-Nord-1-1x1.jpg 1w\" sizes=\"(max-width: 400px) 100vw, 400px\" \/><\/figure>\n\n\n\n<figure class=\"wp-block-image size-large\"><img decoding=\"async\" width=\"400\" height=\"244\" data-id=\"1234\" src=\"https:\/\/www.lasagadesgares.be\/wordpress\/wp-content\/uploads\/2025\/09\/Ecaussines-Nord-3.jpg\" alt=\"\" class=\"wp-image-1234\" srcset=\"https:\/\/www.lasagadesgares.be\/wordpress\/wp-content\/uploads\/2025\/09\/Ecaussines-Nord-3.jpg 400w, https:\/\/www.lasagadesgares.be\/wordpress\/wp-content\/uploads\/2025\/09\/Ecaussines-Nord-3-300x183.jpg 300w, https:\/\/www.lasagadesgares.be\/wordpress\/wp-content\/uploads\/2025\/09\/Ecaussines-Nord-3-1x1.jpg 1w\" sizes=\"(max-width: 400px) 100vw, 400px\" \/><\/figure>\n\n\n\n<figure class=\"wp-block-image size-large\"><img loading=\"lazy\" decoding=\"async\" width=\"400\" height=\"221\" data-id=\"1233\" src=\"https:\/\/www.lasagadesgares.be\/wordpress\/wp-content\/uploads\/2025\/09\/Ecaussines-Nord-5.jpg\" alt=\"\" class=\"wp-image-1233\" srcset=\"https:\/\/www.lasagadesgares.be\/wordpress\/wp-content\/uploads\/2025\/09\/Ecaussines-Nord-5.jpg 400w, https:\/\/www.lasagadesgares.be\/wordpress\/wp-content\/uploads\/2025\/09\/Ecaussines-Nord-5-300x166.jpg 300w, https:\/\/www.lasagadesgares.be\/wordpress\/wp-content\/uploads\/2025\/09\/Ecaussines-Nord-5-1x1.jpg 1w\" sizes=\"(max-width: 400px) 100vw, 400px\" \/><\/figure>\n<\/figure>\n","protected":false},"excerpt":{"rendered":"<p>La gare d\u2019Ecaussinnes-Nord est situ\u00e9e sur le tron\u00e7on Clabecq-Ecaussinnes de la ligne 106 \u00e0 proximit\u00e9 du centre historique de la commune. Elle a \u00e9t\u00e9 ouverte le 20 mai 1884. Le b\u00e2timent de type \u00ab&nbsp;Etat belge&nbsp;\u00bb, comme les autres gares de la ligne, est compos\u00e9 d\u2019une partie centrale \u00e0 3 trav\u00e9es avec \u00e9tage pour le logement [&hellip;]<\/p>\n","protected":false},"author":1,"featured_media":1230,"comment_status":"closed","ping_status":"open","sticky":false,"template":"","format":"standard","meta":{"footnotes":""},"categories":[26],"tags":[],"class_list":["post-1228","post","type-post","status-publish","format-standard","has-post-thumbnail","hentry","category-ligne-106"],"_links":{"self":[{"href":"https:\/\/www.lasagadesgares.be\/wordpress\/wp-json\/wp\/v2\/posts\/1228","targetHints":{"allow":["GET"]}}],"collection":[{"href":"https:\/\/www.lasagadesgares.be\/wordpress\/wp-json\/wp\/v2\/posts"}],"about":[{"href":"https:\/\/www.lasagadesgares.be\/wordpress\/wp-json\/wp\/v2\/types\/post"}],"author":[{"embeddable":true,"href":"https:\/\/www.lasagadesgares.be\/wordpress\/wp-json\/wp\/v2\/users\/1"}],"replies":[{"embeddable":true,"href":"https:\/\/www.lasagadesgares.be\/wordpress\/wp-json\/wp\/v2\/comments?post=1228"}],"version-history":[{"count":3,"href":"https:\/\/www.lasagadesgares.be\/wordpress\/wp-json\/wp\/v2\/posts\/1228\/revisions"}],"predecessor-version":[{"id":1308,"href":"https:\/\/www.lasagadesgares.be\/wordpress\/wp-json\/wp\/v2\/posts\/1228\/revisions\/1308"}],"wp:featuredmedia":[{"embeddable":true,"href":"https:\/\/www.lasagadesgares.be\/wordpress\/wp-json\/wp\/v2\/media\/1230"}],"wp:attachment":[{"href":"https:\/\/www.lasagadesgares.be\/wordpress\/wp-json\/wp\/v2\/media?parent=1228"}],"wp:term":[{"taxonomy":"category","embeddable":true,"href":"https:\/\/www.lasagadesgares.be\/wordpress\/wp-json\/wp\/v2\/categories?post=1228"},{"taxonomy":"post_tag","embeddable":true,"href":"https:\/\/www.lasagadesgares.be\/wordpress\/wp-json\/wp\/v2\/tags?post=1228"}],"curies":[{"name":"wp","href":"https:\/\/api.w.org\/{rel}","templated":true}]}}