{"id":1222,"date":"2025-09-30T07:58:39","date_gmt":"2025-09-30T05:58:39","guid":{"rendered":"https:\/\/www.lasagadesgares.be\/wordpress\/?p=1222"},"modified":"2025-11-11T22:38:19","modified_gmt":"2025-11-11T21:38:19","slug":"virginal","status":"publish","type":"post","link":"https:\/\/www.lasagadesgares.be\/wordpress\/virginal\/","title":{"rendered":"Gare de Virginal"},"content":{"rendered":"\n<p>La gare de Virginal \u00e9tait situ\u00e9e sur le tron\u00e7on Clabecq-Ecaussines de la ligne 106.<\/p>\n\n\n\n<p>Elle a \u00e9t\u00e9 ouverte le 20 mai 1884 et \u00e9tait en correspondance avec la ligne vicinale Braine l\u2019Alleud \u2013 Braine le Comte, ferm\u00e9e en 1959. Un d\u00e9p\u00f4t SNCV \u00e9tait situ\u00e9 \u00e0 proximit\u00e9 de la gare.<\/p>\n\n\n\n<p>Eloign\u00e9e du village, sa faible fr\u00e9quentation a entrain\u00e9 sa fermeture en 1980 et le b\u00e2timent a \u00e9t\u00e9 d\u00e9moli en 1982.<\/p>\n\n\n\n<p>Le b\u00e2timent principal, de type \u00ab&nbsp;Etat belge tardif&nbsp;\u00bb \u00e9tait compos\u00e9 d\u2019une partie centrale \u00e0 3 trav\u00e9es avec un \u00e9tage pour le logement du chef de gare, entour\u00e9e d\u2019une aile basse \u00e0 4 trav\u00e9es pour le guichet et la salle d\u2019attente et de l\u2019autre c\u00f4t\u00e9 une petite aile basse \u00e0 toit plat compl\u00e9tait le logement du chef de gare.<\/p>\n\n\n\n<p>La gare disposait d\u2019importantes installations.&nbsp; 2 voies \u00e0 quai permettaient le croisement des trains (la ligne 106 \u00e9tait \u00e0 voie unique). 2 voies en cul de sac \u00e9taient destin\u00e9es au garage des wagons et une voie \u00e0 2 issues donnait acc\u00e8s \u00e0 la voie de la cour termin\u00e9e par une rampe de chargement et au raccordement vicinal. C\u00f4t\u00e9 Ecaussines \u00e9tait branch\u00e9 le raccordement des papeteries.<\/p>\n\n\n\n<figure class=\"wp-block-gallery has-nested-images columns-default is-cropped wp-block-gallery-1 is-layout-flex wp-block-gallery-is-layout-flex\">\n<figure class=\"wp-block-image size-large\"><img fetchpriority=\"high\" decoding=\"async\" width=\"400\" height=\"252\" data-id=\"1224\" src=\"https:\/\/www.lasagadesgares.be\/wordpress\/wp-content\/uploads\/2025\/09\/Virginal-1.jpg\" alt=\"\" class=\"wp-image-1224\" srcset=\"https:\/\/www.lasagadesgares.be\/wordpress\/wp-content\/uploads\/2025\/09\/Virginal-1.jpg 400w, https:\/\/www.lasagadesgares.be\/wordpress\/wp-content\/uploads\/2025\/09\/Virginal-1-300x189.jpg 300w, https:\/\/www.lasagadesgares.be\/wordpress\/wp-content\/uploads\/2025\/09\/Virginal-1-1x1.jpg 1w\" sizes=\"(max-width: 400px) 100vw, 400px\" \/><\/figure>\n\n\n\n<figure class=\"wp-block-image size-large\"><img decoding=\"async\" width=\"400\" height=\"264\" data-id=\"1225\" src=\"https:\/\/www.lasagadesgares.be\/wordpress\/wp-content\/uploads\/2025\/09\/Virginal-2.jpg\" alt=\"\" class=\"wp-image-1225\" srcset=\"https:\/\/www.lasagadesgares.be\/wordpress\/wp-content\/uploads\/2025\/09\/Virginal-2.jpg 400w, https:\/\/www.lasagadesgares.be\/wordpress\/wp-content\/uploads\/2025\/09\/Virginal-2-300x198.jpg 300w, https:\/\/www.lasagadesgares.be\/wordpress\/wp-content\/uploads\/2025\/09\/Virginal-2-1x1.jpg 1w\" sizes=\"(max-width: 400px) 100vw, 400px\" \/><\/figure>\n\n\n\n<figure class=\"wp-block-image size-large\"><img decoding=\"async\" width=\"400\" height=\"249\" data-id=\"1223\" src=\"https:\/\/www.lasagadesgares.be\/wordpress\/wp-content\/uploads\/2025\/09\/Virginal-1.1.jpg\" alt=\"\" class=\"wp-image-1223\" srcset=\"https:\/\/www.lasagadesgares.be\/wordpress\/wp-content\/uploads\/2025\/09\/Virginal-1.1.jpg 400w, https:\/\/www.lasagadesgares.be\/wordpress\/wp-content\/uploads\/2025\/09\/Virginal-1.1-300x187.jpg 300w, https:\/\/www.lasagadesgares.be\/wordpress\/wp-content\/uploads\/2025\/09\/Virginal-1.1-1x1.jpg 1w\" sizes=\"(max-width: 400px) 100vw, 400px\" \/><\/figure>\n\n\n\n<figure class=\"wp-block-image size-large\"><img loading=\"lazy\" decoding=\"async\" width=\"400\" height=\"254\" data-id=\"1226\" src=\"https:\/\/www.lasagadesgares.be\/wordpress\/wp-content\/uploads\/2025\/09\/Virginal-3.jpg\" alt=\"\" class=\"wp-image-1226\" srcset=\"https:\/\/www.lasagadesgares.be\/wordpress\/wp-content\/uploads\/2025\/09\/Virginal-3.jpg 400w, https:\/\/www.lasagadesgares.be\/wordpress\/wp-content\/uploads\/2025\/09\/Virginal-3-300x191.jpg 300w, https:\/\/www.lasagadesgares.be\/wordpress\/wp-content\/uploads\/2025\/09\/Virginal-3-1x1.jpg 1w\" sizes=\"(max-width: 400px) 100vw, 400px\" \/><\/figure>\n<\/figure>\n","protected":false},"excerpt":{"rendered":"<p>La gare de Virginal \u00e9tait situ\u00e9e sur le tron\u00e7on Clabecq-Ecaussines de la ligne 106. Elle a \u00e9t\u00e9 ouverte le 20 mai 1884 et \u00e9tait en correspondance avec la ligne vicinale Braine l\u2019Alleud \u2013 Braine le Comte, ferm\u00e9e en 1959. Un d\u00e9p\u00f4t SNCV \u00e9tait situ\u00e9 \u00e0 proximit\u00e9 de la gare. Eloign\u00e9e du village, sa faible fr\u00e9quentation [&hellip;]<\/p>\n","protected":false},"author":1,"featured_media":1224,"comment_status":"closed","ping_status":"open","sticky":false,"template":"","format":"standard","meta":{"footnotes":""},"categories":[26],"tags":[],"class_list":["post-1222","post","type-post","status-publish","format-standard","has-post-thumbnail","hentry","category-ligne-106"],"_links":{"self":[{"href":"https:\/\/www.lasagadesgares.be\/wordpress\/wp-json\/wp\/v2\/posts\/1222","targetHints":{"allow":["GET"]}}],"collection":[{"href":"https:\/\/www.lasagadesgares.be\/wordpress\/wp-json\/wp\/v2\/posts"}],"about":[{"href":"https:\/\/www.lasagadesgares.be\/wordpress\/wp-json\/wp\/v2\/types\/post"}],"author":[{"embeddable":true,"href":"https:\/\/www.lasagadesgares.be\/wordpress\/wp-json\/wp\/v2\/users\/1"}],"replies":[{"embeddable":true,"href":"https:\/\/www.lasagadesgares.be\/wordpress\/wp-json\/wp\/v2\/comments?post=1222"}],"version-history":[{"count":1,"href":"https:\/\/www.lasagadesgares.be\/wordpress\/wp-json\/wp\/v2\/posts\/1222\/revisions"}],"predecessor-version":[{"id":1227,"href":"https:\/\/www.lasagadesgares.be\/wordpress\/wp-json\/wp\/v2\/posts\/1222\/revisions\/1227"}],"wp:featuredmedia":[{"embeddable":true,"href":"https:\/\/www.lasagadesgares.be\/wordpress\/wp-json\/wp\/v2\/media\/1224"}],"wp:attachment":[{"href":"https:\/\/www.lasagadesgares.be\/wordpress\/wp-json\/wp\/v2\/media?parent=1222"}],"wp:term":[{"taxonomy":"category","embeddable":true,"href":"https:\/\/www.lasagadesgares.be\/wordpress\/wp-json\/wp\/v2\/categories?post=1222"},{"taxonomy":"post_tag","embeddable":true,"href":"https:\/\/www.lasagadesgares.be\/wordpress\/wp-json\/wp\/v2\/tags?post=1222"}],"curies":[{"name":"wp","href":"https:\/\/api.w.org\/{rel}","templated":true}]}}