{"id":1170,"date":"2025-09-23T11:59:03","date_gmt":"2025-09-23T09:59:03","guid":{"rendered":"https:\/\/www.lasagadesgares.be\/wordpress\/?p=1170"},"modified":"2025-12-01T00:50:45","modified_gmt":"2025-11-30T23:50:45","slug":"lens","status":"publish","type":"post","link":"https:\/\/www.lasagadesgares.be\/wordpress\/lens\/","title":{"rendered":"La gare de Lens"},"content":{"rendered":"\n<p>La gare de Lens est situ\u00e9e sur la ligne 90 mise en service le 20 septembre 1847 entre Jurbise et Maffle, prolong\u00e9e vers Ath le 30 novembre de la m\u00eame ann\u00e9e.<br>Le premier b\u00e2timent sera remplac\u00e9 vers 1890 par une nouvelle construction \u00e0 l\u2019architecture classique pour l\u2019\u00e9poque : une partie centrale avec \u00e9tage entour\u00e9e de deux ailes basses. Une verri\u00e8re abritait les voyageurs sur le quai 1.<br>L\u2019activit\u00e9 marchandise \u00e9tait importante \u00e0 Lens qui disposait de 2 raccordements situ\u00e9s de part et d\u2019autre du PN 6, d\u2019 un hangar jouxtant le b\u00e2timent principal et d\u2019une cour aux marchandises avec rampe de chargement. De l\u2019autre c\u00f4t\u00e9 des voies principales, une voie d\u2019\u00e9vitement et une voie affect\u00e9e aux transbordements des wagons entre le chemin de fer et la ligne vicinale Saint-Ghislain \u2013 Baudour \u2013 Lens \u2013 Enghien ouverte le 28 janvier 1902. Cette activit\u00e9 a cess\u00e9 en 1959.<br>Toutes les installations marchandises ont \u00e9t\u00e9 supprim\u00e9es en 1972 ainsi que le block 26 et le personnel. Les b\u00e2timents ont \u00e9t\u00e9 ras\u00e9s par la suite.<br>Aujourd\u2019hui, les deux quais du point d\u2019arr\u00eat non gard\u00e9 sont \u00e9quip\u00e9s d\u2019abris modernes. A l\u2019entr\u00e9e du quai vers Ath un r\u00e2telier pour les v\u00e9los et un automate pour l\u2019achat des billets compl\u00e8tent l\u2019\u00e9quipement.<\/p>\n\n\n\n<figure class=\"wp-block-gallery has-nested-images columns-default is-cropped wp-block-gallery-1 is-layout-flex wp-block-gallery-is-layout-flex\">\n<figure class=\"wp-block-image size-large\"><img fetchpriority=\"high\" decoding=\"async\" width=\"400\" height=\"300\" data-id=\"1172\" src=\"https:\/\/www.lasagadesgares.be\/wordpress\/wp-content\/uploads\/2025\/09\/46482134_10216100346574073_3386708066538881024_n.jpg\" alt=\"\" class=\"wp-image-1172\" srcset=\"https:\/\/www.lasagadesgares.be\/wordpress\/wp-content\/uploads\/2025\/09\/46482134_10216100346574073_3386708066538881024_n.jpg 400w, https:\/\/www.lasagadesgares.be\/wordpress\/wp-content\/uploads\/2025\/09\/46482134_10216100346574073_3386708066538881024_n-300x225.jpg 300w, https:\/\/www.lasagadesgares.be\/wordpress\/wp-content\/uploads\/2025\/09\/46482134_10216100346574073_3386708066538881024_n-1x1.jpg 1w\" sizes=\"(max-width: 400px) 100vw, 400px\" \/><\/figure>\n\n\n\n<figure class=\"wp-block-image size-large\"><img decoding=\"async\" width=\"400\" height=\"250\" data-id=\"1171\" src=\"https:\/\/www.lasagadesgares.be\/wordpress\/wp-content\/uploads\/2025\/09\/46492761_10216100334253765_4031793252247011328_n.jpg\" alt=\"\" class=\"wp-image-1171\" srcset=\"https:\/\/www.lasagadesgares.be\/wordpress\/wp-content\/uploads\/2025\/09\/46492761_10216100334253765_4031793252247011328_n.jpg 400w, https:\/\/www.lasagadesgares.be\/wordpress\/wp-content\/uploads\/2025\/09\/46492761_10216100334253765_4031793252247011328_n-300x188.jpg 300w, https:\/\/www.lasagadesgares.be\/wordpress\/wp-content\/uploads\/2025\/09\/46492761_10216100334253765_4031793252247011328_n-1x1.jpg 1w\" sizes=\"(max-width: 400px) 100vw, 400px\" \/><\/figure>\n\n\n\n<figure class=\"wp-block-image size-large\"><img decoding=\"async\" width=\"400\" height=\"300\" data-id=\"1173\" src=\"https:\/\/www.lasagadesgares.be\/wordpress\/wp-content\/uploads\/2025\/09\/46516523_10216100341813954_1431399951354560512_n.jpg\" alt=\"\" class=\"wp-image-1173\" srcset=\"https:\/\/www.lasagadesgares.be\/wordpress\/wp-content\/uploads\/2025\/09\/46516523_10216100341813954_1431399951354560512_n.jpg 400w, https:\/\/www.lasagadesgares.be\/wordpress\/wp-content\/uploads\/2025\/09\/46516523_10216100341813954_1431399951354560512_n-300x225.jpg 300w, https:\/\/www.lasagadesgares.be\/wordpress\/wp-content\/uploads\/2025\/09\/46516523_10216100341813954_1431399951354560512_n-1x1.jpg 1w\" sizes=\"(max-width: 400px) 100vw, 400px\" \/><\/figure>\n\n\n\n<figure class=\"wp-block-image size-large\"><img loading=\"lazy\" decoding=\"async\" width=\"400\" height=\"299\" data-id=\"1175\" src=\"https:\/\/www.lasagadesgares.be\/wordpress\/wp-content\/uploads\/2025\/09\/Lens_gare_hotel_terminus.jpg\" alt=\"\" class=\"wp-image-1175\" srcset=\"https:\/\/www.lasagadesgares.be\/wordpress\/wp-content\/uploads\/2025\/09\/Lens_gare_hotel_terminus.jpg 400w, https:\/\/www.lasagadesgares.be\/wordpress\/wp-content\/uploads\/2025\/09\/Lens_gare_hotel_terminus-300x224.jpg 300w, https:\/\/www.lasagadesgares.be\/wordpress\/wp-content\/uploads\/2025\/09\/Lens_gare_hotel_terminus-1x1.jpg 1w\" sizes=\"(max-width: 400px) 100vw, 400px\" \/><figcaption class=\"wp-element-caption\">La gare de Lens et l&rsquo;H\u00f4tel Terminus ont connu de grandes heures d&rsquo;activit\u00e9s&#8230; L&rsquo;H\u00f4tel fait aujourd&rsquo;hui partie de l&rsquo;histoire. La gare est devenue un point d&rsquo;arr\u00eat non gard\u00e9 sur l&rsquo;axe Ath-Jurbise.<\/figcaption><\/figure>\n\n\n\n<figure class=\"wp-block-image size-large\"><img loading=\"lazy\" decoding=\"async\" width=\"400\" height=\"299\" data-id=\"1174\" src=\"https:\/\/www.lasagadesgares.be\/wordpress\/wp-content\/uploads\/2025\/09\/Lens_gare_train06.jpg\" alt=\"\" class=\"wp-image-1174\" srcset=\"https:\/\/www.lasagadesgares.be\/wordpress\/wp-content\/uploads\/2025\/09\/Lens_gare_train06.jpg 400w, https:\/\/www.lasagadesgares.be\/wordpress\/wp-content\/uploads\/2025\/09\/Lens_gare_train06-300x224.jpg 300w, https:\/\/www.lasagadesgares.be\/wordpress\/wp-content\/uploads\/2025\/09\/Lens_gare_train06-1x1.jpg 1w\" sizes=\"(max-width: 400px) 100vw, 400px\" \/><figcaption class=\"wp-element-caption\">Quarante-deux trains s&rsquo;arr\u00eatent quotidiennement en semaine au point d&rsquo;arr\u00eat de Lens.<\/figcaption><\/figure>\n<\/figure>\n","protected":false},"excerpt":{"rendered":"<p>La gare de Lens est situ\u00e9e sur la ligne 90 mise en service le 20 septembre 1847 entre Jurbise et Maffle, prolong\u00e9e vers Ath le 30 novembre de la m\u00eame ann\u00e9e.Le premier b\u00e2timent sera remplac\u00e9 vers 1890 par une nouvelle construction \u00e0 l\u2019architecture classique pour l\u2019\u00e9poque : une partie centrale avec \u00e9tage entour\u00e9e de deux [&hellip;]<\/p>\n","protected":false},"author":1,"featured_media":1171,"comment_status":"closed","ping_status":"open","sticky":false,"template":"","format":"standard","meta":{"footnotes":""},"categories":[50],"tags":[],"class_list":["post-1170","post","type-post","status-publish","format-standard","has-post-thumbnail","hentry","category-ligne-090c"],"_links":{"self":[{"href":"https:\/\/www.lasagadesgares.be\/wordpress\/wp-json\/wp\/v2\/posts\/1170","targetHints":{"allow":["GET"]}}],"collection":[{"href":"https:\/\/www.lasagadesgares.be\/wordpress\/wp-json\/wp\/v2\/posts"}],"about":[{"href":"https:\/\/www.lasagadesgares.be\/wordpress\/wp-json\/wp\/v2\/types\/post"}],"author":[{"embeddable":true,"href":"https:\/\/www.lasagadesgares.be\/wordpress\/wp-json\/wp\/v2\/users\/1"}],"replies":[{"embeddable":true,"href":"https:\/\/www.lasagadesgares.be\/wordpress\/wp-json\/wp\/v2\/comments?post=1170"}],"version-history":[{"count":1,"href":"https:\/\/www.lasagadesgares.be\/wordpress\/wp-json\/wp\/v2\/posts\/1170\/revisions"}],"predecessor-version":[{"id":1176,"href":"https:\/\/www.lasagadesgares.be\/wordpress\/wp-json\/wp\/v2\/posts\/1170\/revisions\/1176"}],"wp:featuredmedia":[{"embeddable":true,"href":"https:\/\/www.lasagadesgares.be\/wordpress\/wp-json\/wp\/v2\/media\/1171"}],"wp:attachment":[{"href":"https:\/\/www.lasagadesgares.be\/wordpress\/wp-json\/wp\/v2\/media?parent=1170"}],"wp:term":[{"taxonomy":"category","embeddable":true,"href":"https:\/\/www.lasagadesgares.be\/wordpress\/wp-json\/wp\/v2\/categories?post=1170"},{"taxonomy":"post_tag","embeddable":true,"href":"https:\/\/www.lasagadesgares.be\/wordpress\/wp-json\/wp\/v2\/tags?post=1170"}],"curies":[{"name":"wp","href":"https:\/\/api.w.org\/{rel}","templated":true}]}}