{"id":1119,"date":"2025-09-23T11:09:42","date_gmt":"2025-09-23T09:09:42","guid":{"rendered":"https:\/\/www.lasagadesgares.be\/wordpress\/?p=1119"},"modified":"2025-12-20T23:37:07","modified_gmt":"2025-12-20T22:37:07","slug":"monsville","status":"publish","type":"post","link":"https:\/\/www.lasagadesgares.be\/wordpress\/monsville\/","title":{"rendered":"La gare de Monsville"},"content":{"rendered":"\n<p><br>La gare de Monsville est situ\u00e9e \u00e0 Quaregnon dans le quartier \u00e9ponyme. Mise en service en 1864, le b\u00e2timent est dot\u00e9 d\u2019un \u00e9tage au-dessus de la partie centrale et d\u2019une habitation s\u00e9par\u00e9e \u00e0 l\u2019usage du chef de gare. Point de jonction avec le chemin de fer du Haut et Bas Fl\u00e9nu, la gare de Monsville a connu un important trafic charbonnier compl\u00e9t\u00e9 par l\u2019activit\u00e9 de plusieurs raccord\u00e9s. Le trafic voyageur \u00e9tait marginal. Avant la premi\u00e8re guerre mondiale, 4 trains de voyageurs desservaient Quaregnon-Monsville. Ils acheminaient essentiellement les mineurs flamands venant travailler dans les fosses boraines. Les trains de voyageurs ont \u00e9t\u00e9 supprim\u00e9s sur l\u2019ensemble de la ligne le 3 f\u00e9vrier 1935.<br>Apr\u00e8s la fermeture des charbonnages, les raccordements ont \u00e9t\u00e9 desservis par le train caboteur journalier Saint-Ghislain \u2013 Frameries jusqu\u2019en 1984.<br>De nos jours, le b\u00e2timent principal et l\u2019habitation du chef de gare ont \u00e9t\u00e9 transform\u00e9s en logements. L\u2019assiette de la ligne a fait place \u00e0 un Ravel entre le Grand-Hornu et Frameries. Le ch\u00e2teau d\u2019eau, qui alimentait les locomotives \u00e0 vapeur, est toujours en place mais sans utilit\u00e9.<\/p>\n\n\n\n<figure class=\"wp-block-gallery has-nested-images columns-default is-cropped wp-block-gallery-1 is-layout-flex wp-block-gallery-is-layout-flex\">\n<figure class=\"wp-block-image size-large\"><img fetchpriority=\"high\" decoding=\"async\" width=\"398\" height=\"253\" data-id=\"1121\" src=\"https:\/\/www.lasagadesgares.be\/wordpress\/wp-content\/uploads\/2025\/09\/Monsville-c.jpg\" alt=\"\" class=\"wp-image-1121\" srcset=\"https:\/\/www.lasagadesgares.be\/wordpress\/wp-content\/uploads\/2025\/09\/Monsville-c.jpg 398w, https:\/\/www.lasagadesgares.be\/wordpress\/wp-content\/uploads\/2025\/09\/Monsville-c-300x191.jpg 300w, https:\/\/www.lasagadesgares.be\/wordpress\/wp-content\/uploads\/2025\/09\/Monsville-c-1x1.jpg 1w\" sizes=\"(max-width: 398px) 100vw, 398px\" \/><figcaption class=\"wp-element-caption\">Quaregnon-Monsville, hier, c\u00f4t\u00e9 rue.<\/figcaption><\/figure>\n\n\n\n<figure class=\"wp-block-image size-large\"><img decoding=\"async\" width=\"400\" height=\"300\" data-id=\"1123\" src=\"https:\/\/www.lasagadesgares.be\/wordpress\/wp-content\/uploads\/2025\/09\/467745350_10231908506368188_6903517405160975062_n.jpg\" alt=\"\" class=\"wp-image-1123\" srcset=\"https:\/\/www.lasagadesgares.be\/wordpress\/wp-content\/uploads\/2025\/09\/467745350_10231908506368188_6903517405160975062_n.jpg 400w, https:\/\/www.lasagadesgares.be\/wordpress\/wp-content\/uploads\/2025\/09\/467745350_10231908506368188_6903517405160975062_n-300x225.jpg 300w, https:\/\/www.lasagadesgares.be\/wordpress\/wp-content\/uploads\/2025\/09\/467745350_10231908506368188_6903517405160975062_n-1x1.jpg 1w\" sizes=\"(max-width: 400px) 100vw, 400px\" \/><\/figure>\n\n\n\n<figure class=\"wp-block-image size-large\"><img decoding=\"async\" width=\"400\" height=\"268\" data-id=\"1124\" src=\"https:\/\/www.lasagadesgares.be\/wordpress\/wp-content\/uploads\/2025\/09\/Quaregnon_Monsville_ravel.jpg\" alt=\"\" class=\"wp-image-1124\" srcset=\"https:\/\/www.lasagadesgares.be\/wordpress\/wp-content\/uploads\/2025\/09\/Quaregnon_Monsville_ravel.jpg 400w, https:\/\/www.lasagadesgares.be\/wordpress\/wp-content\/uploads\/2025\/09\/Quaregnon_Monsville_ravel-300x201.jpg 300w, https:\/\/www.lasagadesgares.be\/wordpress\/wp-content\/uploads\/2025\/09\/Quaregnon_Monsville_ravel-1x1.jpg 1w\" sizes=\"(max-width: 400px) 100vw, 400px\" \/><figcaption class=\"wp-element-caption\">La gare de Quaregnon-Monsville o\u00f9 le Ravel d&rsquo;aujourd&rsquo;hui a remplac\u00e9 les voies d&rsquo;hier.<\/figcaption><\/figure>\n<\/figure>\n\n\n\n<p><\/p>\n","protected":false},"excerpt":{"rendered":"<p>La gare de Monsville est situ\u00e9e \u00e0 Quaregnon dans le quartier \u00e9ponyme. Mise en service en 1864, le b\u00e2timent est dot\u00e9 d\u2019un \u00e9tage au-dessus de la partie centrale et d\u2019une habitation s\u00e9par\u00e9e \u00e0 l\u2019usage du chef de gare. Point de jonction avec le chemin de fer du Haut et Bas Fl\u00e9nu, la gare de Monsville [&hellip;]<\/p>\n","protected":false},"author":1,"featured_media":1121,"comment_status":"closed","ping_status":"open","sticky":false,"template":"","format":"standard","meta":{"footnotes":""},"categories":[17],"tags":[],"class_list":["post-1119","post","type-post","status-publish","format-standard","has-post-thumbnail","hentry","category-ligne-098c-102"],"_links":{"self":[{"href":"https:\/\/www.lasagadesgares.be\/wordpress\/wp-json\/wp\/v2\/posts\/1119","targetHints":{"allow":["GET"]}}],"collection":[{"href":"https:\/\/www.lasagadesgares.be\/wordpress\/wp-json\/wp\/v2\/posts"}],"about":[{"href":"https:\/\/www.lasagadesgares.be\/wordpress\/wp-json\/wp\/v2\/types\/post"}],"author":[{"embeddable":true,"href":"https:\/\/www.lasagadesgares.be\/wordpress\/wp-json\/wp\/v2\/users\/1"}],"replies":[{"embeddable":true,"href":"https:\/\/www.lasagadesgares.be\/wordpress\/wp-json\/wp\/v2\/comments?post=1119"}],"version-history":[{"count":4,"href":"https:\/\/www.lasagadesgares.be\/wordpress\/wp-json\/wp\/v2\/posts\/1119\/revisions"}],"predecessor-version":[{"id":5675,"href":"https:\/\/www.lasagadesgares.be\/wordpress\/wp-json\/wp\/v2\/posts\/1119\/revisions\/5675"}],"wp:featuredmedia":[{"embeddable":true,"href":"https:\/\/www.lasagadesgares.be\/wordpress\/wp-json\/wp\/v2\/media\/1121"}],"wp:attachment":[{"href":"https:\/\/www.lasagadesgares.be\/wordpress\/wp-json\/wp\/v2\/media?parent=1119"}],"wp:term":[{"taxonomy":"category","embeddable":true,"href":"https:\/\/www.lasagadesgares.be\/wordpress\/wp-json\/wp\/v2\/categories?post=1119"},{"taxonomy":"post_tag","embeddable":true,"href":"https:\/\/www.lasagadesgares.be\/wordpress\/wp-json\/wp\/v2\/tags?post=1119"}],"curies":[{"name":"wp","href":"https:\/\/api.w.org\/{rel}","templated":true}]}}