{"id":1112,"date":"2025-09-23T10:56:43","date_gmt":"2025-09-23T08:56:43","guid":{"rendered":"https:\/\/www.lasagadesgares.be\/wordpress\/?p=1112"},"modified":"2025-11-11T22:40:55","modified_gmt":"2025-11-11T21:40:55","slug":"quaregnon","status":"publish","type":"post","link":"https:\/\/www.lasagadesgares.be\/wordpress\/quaregnon\/","title":{"rendered":"Gare de Quaregnon"},"content":{"rendered":"\n<p>Situ\u00e9e sur la L 97, la station de Quaregnon a connu les deux appellations :\u00a0\u00bbQuaregnon\u00a0\u00bb au tout d\u00e9but au moment d&rsquo;un premier point d&rsquo;arr\u00eat install\u00e9 sur La ligne du Midi inaugur\u00e9e le 7\/8\/1842 (Mons &#8211; Qui\u00e9vrain &#8211; Valenciennes &#8211; Paris). La seconde appellation \u00ab\u00a0Quaregnon-Wasmu\u00ebl\u00a0\u00bb en 1877, \u00e0 l&rsquo;aube de la construction de la premi\u00e8re gare de 4\u00e8me classe pour voyageurs le 16\/03\/1878. Retour \u00e0 son appellation du d\u00e9part apr\u00e8s fusion des communes en 1977.<br>La gare \u00e9rig\u00e9e \u00e9tait de style classique de l\u2019Etat : Un b\u00e2timent principal \u00e0 \u00e9tage, deux ailes lat\u00e9rales, sur la droite, c\u00f4t\u00e9 Jemappes, les latrines et apr\u00e8s le Passage \u00e0 Niveau (PN 112) une cabine de signalisation (Block 27). C\u00f4t\u00e9 Saint Ghislain : Un hangar et une cour \u00e0 marchandises avec rampe. (aujourd\u2019hui parking). Un raccordement menant \u00e0 la Verrerie Saint Antoine et \u00e0 l\u2019Usine \u00e0 gaz de Wasmu\u00ebl en passant \u00e0 la \u00ab Baille Tchantcha \u00bb et le tailleur de pierres Gilbert.<br>Lors de l\u2019\u00e9lectrification de 1963, les PN 112 \u00ab rue Paul Pastur \u00bb et PN 114 \u00ab Baille Tchanctha \u00bb sont remplac\u00e9s par des passages sous voies pour pi\u00e9tons.<br>Le tram de la ligne 5 (Baudour-Quaregnon-P\u00e2turages) ne passait plus le PN Paul Pastur depuis le 25-5-1963.<br>En 1976\/77, les b\u00e2timents anciens sont d\u00e9truits, remplac\u00e9s par une nouvelle construction inaugur\u00e9e en 1978.<br>Le guichet voyageurs est ferm\u00e9 le 28\/6\/2013, sur le quai n\u00b01 un distributeur automatique de tickets est install\u00e9.<\/p>\n\n\n\n<figure class=\"wp-block-gallery has-nested-images columns-default is-cropped wp-block-gallery-1 is-layout-flex wp-block-gallery-is-layout-flex\">\n<figure class=\"wp-block-image size-large\"><img fetchpriority=\"high\" decoding=\"async\" width=\"400\" height=\"300\" data-id=\"1115\" src=\"https:\/\/www.lasagadesgares.be\/wordpress\/wp-content\/uploads\/2025\/09\/467522057_10231827320938603_7471510505694473515_n.jpg\" alt=\"\" class=\"wp-image-1115\" srcset=\"https:\/\/www.lasagadesgares.be\/wordpress\/wp-content\/uploads\/2025\/09\/467522057_10231827320938603_7471510505694473515_n.jpg 400w, https:\/\/www.lasagadesgares.be\/wordpress\/wp-content\/uploads\/2025\/09\/467522057_10231827320938603_7471510505694473515_n-300x225.jpg 300w, https:\/\/www.lasagadesgares.be\/wordpress\/wp-content\/uploads\/2025\/09\/467522057_10231827320938603_7471510505694473515_n-1x1.jpg 1w\" sizes=\"(max-width: 400px) 100vw, 400px\" \/><\/figure>\n\n\n\n<figure class=\"wp-block-image size-large\"><img decoding=\"async\" width=\"400\" height=\"260\" data-id=\"1116\" src=\"https:\/\/www.lasagadesgares.be\/wordpress\/wp-content\/uploads\/2025\/09\/467658912_10231827310058331_232622208075041285_n.jpg\" alt=\"\" class=\"wp-image-1116\" srcset=\"https:\/\/www.lasagadesgares.be\/wordpress\/wp-content\/uploads\/2025\/09\/467658912_10231827310058331_232622208075041285_n.jpg 400w, https:\/\/www.lasagadesgares.be\/wordpress\/wp-content\/uploads\/2025\/09\/467658912_10231827310058331_232622208075041285_n-300x195.jpg 300w, https:\/\/www.lasagadesgares.be\/wordpress\/wp-content\/uploads\/2025\/09\/467658912_10231827310058331_232622208075041285_n-1x1.jpg 1w\" sizes=\"(max-width: 400px) 100vw, 400px\" \/><\/figure>\n\n\n\n<figure class=\"wp-block-image size-large\"><img decoding=\"async\" width=\"400\" height=\"257\" data-id=\"1114\" src=\"https:\/\/www.lasagadesgares.be\/wordpress\/wp-content\/uploads\/2025\/09\/467708314_10231827310138333_2794423605763115382_n.jpg\" alt=\"\" class=\"wp-image-1114\" srcset=\"https:\/\/www.lasagadesgares.be\/wordpress\/wp-content\/uploads\/2025\/09\/467708314_10231827310138333_2794423605763115382_n.jpg 400w, https:\/\/www.lasagadesgares.be\/wordpress\/wp-content\/uploads\/2025\/09\/467708314_10231827310138333_2794423605763115382_n-300x193.jpg 300w, https:\/\/www.lasagadesgares.be\/wordpress\/wp-content\/uploads\/2025\/09\/467708314_10231827310138333_2794423605763115382_n-1x1.jpg 1w\" sizes=\"(max-width: 400px) 100vw, 400px\" \/><\/figure>\n\n\n\n<figure class=\"wp-block-image size-large\"><img loading=\"lazy\" decoding=\"async\" width=\"400\" height=\"273\" data-id=\"1113\" src=\"https:\/\/www.lasagadesgares.be\/wordpress\/wp-content\/uploads\/2025\/09\/467712820_10231827310018330_4627129846315737228_n.jpg\" alt=\"\" class=\"wp-image-1113\" srcset=\"https:\/\/www.lasagadesgares.be\/wordpress\/wp-content\/uploads\/2025\/09\/467712820_10231827310018330_4627129846315737228_n.jpg 400w, https:\/\/www.lasagadesgares.be\/wordpress\/wp-content\/uploads\/2025\/09\/467712820_10231827310018330_4627129846315737228_n-300x205.jpg 300w, https:\/\/www.lasagadesgares.be\/wordpress\/wp-content\/uploads\/2025\/09\/467712820_10231827310018330_4627129846315737228_n-1x1.jpg 1w\" sizes=\"(max-width: 400px) 100vw, 400px\" \/><\/figure>\n\n\n\n<figure class=\"wp-block-image size-large\"><img loading=\"lazy\" decoding=\"async\" width=\"400\" height=\"270\" data-id=\"1117\" src=\"https:\/\/www.lasagadesgares.be\/wordpress\/wp-content\/uploads\/2025\/09\/quaregnon_wasmuel_ancienne_gare.jpg\" alt=\"\" class=\"wp-image-1117\" srcset=\"https:\/\/www.lasagadesgares.be\/wordpress\/wp-content\/uploads\/2025\/09\/quaregnon_wasmuel_ancienne_gare.jpg 400w, https:\/\/www.lasagadesgares.be\/wordpress\/wp-content\/uploads\/2025\/09\/quaregnon_wasmuel_ancienne_gare-300x203.jpg 300w, https:\/\/www.lasagadesgares.be\/wordpress\/wp-content\/uploads\/2025\/09\/quaregnon_wasmuel_ancienne_gare-1x1.jpg 1w\" sizes=\"(max-width: 400px) 100vw, 400px\" \/><figcaption class=\"wp-element-caption\">La premi\u00e8re gare de Quaregnon a \u00e9t\u00e9 construite en 1878&#8230; 100 ans plus tard, le b\u00e2timent actuel, pr\u00e9fabriqu\u00e9, rempla\u00e7ait l&rsquo;ancienne construction monumentale.<\/figcaption><\/figure>\n<\/figure>\n","protected":false},"excerpt":{"rendered":"<p>Situ\u00e9e sur la L 97, la station de Quaregnon a connu les deux appellations :\u00a0\u00bbQuaregnon\u00a0\u00bb au tout d\u00e9but au moment d&rsquo;un premier point d&rsquo;arr\u00eat install\u00e9 sur La ligne du Midi inaugur\u00e9e le 7\/8\/1842 (Mons &#8211; Qui\u00e9vrain &#8211; Valenciennes &#8211; Paris). La seconde appellation \u00ab\u00a0Quaregnon-Wasmu\u00ebl\u00a0\u00bb en 1877, \u00e0 l&rsquo;aube de la construction de la premi\u00e8re gare [&hellip;]<\/p>\n","protected":false},"author":1,"featured_media":1116,"comment_status":"closed","ping_status":"open","sticky":false,"template":"","format":"standard","meta":{"footnotes":""},"categories":[7],"tags":[],"class_list":["post-1112","post","type-post","status-publish","format-standard","has-post-thumbnail","hentry","category-ligne-097"],"_links":{"self":[{"href":"https:\/\/www.lasagadesgares.be\/wordpress\/wp-json\/wp\/v2\/posts\/1112","targetHints":{"allow":["GET"]}}],"collection":[{"href":"https:\/\/www.lasagadesgares.be\/wordpress\/wp-json\/wp\/v2\/posts"}],"about":[{"href":"https:\/\/www.lasagadesgares.be\/wordpress\/wp-json\/wp\/v2\/types\/post"}],"author":[{"embeddable":true,"href":"https:\/\/www.lasagadesgares.be\/wordpress\/wp-json\/wp\/v2\/users\/1"}],"replies":[{"embeddable":true,"href":"https:\/\/www.lasagadesgares.be\/wordpress\/wp-json\/wp\/v2\/comments?post=1112"}],"version-history":[{"count":2,"href":"https:\/\/www.lasagadesgares.be\/wordpress\/wp-json\/wp\/v2\/posts\/1112\/revisions"}],"predecessor-version":[{"id":2213,"href":"https:\/\/www.lasagadesgares.be\/wordpress\/wp-json\/wp\/v2\/posts\/1112\/revisions\/2213"}],"wp:featuredmedia":[{"embeddable":true,"href":"https:\/\/www.lasagadesgares.be\/wordpress\/wp-json\/wp\/v2\/media\/1116"}],"wp:attachment":[{"href":"https:\/\/www.lasagadesgares.be\/wordpress\/wp-json\/wp\/v2\/media?parent=1112"}],"wp:term":[{"taxonomy":"category","embeddable":true,"href":"https:\/\/www.lasagadesgares.be\/wordpress\/wp-json\/wp\/v2\/categories?post=1112"},{"taxonomy":"post_tag","embeddable":true,"href":"https:\/\/www.lasagadesgares.be\/wordpress\/wp-json\/wp\/v2\/tags?post=1112"}],"curies":[{"name":"wp","href":"https:\/\/api.w.org\/{rel}","templated":true}]}}