{"id":1041,"date":"2025-09-09T15:18:43","date_gmt":"2025-09-09T13:18:43","guid":{"rendered":"https:\/\/www.lasagadesgares.be\/wordpress\/?p=1041"},"modified":"2025-11-11T22:41:45","modified_gmt":"2025-11-11T21:41:45","slug":"quievrain","status":"publish","type":"post","link":"https:\/\/www.lasagadesgares.be\/wordpress\/quievrain\/","title":{"rendered":"La gare de Qui\u00e9vrain"},"content":{"rendered":"\n<p>Nous sommes sur la ligne L 97. Derni\u00e8re gare belge sur la ligne du Midi, la gare de Qui\u00e9vrain a \u00e9t\u00e9 raccord\u00e9e au r\u00e9seau fran\u00e7ais le 14 novembre 1842 suite \u00e0 l\u2019ouverture du tron\u00e7on Qui\u00e9vrain \u2013 Blanc-Misseron.<br>D\u00e8s 1846, une liaison Bruxelles \u2013 Paris via Douai et Arras est assur\u00e9e par 4 trains internationaux quotidiens.<br>Une premi\u00e8re gare provisoire, en bois, est \u00e9tablie la m\u00eame ann\u00e9e. Elle sera remplac\u00e9e en 1866 par un imposant b\u00e2timent \u00e0 l\u2019architecture typique abritant tous les services du chemin de fer, un buffet et un bureau de t\u00e9l\u00e9graphe et de t\u00e9l\u00e9phone. La partie c\u00f4t\u00e9 France \u00e9tait occup\u00e9e par le service des douanes et la police des fronti\u00e8res.<br>Outre le trafic international, les industries locales vont g\u00e9n\u00e9rer une importante activit\u00e9. La gare sera \u00e9quip\u00e9e de 3 hangars pour les marchandises, d\u2019un quai de chargement, d\u2019une plaque tournante, d\u2019une remise pour les locomotives \u00e0 vapeur, d\u2019un atelier pour la r\u00e9paration des wagons et d\u2019un ch\u00e2teau d\u2019eau. La s\u00e9curit\u00e9 des circulations \u00e9tait assur\u00e9e par 2 cabines de signalisation, le B32 avec b\u00e2ti Siemens c\u00f4t\u00e9 Saint-Ghislain et le B33 avec b\u00e2ti Saxby c\u00f4t\u00e9 France.<br>Le trafic international des voyageurs va conna\u00eetre un lent d\u00e9clin \u00e0 partir de 1940, l\u2019itin\u00e9raire vers Paris via Qu\u00e9vy et Saint-Quentin \u00e9tant privil\u00e9gi\u00e9. La relation vers Blanc-Misseron sera supprim\u00e9e le 29 mars 1976. La ligne 98 en provenance de Dour et Elouges avait \u00e9t\u00e9 ferm\u00e9e le 13 ao\u00fbt 1961.<br>Pour le trafic des marchandises, le point fronti\u00e8re sera ferm\u00e9 le 15 avril 1992. Le trafic local avait d\u00e9j\u00e0 cess\u00e9 pr\u00e9c\u00e9demment y compris pour les pigeons voyageurs qui, achemin\u00e9s par wagons, \u00e9taient l\u00e2ch\u00e9s sur la cour aux marchandises.<br>Aujourd\u2019hui seule subsiste la ligne 97 qui relie Qui\u00e9vrain \u00e0 Bruxelles les jours de la semaine et \u00e0 Mons le week-end. Le vaste b\u00e2timent de la gare est \u00e0 l\u2019abandon, le personnel a \u00e9t\u00e9 remplac\u00e9 par un automate pour la d\u00e9livrance des titres de transport.<br>Un r\u00e9tablissement de la liaison avec la France pour le fret fut longtemps \u00e0 l\u2019\u00e9tude. Vainement.<\/p>\n\n\n\n<figure class=\"wp-block-gallery has-nested-images columns-default is-cropped wp-block-gallery-1 is-layout-flex wp-block-gallery-is-layout-flex\">\n<figure class=\"wp-block-image size-large\"><a href=\"https:\/\/www.lasagadesgares.be\/wordpress\/wp-content\/uploads\/2025\/09\/38223055_10215274122198980_7607373304491409408_n.jpg\"><img decoding=\"async\" width=\"400\" height=\"110\" data-id=\"1046\" src=\"https:\/\/www.lasagadesgares.be\/wordpress\/wp-content\/uploads\/2025\/09\/38223055_10215274122198980_7607373304491409408_n.jpg\" alt=\"\" class=\"wp-image-1046\" srcset=\"https:\/\/www.lasagadesgares.be\/wordpress\/wp-content\/uploads\/2025\/09\/38223055_10215274122198980_7607373304491409408_n.jpg 400w, https:\/\/www.lasagadesgares.be\/wordpress\/wp-content\/uploads\/2025\/09\/38223055_10215274122198980_7607373304491409408_n-300x83.jpg 300w, https:\/\/www.lasagadesgares.be\/wordpress\/wp-content\/uploads\/2025\/09\/38223055_10215274122198980_7607373304491409408_n-1x1.jpg 1w\" sizes=\"(max-width: 400px) 100vw, 400px\" \/><\/a><\/figure>\n\n\n\n<figure class=\"wp-block-image size-large\"><a href=\"https:\/\/www.lasagadesgares.be\/wordpress\/wp-content\/uploads\/2025\/09\/38049945_10215274135559314_7910670318543306752_n.jpg\"><img fetchpriority=\"high\" decoding=\"async\" width=\"400\" height=\"258\" data-id=\"1042\" src=\"https:\/\/www.lasagadesgares.be\/wordpress\/wp-content\/uploads\/2025\/09\/38049945_10215274135559314_7910670318543306752_n.jpg\" alt=\"\" class=\"wp-image-1042\" srcset=\"https:\/\/www.lasagadesgares.be\/wordpress\/wp-content\/uploads\/2025\/09\/38049945_10215274135559314_7910670318543306752_n.jpg 400w, https:\/\/www.lasagadesgares.be\/wordpress\/wp-content\/uploads\/2025\/09\/38049945_10215274135559314_7910670318543306752_n-300x194.jpg 300w, https:\/\/www.lasagadesgares.be\/wordpress\/wp-content\/uploads\/2025\/09\/38049945_10215274135559314_7910670318543306752_n-1x1.jpg 1w\" sizes=\"(max-width: 400px) 100vw, 400px\" \/><\/a><\/figure>\n\n\n\n<figure class=\"wp-block-image size-large\"><img decoding=\"async\" width=\"400\" height=\"249\" data-id=\"1043\" src=\"https:\/\/www.lasagadesgares.be\/wordpress\/wp-content\/uploads\/2025\/09\/38060865_10215274103678517_7257451023122300928_n.jpg\" alt=\"\" class=\"wp-image-1043\" srcset=\"https:\/\/www.lasagadesgares.be\/wordpress\/wp-content\/uploads\/2025\/09\/38060865_10215274103678517_7257451023122300928_n.jpg 400w, https:\/\/www.lasagadesgares.be\/wordpress\/wp-content\/uploads\/2025\/09\/38060865_10215274103678517_7257451023122300928_n-300x187.jpg 300w, https:\/\/www.lasagadesgares.be\/wordpress\/wp-content\/uploads\/2025\/09\/38060865_10215274103678517_7257451023122300928_n-1x1.jpg 1w\" sizes=\"(max-width: 400px) 100vw, 400px\" \/><\/figure>\n\n\n\n<figure class=\"wp-block-image size-large\"><a href=\"https:\/\/www.lasagadesgares.be\/wordpress\/wp-content\/uploads\/2025\/09\/83182031_10219509314876150_6401118236032630784_n.jpg\"><img loading=\"lazy\" decoding=\"async\" width=\"374\" height=\"400\" data-id=\"1047\" src=\"https:\/\/www.lasagadesgares.be\/wordpress\/wp-content\/uploads\/2025\/09\/83182031_10219509314876150_6401118236032630784_n.jpg\" alt=\"\" class=\"wp-image-1047\" srcset=\"https:\/\/www.lasagadesgares.be\/wordpress\/wp-content\/uploads\/2025\/09\/83182031_10219509314876150_6401118236032630784_n.jpg 374w, https:\/\/www.lasagadesgares.be\/wordpress\/wp-content\/uploads\/2025\/09\/83182031_10219509314876150_6401118236032630784_n-281x300.jpg 281w, https:\/\/www.lasagadesgares.be\/wordpress\/wp-content\/uploads\/2025\/09\/83182031_10219509314876150_6401118236032630784_n-1x1.jpg 1w\" sizes=\"(max-width: 374px) 100vw, 374px\" \/><\/a><\/figure>\n<\/figure>\n\n\n\n<blockquote class=\"wp-block-quote is-layout-flow wp-block-quote-is-layout-flow\">\n<p><em>Le point fronti\u00e8re de Qui\u00e9vrain \u2013 Blanc-Misseron a \u00e9t\u00e9 ouvert le 14 novembre 1842, \u00e9tablissant ainsi une liaison internationale entre la Belgique et la France (ligne du Midi). D\u00e8s 1846, 4 trains quotidiens circuleront entre Bruxelles et Paris via Valenciennes. Par la suite l\u2019itin\u00e9raire via Qu\u00e9vy \u2013 Feignies sera privil\u00e9gi\u00e9 pour les trains directs.<br>Le service voyageurs international sera supprim\u00e9 en 1954. Toutefois, 3 allers-retours quotidiens entre Qui\u00e9vrain et Blanc-Misseron, assur\u00e9s par les autorails de la SNCB, subsisteront jusqu\u2019au 29 mars 1976. Les trains de marchandises continueront de circuler jusqu\u2019au 15 avril 1992.<br>Que reste t\u2019il pour le 175\u00e8me anniversaire ? C\u00f4t\u00e9 fran\u00e7ais le signal limite SNCB\/SNCF est toujours en place le long de la voie recouverte par la v\u00e9g\u00e9tation. A Qui\u00e9vrain, sur la voie vers la France, seules subsistent les traverses, les rails ayant \u00e9t\u00e9 retir\u00e9s en 2016.<\/em><\/p>\n<\/blockquote>\n\n\n\n<figure class=\"wp-block-gallery has-nested-images columns-default is-cropped wp-block-gallery-2 is-layout-flex wp-block-gallery-is-layout-flex\">\n<figure class=\"wp-block-image size-large\"><a href=\"https:\/\/www.lasagadesgares.be\/wordpress\/wp-content\/uploads\/2025\/09\/38061935_10215274142799495_3422351939998842880_n.jpg\"><img loading=\"lazy\" decoding=\"async\" width=\"400\" height=\"308\" data-id=\"1044\" src=\"https:\/\/www.lasagadesgares.be\/wordpress\/wp-content\/uploads\/2025\/09\/38061935_10215274142799495_3422351939998842880_n.jpg\" alt=\"\" class=\"wp-image-1044\" srcset=\"https:\/\/www.lasagadesgares.be\/wordpress\/wp-content\/uploads\/2025\/09\/38061935_10215274142799495_3422351939998842880_n.jpg 400w, https:\/\/www.lasagadesgares.be\/wordpress\/wp-content\/uploads\/2025\/09\/38061935_10215274142799495_3422351939998842880_n-300x231.jpg 300w, https:\/\/www.lasagadesgares.be\/wordpress\/wp-content\/uploads\/2025\/09\/38061935_10215274142799495_3422351939998842880_n-1x1.jpg 1w\" sizes=\"(max-width: 400px) 100vw, 400px\" \/><\/a><\/figure>\n\n\n\n<figure class=\"wp-block-image size-large\"><a href=\"https:\/\/www.lasagadesgares.be\/wordpress\/wp-content\/uploads\/2025\/09\/38213619_10215274144279532_2664364562433703936_n.jpg\"><img loading=\"lazy\" decoding=\"async\" width=\"400\" height=\"244\" data-id=\"1045\" src=\"https:\/\/www.lasagadesgares.be\/wordpress\/wp-content\/uploads\/2025\/09\/38213619_10215274144279532_2664364562433703936_n.jpg\" alt=\"\" class=\"wp-image-1045\" srcset=\"https:\/\/www.lasagadesgares.be\/wordpress\/wp-content\/uploads\/2025\/09\/38213619_10215274144279532_2664364562433703936_n.jpg 400w, https:\/\/www.lasagadesgares.be\/wordpress\/wp-content\/uploads\/2025\/09\/38213619_10215274144279532_2664364562433703936_n-300x183.jpg 300w, https:\/\/www.lasagadesgares.be\/wordpress\/wp-content\/uploads\/2025\/09\/38213619_10215274144279532_2664364562433703936_n-1x1.jpg 1w\" sizes=\"(max-width: 400px) 100vw, 400px\" \/><\/a><\/figure>\n\n\n\n<figure class=\"wp-block-image size-large\"><a href=\"https:\/\/www.lasagadesgares.be\/wordpress\/wp-content\/uploads\/2025\/09\/467816150_10231919261517060_4580488986068372118_n.jpg\"><img loading=\"lazy\" decoding=\"async\" width=\"300\" height=\"400\" data-id=\"1048\" src=\"https:\/\/www.lasagadesgares.be\/wordpress\/wp-content\/uploads\/2025\/09\/467816150_10231919261517060_4580488986068372118_n.jpg\" alt=\"\" class=\"wp-image-1048\" srcset=\"https:\/\/www.lasagadesgares.be\/wordpress\/wp-content\/uploads\/2025\/09\/467816150_10231919261517060_4580488986068372118_n.jpg 300w, https:\/\/www.lasagadesgares.be\/wordpress\/wp-content\/uploads\/2025\/09\/467816150_10231919261517060_4580488986068372118_n-225x300.jpg 225w, https:\/\/www.lasagadesgares.be\/wordpress\/wp-content\/uploads\/2025\/09\/467816150_10231919261517060_4580488986068372118_n-1x1.jpg 1w\" sizes=\"(max-width: 300px) 100vw, 300px\" \/><\/a><\/figure>\n\n\n\n<figure class=\"wp-block-image size-large\"><a href=\"https:\/\/www.lasagadesgares.be\/wordpress\/wp-content\/uploads\/2025\/09\/467902148_10231919261637063_6993824570034274372_n.jpg\"><img loading=\"lazy\" decoding=\"async\" width=\"400\" height=\"291\" data-id=\"1049\" src=\"https:\/\/www.lasagadesgares.be\/wordpress\/wp-content\/uploads\/2025\/09\/467902148_10231919261637063_6993824570034274372_n.jpg\" alt=\"\" class=\"wp-image-1049\" srcset=\"https:\/\/www.lasagadesgares.be\/wordpress\/wp-content\/uploads\/2025\/09\/467902148_10231919261637063_6993824570034274372_n.jpg 400w, https:\/\/www.lasagadesgares.be\/wordpress\/wp-content\/uploads\/2025\/09\/467902148_10231919261637063_6993824570034274372_n-300x218.jpg 300w, https:\/\/www.lasagadesgares.be\/wordpress\/wp-content\/uploads\/2025\/09\/467902148_10231919261637063_6993824570034274372_n-1x1.jpg 1w\" sizes=\"(max-width: 400px) 100vw, 400px\" \/><\/a><\/figure>\n\n\n\n<figure class=\"wp-block-image size-large\"><a href=\"https:\/\/www.lasagadesgares.be\/wordpress\/wp-content\/uploads\/2025\/09\/block33_quievrain_10sept1994.jpg\"><img loading=\"lazy\" decoding=\"async\" width=\"400\" height=\"272\" data-id=\"1050\" src=\"https:\/\/www.lasagadesgares.be\/wordpress\/wp-content\/uploads\/2025\/09\/block33_quievrain_10sept1994.jpg\" alt=\"\" class=\"wp-image-1050\" srcset=\"https:\/\/www.lasagadesgares.be\/wordpress\/wp-content\/uploads\/2025\/09\/block33_quievrain_10sept1994.jpg 400w, https:\/\/www.lasagadesgares.be\/wordpress\/wp-content\/uploads\/2025\/09\/block33_quievrain_10sept1994-300x204.jpg 300w, https:\/\/www.lasagadesgares.be\/wordpress\/wp-content\/uploads\/2025\/09\/block33_quievrain_10sept1994-1x1.jpg 1w\" sizes=\"(max-width: 400px) 100vw, 400px\" \/><\/a><\/figure>\n<\/figure>\n","protected":false},"excerpt":{"rendered":"<p>Nous sommes sur la ligne L 97. Derni\u00e8re gare belge sur la ligne du Midi, la gare de Qui\u00e9vrain a \u00e9t\u00e9 raccord\u00e9e au r\u00e9seau fran\u00e7ais le 14 novembre 1842 suite \u00e0 l\u2019ouverture du tron\u00e7on Qui\u00e9vrain \u2013 Blanc-Misseron.D\u00e8s 1846, une liaison Bruxelles \u2013 Paris via Douai et Arras est assur\u00e9e par 4 trains internationaux quotidiens.Une premi\u00e8re [&hellip;]<\/p>\n","protected":false},"author":1,"featured_media":1042,"comment_status":"closed","ping_status":"open","sticky":false,"template":"","format":"standard","meta":{"footnotes":""},"categories":[7],"tags":[],"class_list":["post-1041","post","type-post","status-publish","format-standard","has-post-thumbnail","hentry","category-ligne-097"],"_links":{"self":[{"href":"https:\/\/www.lasagadesgares.be\/wordpress\/wp-json\/wp\/v2\/posts\/1041","targetHints":{"allow":["GET"]}}],"collection":[{"href":"https:\/\/www.lasagadesgares.be\/wordpress\/wp-json\/wp\/v2\/posts"}],"about":[{"href":"https:\/\/www.lasagadesgares.be\/wordpress\/wp-json\/wp\/v2\/types\/post"}],"author":[{"embeddable":true,"href":"https:\/\/www.lasagadesgares.be\/wordpress\/wp-json\/wp\/v2\/users\/1"}],"replies":[{"embeddable":true,"href":"https:\/\/www.lasagadesgares.be\/wordpress\/wp-json\/wp\/v2\/comments?post=1041"}],"version-history":[{"count":1,"href":"https:\/\/www.lasagadesgares.be\/wordpress\/wp-json\/wp\/v2\/posts\/1041\/revisions"}],"predecessor-version":[{"id":1051,"href":"https:\/\/www.lasagadesgares.be\/wordpress\/wp-json\/wp\/v2\/posts\/1041\/revisions\/1051"}],"wp:featuredmedia":[{"embeddable":true,"href":"https:\/\/www.lasagadesgares.be\/wordpress\/wp-json\/wp\/v2\/media\/1042"}],"wp:attachment":[{"href":"https:\/\/www.lasagadesgares.be\/wordpress\/wp-json\/wp\/v2\/media?parent=1041"}],"wp:term":[{"taxonomy":"category","embeddable":true,"href":"https:\/\/www.lasagadesgares.be\/wordpress\/wp-json\/wp\/v2\/categories?post=1041"},{"taxonomy":"post_tag","embeddable":true,"href":"https:\/\/www.lasagadesgares.be\/wordpress\/wp-json\/wp\/v2\/tags?post=1041"}],"curies":[{"name":"wp","href":"https:\/\/api.w.org\/{rel}","templated":true}]}}