{"id":1015,"date":"2025-09-09T14:02:59","date_gmt":"2025-09-09T12:02:59","guid":{"rendered":"https:\/\/www.lasagadesgares.be\/wordpress\/?p=1015"},"modified":"2025-12-20T23:36:09","modified_gmt":"2025-12-20T22:36:09","slug":"flenu-produits","status":"publish","type":"post","link":"https:\/\/www.lasagadesgares.be\/wordpress\/flenu-produits\/","title":{"rendered":"La gare de Fl\u00e9nu-Produits"},"content":{"rendered":"\n<p>La gare de Fl\u00e9nu-Produits \u00e9tait le point de jonction des lignes 102 (98C) Saint-Ghislain- Frameries et 98 Saint-Ghislain \u2013 Mons via P\u00e2turages. Un embranchement la reliait \u00e0 Fl\u00e9nu-Central pour le trafic charbonnier.<br>Trois raccordements desservaient les Charbonnages du Levant, la Soci\u00e9t\u00e9 Charbonni\u00e8re des Produits et le Charbonnage de Crachet-Picquery.<br>Le b\u00e2timent de la gare fut construit vers 1870. L\u2019ensemble harmonieux comportait une construction principale \u00e0 un \u00e9tage encadr\u00e9e de deux ailes basses. Il est toujours en place de nos jours et affect\u00e9 \u00e0 un usage priv\u00e9.<br>Le Block 10, situ\u00e9 dans le bureau des recettes, commandait le passage \u00e0 niveau et la signalisation m\u00e9canique \u00e0 deux positions. Comme pour les autres gares des lignes 98 et 98C, la fin du charbon engendra le d\u00e9clin de Fl\u00e9nu-Produits.<br>Le trafic voyageur a \u00e9t\u00e9 supprim\u00e9 d\u00e8s 1935 sur la ligne 98C et a progressivement diminu\u00e9 sur la ligne 98 pour \u00eatre d\u00e9finitivement supprim\u00e9 le 1er juin 1984. Pour les marchandises, le train caboteur journalier Saint-Ghislain \u2013 Frameries circulera via la ligne 98C jusqu\u2019au 3 juin 1984. Apr\u00e8s cette date le plan des voies sera modifi\u00e9 afin de raccorder la voie vers Frameries \u00e0 la ligne 98. L\u2019acc\u00e8s \u00e0 Fl\u00e9nu-Central ainsi que la voie de la ligne 98C vers Saint-Ghislain \u00e9tant mis hors service.<br>Le dernier train de marchandises circulera le 21 octobre 1987. Aujourd\u2019hui les Ravels des lignes 98 et 98C se rejoignent \u00e0 Fl\u00e9nu-Produits.<\/p>\n\n\n\n<figure class=\"wp-block-gallery has-nested-images columns-default is-cropped wp-block-gallery-1 is-layout-flex wp-block-gallery-is-layout-flex\">\n<figure class=\"wp-block-image size-large\"><a href=\"https:\/\/www.lasagadesgares.be\/wordpress\/wp-content\/uploads\/2025\/09\/P1010002.jpg\"><img fetchpriority=\"high\" decoding=\"async\" width=\"400\" height=\"299\" data-id=\"1020\" src=\"https:\/\/www.lasagadesgares.be\/wordpress\/wp-content\/uploads\/2025\/09\/P1010002.jpg\" alt=\"\" class=\"wp-image-1020\" srcset=\"https:\/\/www.lasagadesgares.be\/wordpress\/wp-content\/uploads\/2025\/09\/P1010002.jpg 400w, https:\/\/www.lasagadesgares.be\/wordpress\/wp-content\/uploads\/2025\/09\/P1010002-300x224.jpg 300w, https:\/\/www.lasagadesgares.be\/wordpress\/wp-content\/uploads\/2025\/09\/P1010002-1x1.jpg 1w\" sizes=\"(max-width: 400px) 100vw, 400px\" \/><\/a><\/figure>\n\n\n\n<figure class=\"wp-block-image size-large\"><a href=\"https:\/\/www.lasagadesgares.be\/wordpress\/wp-content\/uploads\/2025\/09\/Flenu-Produits_gare_actuelle.jpg\"><img decoding=\"async\" width=\"400\" height=\"299\" data-id=\"1019\" src=\"https:\/\/www.lasagadesgares.be\/wordpress\/wp-content\/uploads\/2025\/09\/Flenu-Produits_gare_actuelle.jpg\" alt=\"\" class=\"wp-image-1019\" srcset=\"https:\/\/www.lasagadesgares.be\/wordpress\/wp-content\/uploads\/2025\/09\/Flenu-Produits_gare_actuelle.jpg 400w, https:\/\/www.lasagadesgares.be\/wordpress\/wp-content\/uploads\/2025\/09\/Flenu-Produits_gare_actuelle-300x224.jpg 300w, https:\/\/www.lasagadesgares.be\/wordpress\/wp-content\/uploads\/2025\/09\/Flenu-Produits_gare_actuelle-1x1.jpg 1w\" sizes=\"(max-width: 400px) 100vw, 400px\" \/><\/a><figcaption class=\"wp-element-caption\">Fl\u00e9nu-Produits: la gare aujourd&rsquo;hui, recycl\u00e9 en habitation et petit magasin d&rsquo;alimentation. C\u00f4t\u00e9 voies&#8230; le RAVeL qui se souvient de l&rsquo;ancienne ligne 98, axiale boraine ferroviaire.<\/figcaption><\/figure>\n\n\n\n<figure class=\"wp-block-image size-large\"><img decoding=\"async\" width=\"400\" height=\"258\" data-id=\"1018\" src=\"https:\/\/www.lasagadesgares.be\/wordpress\/wp-content\/uploads\/2025\/09\/flenu-produits.jpg\" alt=\"\" class=\"wp-image-1018\" srcset=\"https:\/\/www.lasagadesgares.be\/wordpress\/wp-content\/uploads\/2025\/09\/flenu-produits.jpg 400w, https:\/\/www.lasagadesgares.be\/wordpress\/wp-content\/uploads\/2025\/09\/flenu-produits-300x194.jpg 300w, https:\/\/www.lasagadesgares.be\/wordpress\/wp-content\/uploads\/2025\/09\/flenu-produits-1x1.jpg 1w\" sizes=\"(max-width: 400px) 100vw, 400px\" \/><figcaption class=\"wp-element-caption\">La gare de Fl\u00e9nu-Produits a \u00e9t\u00e9 construite par l&rsquo;Etat \u00e0 la fin des ann\u00e9es 1870. On distingue \u00e0 l&rsquo;avant-plan les deux voies de la line 98 de Mons \u00e0 Saint-Ghislain et, sur la droite en parall\u00e8le, le ligne du Haut et Bas-Fl\u00e9nu (Cercle Cartophilie de Mons Borinage).<\/figcaption><\/figure>\n\n\n\n<figure class=\"wp-block-image size-large\"><a href=\"https:\/\/www.lasagadesgares.be\/wordpress\/wp-content\/uploads\/2025\/09\/468011500_10231880754394406_6316067997140492573_n-2.jpg\"><img loading=\"lazy\" decoding=\"async\" width=\"400\" height=\"257\" data-id=\"1017\" src=\"https:\/\/www.lasagadesgares.be\/wordpress\/wp-content\/uploads\/2025\/09\/468011500_10231880754394406_6316067997140492573_n-2.jpg\" alt=\"\" class=\"wp-image-1017\" srcset=\"https:\/\/www.lasagadesgares.be\/wordpress\/wp-content\/uploads\/2025\/09\/468011500_10231880754394406_6316067997140492573_n-2.jpg 400w, https:\/\/www.lasagadesgares.be\/wordpress\/wp-content\/uploads\/2025\/09\/468011500_10231880754394406_6316067997140492573_n-2-300x193.jpg 300w, https:\/\/www.lasagadesgares.be\/wordpress\/wp-content\/uploads\/2025\/09\/468011500_10231880754394406_6316067997140492573_n-2-1x1.jpg 1w\" sizes=\"(max-width: 400px) 100vw, 400px\" \/><\/a><\/figure>\n\n\n\n<figure class=\"wp-block-image size-large\"><a href=\"https:\/\/www.lasagadesgares.be\/wordpress\/wp-content\/uploads\/2025\/09\/467837777_10231880754234402_6315722850893148231_n.jpg\"><img loading=\"lazy\" decoding=\"async\" width=\"400\" height=\"243\" data-id=\"1016\" src=\"https:\/\/www.lasagadesgares.be\/wordpress\/wp-content\/uploads\/2025\/09\/467837777_10231880754234402_6315722850893148231_n.jpg\" alt=\"\" class=\"wp-image-1016\" srcset=\"https:\/\/www.lasagadesgares.be\/wordpress\/wp-content\/uploads\/2025\/09\/467837777_10231880754234402_6315722850893148231_n.jpg 400w, https:\/\/www.lasagadesgares.be\/wordpress\/wp-content\/uploads\/2025\/09\/467837777_10231880754234402_6315722850893148231_n-300x182.jpg 300w, https:\/\/www.lasagadesgares.be\/wordpress\/wp-content\/uploads\/2025\/09\/467837777_10231880754234402_6315722850893148231_n-1x1.jpg 1w\" sizes=\"(max-width: 400px) 100vw, 400px\" \/><\/a><\/figure>\n<\/figure>\n","protected":false},"excerpt":{"rendered":"<p>La gare de Fl\u00e9nu-Produits \u00e9tait le point de jonction des lignes 102 (98C) Saint-Ghislain- Frameries et 98 Saint-Ghislain \u2013 Mons via P\u00e2turages. Un embranchement la reliait \u00e0 Fl\u00e9nu-Central pour le trafic charbonnier.Trois raccordements desservaient les Charbonnages du Levant, la Soci\u00e9t\u00e9 Charbonni\u00e8re des Produits et le Charbonnage de Crachet-Picquery.Le b\u00e2timent de la gare fut construit vers [&hellip;]<\/p>\n","protected":false},"author":1,"featured_media":1016,"comment_status":"closed","ping_status":"open","sticky":false,"template":"","format":"standard","meta":{"footnotes":""},"categories":[15,17,75],"tags":[],"class_list":["post-1015","post","type-post","status-publish","format-standard","has-post-thumbnail","hentry","category-ligne-098","category-ligne-098c-102","category-qrcode"],"_links":{"self":[{"href":"https:\/\/www.lasagadesgares.be\/wordpress\/wp-json\/wp\/v2\/posts\/1015","targetHints":{"allow":["GET"]}}],"collection":[{"href":"https:\/\/www.lasagadesgares.be\/wordpress\/wp-json\/wp\/v2\/posts"}],"about":[{"href":"https:\/\/www.lasagadesgares.be\/wordpress\/wp-json\/wp\/v2\/types\/post"}],"author":[{"embeddable":true,"href":"https:\/\/www.lasagadesgares.be\/wordpress\/wp-json\/wp\/v2\/users\/1"}],"replies":[{"embeddable":true,"href":"https:\/\/www.lasagadesgares.be\/wordpress\/wp-json\/wp\/v2\/comments?post=1015"}],"version-history":[{"count":1,"href":"https:\/\/www.lasagadesgares.be\/wordpress\/wp-json\/wp\/v2\/posts\/1015\/revisions"}],"predecessor-version":[{"id":1021,"href":"https:\/\/www.lasagadesgares.be\/wordpress\/wp-json\/wp\/v2\/posts\/1015\/revisions\/1021"}],"wp:featuredmedia":[{"embeddable":true,"href":"https:\/\/www.lasagadesgares.be\/wordpress\/wp-json\/wp\/v2\/media\/1016"}],"wp:attachment":[{"href":"https:\/\/www.lasagadesgares.be\/wordpress\/wp-json\/wp\/v2\/media?parent=1015"}],"wp:term":[{"taxonomy":"category","embeddable":true,"href":"https:\/\/www.lasagadesgares.be\/wordpress\/wp-json\/wp\/v2\/categories?post=1015"},{"taxonomy":"post_tag","embeddable":true,"href":"https:\/\/www.lasagadesgares.be\/wordpress\/wp-json\/wp\/v2\/tags?post=1015"}],"curies":[{"name":"wp","href":"https:\/\/api.w.org\/{rel}","templated":true}]}}