{"id":1008,"date":"2025-09-07T08:50:16","date_gmt":"2025-09-07T06:50:16","guid":{"rendered":"https:\/\/www.lasagadesgares.be\/wordpress\/?p=1008"},"modified":"2025-11-11T23:04:38","modified_gmt":"2025-11-11T22:04:38","slug":"warquignies-clinique","status":"publish","type":"post","link":"https:\/\/www.lasagadesgares.be\/wordpress\/warquignies-clinique\/","title":{"rendered":"Le point d\u2019arr\u00eat de Warquignies-Clinique"},"content":{"rendered":"\n<p>Etabli \u00e0 Boussu, \u00e0 la bifurcation des branches vers Saint-Ghislain et vers Dour de la ligne 98, un point d\u2019arr\u00eat a \u00e9t\u00e9 ouvert en 1938 \u00e0 proximit\u00e9 du passage \u00e0 niveau de la rue des Chauffours pour desservir la clinique \u00e9ponyme. Le quai \u00e9tait situ\u00e9 le long de la voie vers Dour au pied du talus supportant la ligne industrielle des Charbonnages Unis de l\u2019Ouest de Mons. II \u00e9tait desservi par quelques trains seulement et a \u00e9t\u00e9 ferm\u00e9 le 13 ao\u00fbt 1961. Suite \u00e0 la construction de l\u2019axiale boraine il ne reste aucune trace de la voie vers Dour et de la ligne industrielle. Une maisonnette de garde-barri\u00e8re le long du trac\u00e9 vers Saint-Ghislain, devenu un Ravel, est le seul t\u00e9moin du pass\u00e9 ferroviaire.<\/p>\n\n\n\n<figure class=\"wp-block-gallery has-nested-images columns-default is-cropped wp-block-gallery-1 is-layout-flex wp-block-gallery-is-layout-flex\">\n<figure class=\"wp-block-image size-large\"><a href=\"https:\/\/www.lasagadesgares.be\/wordpress\/wp-content\/uploads\/2025\/09\/468007608_10231960346104149_5818814137841453848_n.jpg\"><img fetchpriority=\"high\" decoding=\"async\" width=\"400\" height=\"261\" data-id=\"1011\" src=\"https:\/\/www.lasagadesgares.be\/wordpress\/wp-content\/uploads\/2025\/09\/468007608_10231960346104149_5818814137841453848_n.jpg\" alt=\"\" class=\"wp-image-1011\" srcset=\"https:\/\/www.lasagadesgares.be\/wordpress\/wp-content\/uploads\/2025\/09\/468007608_10231960346104149_5818814137841453848_n.jpg 400w, https:\/\/www.lasagadesgares.be\/wordpress\/wp-content\/uploads\/2025\/09\/468007608_10231960346104149_5818814137841453848_n-300x196.jpg 300w, https:\/\/www.lasagadesgares.be\/wordpress\/wp-content\/uploads\/2025\/09\/468007608_10231960346104149_5818814137841453848_n-1x1.jpg 1w\" sizes=\"(max-width: 400px) 100vw, 400px\" \/><\/a><figcaption class=\"wp-element-caption\">La quai du point d&rsquo;arr\u00eat<\/figcaption><\/figure>\n\n\n\n<figure class=\"wp-block-image size-large\"><a href=\"https:\/\/www.lasagadesgares.be\/wordpress\/wp-content\/uploads\/2025\/09\/467829116_10231960344744115_2109945807920405088_n.jpg\"><img decoding=\"async\" width=\"400\" height=\"300\" data-id=\"1009\" src=\"https:\/\/www.lasagadesgares.be\/wordpress\/wp-content\/uploads\/2025\/09\/467829116_10231960344744115_2109945807920405088_n.jpg\" alt=\"\" class=\"wp-image-1009\" srcset=\"https:\/\/www.lasagadesgares.be\/wordpress\/wp-content\/uploads\/2025\/09\/467829116_10231960344744115_2109945807920405088_n.jpg 400w, https:\/\/www.lasagadesgares.be\/wordpress\/wp-content\/uploads\/2025\/09\/467829116_10231960344744115_2109945807920405088_n-300x225.jpg 300w, https:\/\/www.lasagadesgares.be\/wordpress\/wp-content\/uploads\/2025\/09\/467829116_10231960344744115_2109945807920405088_n-1x1.jpg 1w\" sizes=\"(max-width: 400px) 100vw, 400px\" \/><\/a><figcaption class=\"wp-element-caption\">L&rsquo;ancien emplacement du point d&rsquo;arr\u00eat, sur le Ravel actuel<\/figcaption><\/figure>\n<\/figure>\n","protected":false},"excerpt":{"rendered":"<p>Etabli \u00e0 Boussu, \u00e0 la bifurcation des branches vers Saint-Ghislain et vers Dour de la ligne 98, un point d\u2019arr\u00eat a \u00e9t\u00e9 ouvert en 1938 \u00e0 proximit\u00e9 du passage \u00e0 niveau de la rue des Chauffours pour desservir la clinique \u00e9ponyme. Le quai \u00e9tait situ\u00e9 le long de la voie vers Dour au pied du [&hellip;]<\/p>\n","protected":false},"author":1,"featured_media":1011,"comment_status":"closed","ping_status":"open","sticky":false,"template":"","format":"standard","meta":{"footnotes":""},"categories":[15,75],"tags":[],"class_list":["post-1008","post","type-post","status-publish","format-standard","has-post-thumbnail","hentry","category-ligne-098","category-qrcode"],"_links":{"self":[{"href":"https:\/\/www.lasagadesgares.be\/wordpress\/wp-json\/wp\/v2\/posts\/1008","targetHints":{"allow":["GET"]}}],"collection":[{"href":"https:\/\/www.lasagadesgares.be\/wordpress\/wp-json\/wp\/v2\/posts"}],"about":[{"href":"https:\/\/www.lasagadesgares.be\/wordpress\/wp-json\/wp\/v2\/types\/post"}],"author":[{"embeddable":true,"href":"https:\/\/www.lasagadesgares.be\/wordpress\/wp-json\/wp\/v2\/users\/1"}],"replies":[{"embeddable":true,"href":"https:\/\/www.lasagadesgares.be\/wordpress\/wp-json\/wp\/v2\/comments?post=1008"}],"version-history":[{"count":1,"href":"https:\/\/www.lasagadesgares.be\/wordpress\/wp-json\/wp\/v2\/posts\/1008\/revisions"}],"predecessor-version":[{"id":1012,"href":"https:\/\/www.lasagadesgares.be\/wordpress\/wp-json\/wp\/v2\/posts\/1008\/revisions\/1012"}],"wp:featuredmedia":[{"embeddable":true,"href":"https:\/\/www.lasagadesgares.be\/wordpress\/wp-json\/wp\/v2\/media\/1011"}],"wp:attachment":[{"href":"https:\/\/www.lasagadesgares.be\/wordpress\/wp-json\/wp\/v2\/media?parent=1008"}],"wp:term":[{"taxonomy":"category","embeddable":true,"href":"https:\/\/www.lasagadesgares.be\/wordpress\/wp-json\/wp\/v2\/categories?post=1008"},{"taxonomy":"post_tag","embeddable":true,"href":"https:\/\/www.lasagadesgares.be\/wordpress\/wp-json\/wp\/v2\/tags?post=1008"}],"curies":[{"name":"wp","href":"https:\/\/api.w.org\/{rel}","templated":true}]}}